{"id":2624,"date":"2015-09-25T12:26:24","date_gmt":"2015-09-25T12:26:24","guid":{"rendered":"http:\/\/kostolna.fara.sk\/?p=2624"},"modified":"2015-09-25T12:26:24","modified_gmt":"2015-09-25T12:26:24","slug":"vdakyvzdanie-za-urodu-halat-adtunk-a-termesert","status":"publish","type":"post","link":"https:\/\/www.farakostolna.sk\/?p=2624","title":{"rendered":"V\u010fakyvzdanie za \u00farodu \/ H\u00e1l\u00e1t adtunk a\u00a0term\u00e9s\u00e9rt"},"content":{"rendered":"<p>\t\t\t\t<a href=\"http:\/\/kostolna.fara.sk\/wp-content\/uploads\/2015\/10\/150927-005.jpg\"><img loading=\"lazy\" decoding=\"async\" class=\" size-thumbnail wp-image-2628 alignleft\" src=\"http:\/\/kostolna.fara.sk\/wp-content\/uploads\/2015\/10\/150927-005-150x150.jpg\" alt=\"150927 005\" width=\"150\" height=\"150\" \/><\/a>V\u00a0posledn\u00fd septembrov\u00fd t\u00fd\u017ede\u0148 sa konal 9. ro\u010dn\u00edk V\u00fdstavy ovocia zeleniny a\u00a0kvetov v\u00a0Hrubom \u0160\u00fare, ktor\u00e1 sa za\u010dala po\u017eehnan\u00edm plodov zeme. <!--more-->V\u00a0r\u00e1mci v\u00fdstavy v\u00a0nede\u013eu 27. septembra bola obetovan\u00e1 sv\u00e4t\u00e1 om\u0161a z\u00a0v\u010faky za \u00farodu. Na sv\u00e4tej om\u0161i u\u017e tradi\u010dne spolu s\u00a0obetn\u00fdmi darmi prin\u00e1\u0161ali k\u00a0olt\u00e1ru plody zeme predstavitelia miestnych z\u00e1hradk\u00e1rov a\u00a0vedenia obce.<\/p>\n<p><a href=\"https:\/\/goo.gl\/photos\/Zu1T7Mznh6YHMPU36\" target=\"_blank\" rel=\"noopener noreferrer\">Fotky \/ F\u00e9nyk\u00e9pek<\/a><\/p>\n<p>Szeptember utols\u00f3 h\u00e9tv\u00e9g\u00e9j\u00e9n rendezt\u00e9k meg a hegys\u00fari gy\u00fcm\u00f6lcs-, z\u00f6lds\u00e9g \u00e9s vir\u00e1gki\u00e1ll\u00edt\u00e1s kilencedik \u00e9vfolyam\u00e1t, amely m\u00e1r hagyom\u00e1nyosan a term\u00e9s meg\u00e1ld\u00e1s\u00e1val kezd\u0151d\u00f6tt. A ki\u00e1ll\u00edt\u00e1s m\u00e1sodik napj\u00e1n, vas\u00e1rnap az id\u00e9n is h\u00e1laad\u00f3 szentmis\u00e9n vehett\u00fcnk r\u00e9szt. Az \u00e1ldozati adom\u00e1nyokkal egy\u00fctt ilyenkor a f\u00f6ld term\u00e9seit is f\u00f6laj\u00e1nljuk, s azokat a helyi kiskert\u00e9szek szervezet\u00e9nek \u00e9s a falu vezet\u00e9s\u00e9nek tagjai viszik az olt\u00e1rhoz.<\/p>\n<p><em>Gujber Zsuzsa<\/em>\t\t\t\t<\/p>\n","protected":false},"excerpt":{"rendered":"<p>V\u00a0posledn\u00fd septembrov\u00fd t\u00fd\u017ede\u0148 sa konal 9. ro\u010dn\u00edk V\u00fdstavy ovocia zeleniny a\u00a0kvetov v\u00a0Hrubom \u0160\u00fare, ktor\u00e1 sa za\u010dala po\u017eehnan\u00edm plodov zeme.<\/p>\n","protected":false},"author":1,"featured_media":2628,"comment_status":"closed","ping_status":"closed","sticky":false,"template":"","format":"standard","meta":{"footnotes":""},"categories":[6],"tags":[24],"class_list":{"0":"entry","1":"post","2":"publish","3":"author-marian-jasenoveceltras-sk","4":"has-excerpt","5":"has-more-link","6":"post-2624","8":"format-standard","9":"has-post-thumbnail","10":"category-aktuality-sk","11":"post_tag-aktuality"},"_links":{"self":[{"href":"https:\/\/www.farakostolna.sk\/index.php?rest_route=\/wp\/v2\/posts\/2624","targetHints":{"allow":["GET"]}}],"collection":[{"href":"https:\/\/www.farakostolna.sk\/index.php?rest_route=\/wp\/v2\/posts"}],"about":[{"href":"https:\/\/www.farakostolna.sk\/index.php?rest_route=\/wp\/v2\/types\/post"}],"author":[{"embeddable":true,"href":"https:\/\/www.farakostolna.sk\/index.php?rest_route=\/wp\/v2\/users\/1"}],"replies":[{"embeddable":true,"href":"https:\/\/www.farakostolna.sk\/index.php?rest_route=%2Fwp%2Fv2%2Fcomments&post=2624"}],"version-history":[{"count":0,"href":"https:\/\/www.farakostolna.sk\/index.php?rest_route=\/wp\/v2\/posts\/2624\/revisions"}],"wp:featuredmedia":[{"embeddable":true,"href":"https:\/\/www.farakostolna.sk\/index.php?rest_route=\/"}],"wp:attachment":[{"href":"https:\/\/www.farakostolna.sk\/index.php?rest_route=%2Fwp%2Fv2%2Fmedia&parent=2624"}],"wp:term":[{"taxonomy":"category","embeddable":true,"href":"https:\/\/www.farakostolna.sk\/index.php?rest_route=%2Fwp%2Fv2%2Fcategories&post=2624"},{"taxonomy":"post_tag","embeddable":true,"href":"https:\/\/www.farakostolna.sk\/index.php?rest_route=%2Fwp%2Fv2%2Ftags&post=2624"}],"curies":[{"name":"wp","href":"https:\/\/api.w.org\/{rel}","templated":true}]}}