{"id":2621,"date":"2015-10-10T20:50:27","date_gmt":"2015-10-10T20:50:27","guid":{"rendered":"http:\/\/kostolna.fara.sk\/?p=2621"},"modified":"2015-10-10T20:50:27","modified_gmt":"2015-10-10T20:50:27","slug":"put-do-marianky-mariavolgyi-zarandoklat-2","status":"publish","type":"post","link":"https:\/\/www.farakostolna.sk\/?p=2621","title":{"rendered":"P\u00fa\u0165 do Marianky \/ M\u00e1riav\u00f6lgyi zar\u00e1ndoklat"},"content":{"rendered":"<p>\t\t\t\t<a href=\"http:\/\/kostolna.fara.sk\/wp-content\/uploads\/2015\/10\/P1090354.jpg\"><img loading=\"lazy\" decoding=\"async\" class=\" size-thumbnail wp-image-2622 alignleft\" src=\"http:\/\/kostolna.fara.sk\/wp-content\/uploads\/2015\/10\/P1090354-150x150.jpg\" alt=\"P1090354\" width=\"150\" height=\"150\" \/><\/a>Ka\u017ed\u00fd rok sa z\u00fa\u010dastn\u00ed viac a viac p\u00fatnikov na p\u00fati pri pr\u00edle\u017eitosti sviatku Patr\u00f3nky Ma\u010farov v\u00a0Marianke. <!--more-->Aj tento rok nav\u0161t\u00edvilo pribli\u017ene 3 000 veriacich toto starovek\u00e9 p\u00fatnick\u00e9 miesto nach\u00e1dzaj\u00face sa na \u00fap\u00e4t\u00ed Mal\u00fdch Karp\u00e1t, kde kr\u00e1\u013e Lip\u00f3t I. v 1687 po osloboden\u00ed od tureckej nadvl\u00e1dy znovu odovzdal Ma\u010farsko pod ochranu Panny M\u00e1rie. Hlavn\u00fdm celebrantom sl\u00e1vnostnej sv\u00e4tej om\u0161e, bol Gy\u00f6rgy Snell ostrihomsko-budape\u0161tiansky pomocn\u00fd biskup.<\/p>\n<p><a href=\"https:\/\/goo.gl\/photos\/9cAdupS8M8g6oGdt7\" target=\"_blank\" rel=\"noopener noreferrer\">Fotky \/ F\u00e9nyk\u00e9pek:<\/a> Duray Rezs\u0151<\/p>\n<p>\u00c9vr\u0151l \u00e9vre t\u00f6bben \u00e9s t\u00f6bben vesznek r\u00e9szt a Magyarok Nagyasszonya \u00fcnnepe alkalm\u00e1b\u00f3l meghirdetett m\u00e1riav\u00f6lgyi zar\u00e1ndoklaton. Az aut\u00f3buszok sz\u00e1m\u00e1b\u00f3l is kiindulva id\u00e9n is k\u00f6zel h\u00e1romezer h\u00edv\u0151 l\u00e1togatott el a\u00a0Kis-K\u00e1rp\u00e1tok nyugati ny\u00falv\u00e1nyain\u00e1l fekv\u0151 \u0151si kegyhelyre, ahol I. Lip\u00f3t kir\u00e1ly 1687-ben a\u00a0t\u00f6r\u00f6k\u00f6k al\u00f3l val\u00f3 felszabadul\u00e1s ut\u00e1n \u00fajra felaj\u00e1nlotta Magyarorsz\u00e1got Sz\u0171z M\u00e1ri\u00e1nak. A szabadt\u00e9ri \u00fcnnepi szentmise amelynek f\u0151celebr\u00e1nsa Snell Gy\u00f6rgy esztergom\u2013b<em>udapesti seg\u00e9dp\u00fcsp\u00f6k volt, <\/em>a himnuszok \u00e9s a Sz\u00f3zat el\u00e9nekl\u00e9s\u00e9vel \u00e9rt v\u00e9get.<\/p>\n<p><em>Duray Rezs\u0151<\/em>\t\t\t\t<\/p>\n","protected":false},"excerpt":{"rendered":"<p>Ka\u017ed\u00fd rok sa z\u00fa\u010dastn\u00ed viac a viac p\u00fatnikov na p\u00fati pri pr\u00edle\u017eitosti sviatku Patr\u00f3nky Ma\u010farov v\u00a0Marianke.<\/p>\n","protected":false},"author":1,"featured_media":2622,"comment_status":"closed","ping_status":"closed","sticky":false,"template":"","format":"standard","meta":{"footnotes":""},"categories":[6],"tags":[24],"class_list":{"0":"entry","1":"post","2":"publish","3":"author-marian-jasenoveceltras-sk","4":"has-excerpt","5":"has-more-link","6":"post-2621","8":"format-standard","9":"has-post-thumbnail","10":"category-aktuality-sk","11":"post_tag-aktuality"},"_links":{"self":[{"href":"https:\/\/www.farakostolna.sk\/index.php?rest_route=\/wp\/v2\/posts\/2621","targetHints":{"allow":["GET"]}}],"collection":[{"href":"https:\/\/www.farakostolna.sk\/index.php?rest_route=\/wp\/v2\/posts"}],"about":[{"href":"https:\/\/www.farakostolna.sk\/index.php?rest_route=\/wp\/v2\/types\/post"}],"author":[{"embeddable":true,"href":"https:\/\/www.farakostolna.sk\/index.php?rest_route=\/wp\/v2\/users\/1"}],"replies":[{"embeddable":true,"href":"https:\/\/www.farakostolna.sk\/index.php?rest_route=%2Fwp%2Fv2%2Fcomments&post=2621"}],"version-history":[{"count":0,"href":"https:\/\/www.farakostolna.sk\/index.php?rest_route=\/wp\/v2\/posts\/2621\/revisions"}],"wp:featuredmedia":[{"embeddable":true,"href":"https:\/\/www.farakostolna.sk\/index.php?rest_route=\/"}],"wp:attachment":[{"href":"https:\/\/www.farakostolna.sk\/index.php?rest_route=%2Fwp%2Fv2%2Fmedia&parent=2621"}],"wp:term":[{"taxonomy":"category","embeddable":true,"href":"https:\/\/www.farakostolna.sk\/index.php?rest_route=%2Fwp%2Fv2%2Fcategories&post=2621"},{"taxonomy":"post_tag","embeddable":true,"href":"https:\/\/www.farakostolna.sk\/index.php?rest_route=%2Fwp%2Fv2%2Ftags&post=2621"}],"curies":[{"name":"wp","href":"https:\/\/api.w.org\/{rel}","templated":true}]}}