{"id":2599,"date":"2015-09-15T14:31:31","date_gmt":"2015-09-15T14:31:31","guid":{"rendered":"http:\/\/kostolna.fara.sk\/?p=2599"},"modified":"2015-09-15T14:31:31","modified_gmt":"2015-09-15T14:31:31","slug":"nedela-s-barokovou-hudbou-a-barokk-zene-buvoleteben","status":"publish","type":"post","link":"https:\/\/www.farakostolna.sk\/?p=2599","title":{"rendered":"Nede\u013ea s barokovou hudbou \/ A barokk zene b\u0171v\u00f6let\u00e9ben"},"content":{"rendered":"<p>\t\t\t\t<a href=\"http:\/\/kostolna.fara.sk\/wp-content\/uploads\/2015\/09\/DSC07641.jpg\"><img loading=\"lazy\" decoding=\"async\" class=\" size-thumbnail wp-image-2613 alignleft\" src=\"http:\/\/kostolna.fara.sk\/wp-content\/uploads\/2015\/09\/DSC07641-150x150.jpg\" alt=\"DSC07641\" width=\"150\" height=\"150\" \/><\/a>Kostol Panny M\u00e1rie Ru\u017eencovej v Kostolnej pri Dunaji v\u00a0nede\u013eu 20. septembra 2015 o\u017eil barokovou hudbou. <!--more-->Skupina piatich mlad\u00fdch hudobn\u00edkov vystupuj\u00faca pod n\u00e1zvom <em>Il Cuore Barocco<\/em> (Barokov\u00e9 srdce) si z\u00edskala svojou hrou pozornos\u0165 veriacich hne\u010f od za\u010diatku. Po\u010das sv\u00e4tej om\u0161e na barokov\u00e9 husle zahral <em>Peter Zelenka<\/em> a\u00a0<em>Adam Szendrei<\/em>, na violon\u010delo <em>Tom\u00e1\u0161 Kardo\u0161<\/em>, na spinet <em>Jana Zelenkov\u00e1<\/em> a\u00a0na theorbu a\u00a0barokov\u00fa gitaru hral <em>Jakub Mitr\u00edk<\/em>.<\/p>\n<p>Ku sviato\u010dnej nede\u013enej atmosf\u00e9re pridali mlad\u00ed \u013eudia za historick\u00fdmi hudobn\u00fdmi n\u00e1strojmi neoby\u010dajn\u00fd hudobn\u00fd z\u00e1\u017eitok. Barokov\u00e9 srdce pod veden\u00edm umeleck\u00e9ho ved\u00faceho <em>Tom\u00e1\u0161a Kardo\u0161a<\/em> z\u00a0Kr\u00e1\u013eovej pri Senci m\u00e1 za cie\u013e pribl\u00ed\u017ei\u0165 posluch\u00e1\u010dom hudbu minul\u00fdch storo\u010d\u00ed a vzbudi\u0165 aj v\u00a0laickej verejnosti z\u00e1ujem o\u00a0hudbu u\u00a0n\u00e1s menej hr\u00e1van\u00fa. Tento ich cie\u013e sa im v\u00a0Kostolnej nepochybne podaril naplni\u0165. V\u00a0ich podan\u00ed zazneli diela <em>Antonia Vivaldiho, Arcangela Corelliho<\/em> a\u00a0<em>Torquinia Merulu<\/em>. Sympatick\u00ed hudobn\u00edci do koncertu vlo\u017eili kus svojho srdca a\u00a0ich prec\u00edten\u00e1 interpret\u00e1cia skladieb star\u00fdch majstrov odp\u00fatavala my\u0161lienky od pozemsk\u00e9ho sveta. Po sv\u00e4tej om\u0161i sa konal kr\u00e1tky koncert, kde dominovala hudba Antonia Vivaldiho. V\u010faka nesmrte\u013en\u00e9mu skladate\u013eovi vz\u00e1cnych hudobn\u00fdch skladieb a\u00a0predov\u0161etk\u00fdm v\u010faka t\u00fdm, ktor\u00ed nenech\u00e1vaj\u00fa tieto hudobn\u00e9 poklady zapadn\u00fa\u0165 prachom, sa v\u00a0Kostolnej pri Dunaji podarilo uskuto\u010dni\u0165 nev\u0161edn\u00fd koncert, ktor\u00fd nadlho utkvie v\u00a0pam\u00e4ti v\u0161etk\u00fdch, ktor\u00ed mali to \u0161\u0165astie a\u00a0mohli sa ho z\u00fa\u010dastni\u0165.<\/p>\n<p><em>Katar\u00edna Kraj\u010d\u00edrov\u00e1<\/em><\/p>\n<p><a href=\"https:\/\/goo.gl\/photos\/94AmGdsCHuJTMr736\" target=\"_blank\" rel=\"noopener noreferrer\">Fotky\/F\u00e9nyk\u00e9pek:<\/a><\/p>\n<p>Barokk zene csend\u00fclt fel az egyh\u00e1zfai R\u00f3zsaf\u00fcz\u00e9r Kir\u00e1lyn\u0151je-pl\u00e9b\u00e1niatemplomban szeptember 20-\u00e1n, vas\u00e1rnap az <em>Il Cuore Barocco<\/em> (Barokk Sz\u00edv) n\u00e9ven zen\u00e9l\u0151 \u00f6t fiatal m\u0171v\u00e9sznek k\u00f6sz\u00f6nhet\u0151en.<\/p>\n<p>A kir\u00e1lyfai <em>Tom\u00e1\u0161 Kardo\u0161<\/em> m\u0171v\u00e9szeti vezet\u0151 \u00e1ltal ir\u00e1ny\u00edtott form\u00e1ci\u00f3 c\u00e9lja k\u00f6zelebb hozni a hallgat\u00f3s\u00e1ghoz a m\u00falt sz\u00e1zadok zen\u00e9j\u00e9t, \u00e9s felkelteni a laikus k\u00f6z\u00f6ns\u00e9g \u00e9rdekl\u0151d\u00e9s\u00e9t a n\u00e1lunk ritk\u00e1bban j\u00e1tszott zene ir\u00e1nt. Egyh\u00e1zf\u00e1n mindezt k\u00e9ts\u00e9gk\u00edv\u00fcl el\u00e9rte. A szentmise keret\u00e9ben <em>Vivaldi, Corelli<\/em> \u00e9s <em>Merula<\/em> m\u0171vei hangzottak el el\u0151ad\u00e1s\u00e1ban, m\u00edg a szentmis\u00e9t k\u00f6vet\u0151 r\u00f6vid koncerten Vivaldi m\u0171vei domin\u00e1ltak. A szimpatikus, t\u00f6rt\u00e9nelmi hangszereket megsz\u00f3laltat\u00f3 m\u0171v\u00e9szek val\u00f3ban sz\u00edvb\u0151l zen\u00e9ltek, s a r\u00e9gi mesterek m\u0171vei elterelt\u00e9k gondolatainkat a f\u00f6ldi \u00e9letr\u0151l. A halhatatlan zeneszerz\u0151k m\u0171veinek, s els\u0151sorban azoknak k\u00f6sz\u00f6nhet\u0151en, akik nem hagyj\u00e1k a feled\u00e9s hom\u00e1ly\u00e1ba mer\u00fclni ezeket a zenei kincseket, nem mindennapi koncert r\u00e9szesei lehett\u00fcnk Egyh\u00e1zf\u00e1n, amely hossz\u00fa id\u0151re bev\u00e9s\u0151dik eml\u00e9kezet\u00fcnkbe.\t\t\t\t<\/p>\n","protected":false},"excerpt":{"rendered":"<p>Kostol Panny M\u00e1rie Ru\u017eencovej v Kostolnej pri Dunaji v\u00a0nede\u013eu 20. septembra 2015 o\u017eil barokovou hudbou.<\/p>\n","protected":false},"author":1,"featured_media":2613,"comment_status":"closed","ping_status":"closed","sticky":false,"template":"","format":"standard","meta":{"footnotes":""},"categories":[6],"tags":[24],"class_list":{"0":"entry","1":"post","2":"publish","3":"author-marian-jasenoveceltras-sk","4":"has-excerpt","5":"has-more-link","6":"post-2599","8":"format-standard","9":"has-post-thumbnail","10":"category-aktuality-sk","11":"post_tag-aktuality"},"_links":{"self":[{"href":"https:\/\/www.farakostolna.sk\/index.php?rest_route=\/wp\/v2\/posts\/2599","targetHints":{"allow":["GET"]}}],"collection":[{"href":"https:\/\/www.farakostolna.sk\/index.php?rest_route=\/wp\/v2\/posts"}],"about":[{"href":"https:\/\/www.farakostolna.sk\/index.php?rest_route=\/wp\/v2\/types\/post"}],"author":[{"embeddable":true,"href":"https:\/\/www.farakostolna.sk\/index.php?rest_route=\/wp\/v2\/users\/1"}],"replies":[{"embeddable":true,"href":"https:\/\/www.farakostolna.sk\/index.php?rest_route=%2Fwp%2Fv2%2Fcomments&post=2599"}],"version-history":[{"count":0,"href":"https:\/\/www.farakostolna.sk\/index.php?rest_route=\/wp\/v2\/posts\/2599\/revisions"}],"wp:featuredmedia":[{"embeddable":true,"href":"https:\/\/www.farakostolna.sk\/index.php?rest_route=\/"}],"wp:attachment":[{"href":"https:\/\/www.farakostolna.sk\/index.php?rest_route=%2Fwp%2Fv2%2Fmedia&parent=2599"}],"wp:term":[{"taxonomy":"category","embeddable":true,"href":"https:\/\/www.farakostolna.sk\/index.php?rest_route=%2Fwp%2Fv2%2Fcategories&post=2599"},{"taxonomy":"post_tag","embeddable":true,"href":"https:\/\/www.farakostolna.sk\/index.php?rest_route=%2Fwp%2Fv2%2Ftags&post=2599"}],"curies":[{"name":"wp","href":"https:\/\/api.w.org\/{rel}","templated":true}]}}