{"id":2595,"date":"2015-09-20T14:28:30","date_gmt":"2015-09-20T14:28:30","guid":{"rendered":"http:\/\/kostolna.fara.sk\/?p=2595"},"modified":"2015-09-20T14:28:30","modified_gmt":"2015-09-20T14:28:30","slug":"pochod-za-zivot-2015-menet-az-eletert","status":"publish","type":"post","link":"https:\/\/www.farakostolna.sk\/?p=2595","title":{"rendered":"Pochod za \u017eivot 2015 \/ Menet az \u00e9let\u00e9rt"},"content":{"rendered":"<p>\t\t\t\t<a href=\"http:\/\/kostolna.fara.sk\/wp-content\/uploads\/2015\/10\/150920-019.jpg\"><img loading=\"lazy\" decoding=\"async\" class=\" size-thumbnail wp-image-2591 alignleft\" src=\"http:\/\/kostolna.fara.sk\/wp-content\/uploads\/2015\/10\/150920-019-150x150.jpg\" alt=\"150920 019\" width=\"150\" height=\"150\" \/><\/a>Bojova\u0165 za \u017eivot pochodovan\u00edm je mo\u017eno na prv\u00fd poh\u013ead nepotrebn\u00e9 \u2013 v\u0161ak nejde o n\u00e1\u0161 \u017eivot. <!--more-->Naozaj nie? Ide mo\u017eno o viac \u2013 ide o vz\u0165ah a postoj celej na\u0161ej spolo\u010dnosti k tomuto vz\u00e1cnemu daru, ktor\u00fd berieme mo\u017eno a\u017e pr\u00edli\u0161 samozrejme. Ide o na\u0161u bud\u00facnos\u0165 a nastavenie hodn\u00f4t.<\/p>\n<p>V nede\u013eu 20. septembra v Bratislave sme boli manifestova\u0165 ako jedna ve\u013ek\u00e1 farsk\u00e1 rodina na\u0161u v\u00fdzvu na ochranu \u017eivota. To, \u017ee \u013eu\u010fom nie je \u00facta k \u017eivotu \u013eahostajn\u00e1, dokazuje aj vysok\u00e1 \u00fa\u010das\u0165 odhadovan\u00e1 na 70 a\u017e 85 tis\u00edc \u00fa\u010dastn\u00edkov. Takto sme cel\u00e9mu Slovensku vyslali jasn\u00fd sign\u00e1l, \u017ee pre ochranu \u017eivota treba nie\u010do urobi\u0165. Z\u00e1stupcovia profesion\u00e1lnych zdru\u017een\u00ed, ktor\u00e9 u\u017e roky pom\u00e1haj\u00fa \u013eu\u010fom v r\u00f4znych \u0165a\u017ek\u00fdch \u017eivotn\u00fdch situ\u00e1ci\u00e1ch a lobuj\u00fa za lep\u0161ie z\u00e1kony v oblasti ochrany \u017eivota takto od n\u00e1s v\u0161etk\u00fdch dostali siln\u00fd mand\u00e1t \u2013 \u201echceme spolo\u010dnos\u0165, ktor\u00e1 nezab\u00edja deti v lon\u00e1ch matky a star\u00fdch a chor\u00fdch m\u00e1 v \u00facte\u201c.<\/p>\n<p>Ver\u00edm, \u017ee v\u0161etci z\u00fa\u010dastnen\u00ed nabrali pozit\u00edvnu energiu, ktor\u00fa vyu\u017eij\u00fa pri \u0161\u00edren\u00ed radosti, ktorou je \u017dIVOT.<\/p>\n<p><em>Martin \u0160i\u0161ka<\/em><\/p>\n<p><a href=\"https:\/\/goo.gl\/photos\/jFT1WHroq4j62ahz8\" target=\"_blank\" rel=\"noopener noreferrer\">Fotky\/F\u00e9nyk\u00e9kek:<\/a><\/p>\n<p>Tal\u00e1n sz\u00fcks\u00e9gtelennek t\u0171nik menetel\u00e9ssel harcolni az \u00e9let\u00e9rt \u2013 hiszen nem a mi \u00e9let\u00fcnkr\u0151l van sz\u00f3. Val\u00f3ban nem? Tal\u00e1n m\u00e9g t\u00f6bbr\u0151l is \u2013 eg\u00e9sz t\u00e1rsadalmunk hozz\u00e1\u00e1ll\u00e1s\u00e1r\u00f3l ehhez az \u00e9rt\u00e9kes aj\u00e1nd\u00e9khoz, amelyet t\u00fals\u00e1gosan is mag\u00e1t\u00f3l \u00e9rtet\u0151d\u0151nek vesz\u00fcnk. J\u00f6v\u0151nkr\u0151l \u00e9s \u00e9rt\u00e9keinkr\u0151l van sz\u00f3.<\/p>\n<p>Szeptember 20-\u00e1n, vas\u00e1rnap egy nagy csal\u00e1dk\u00e9nt vett\u00fcnk r\u00e9szt pl\u00e9b\u00e1niak\u00f6zs\u00e9g\u00fcnk tagjaival a pozsonyi Meneten az \u00c9let\u00e9rt, hogy kinyilv\u00e1n\u00edtsuk meggy\u0151z\u0151d\u00e9s\u00fcnket, hogy az \u00e9letet v\u00e9deni kell. Azt, hogy az embereknek nem k\u00f6z\u00f6mb\u00f6s az \u00e9let ir\u00e1nti tisztelet, bizony\u00edtja a magas sz\u00e1m\u00fa r\u00e9szv\u00e9tel, amely a becsl\u00e9sek szerint el\u00e9rhette a 70\u201385 ezer f\u0151t. \u00cdgy az eg\u00e9sz orsz\u00e1gnak vil\u00e1gosan a tudt\u00e1ra adtuk, hogy tenni kell valamit az \u00e9let v\u00e9delm\u00e9\u00e9rt. Azok a szakemberekb\u0151l \u00e1ll\u00f3 egyes\u00fcletek, amelyek m\u00e1r \u00e9vek \u00f3ta a neh\u00e9z helyzetbe ker\u00fclt embereknek ny\u00fajtanak seg\u00edts\u00e9get, \u00e9s jobb t\u00f6rv\u00e9nyek\u00e9rt k\u00fczdenek az \u00e9let v\u00e9delme ter\u00fclet\u00e9n, mindannyiunkt\u00f3l komoly megb\u00edz\u00e1st kaptak: \u201eolyan t\u00e1rsadalmat szeretn\u00e9nk, amely nem \u00f6li meg a gyermekeket \u00e9desanyjuk m\u00e9h\u00e9ben, s tiszteli a betegeket \u00e9s \u00f6regeket\u201d.<\/p>\n<p>Hiszem, hogy minden r\u00e9sztvev\u0151 felt\u00f6lt\u0151d\u00f6tt pozit\u00edv energi\u00e1val, amelyet majd felhaszn\u00e1l az \u00f6r\u00f6m terjeszt\u00e9s\u00e9n\u00e9l, amely maga az \u00c9LET.\t\t\t\t<\/p>\n","protected":false},"excerpt":{"rendered":"<p>Bojova\u0165 za \u017eivot pochodovan\u00edm je mo\u017eno na prv\u00fd poh\u013ead nepotrebn\u00e9 \u2013 v\u0161ak nejde o n\u00e1\u0161 \u017eivot.<\/p>\n","protected":false},"author":1,"featured_media":2591,"comment_status":"closed","ping_status":"closed","sticky":false,"template":"","format":"standard","meta":{"footnotes":""},"categories":[6],"tags":[24],"class_list":{"0":"entry","1":"post","2":"publish","3":"author-marian-jasenoveceltras-sk","4":"has-excerpt","5":"has-more-link","6":"post-2595","8":"format-standard","9":"has-post-thumbnail","10":"category-aktuality-sk","11":"post_tag-aktuality"},"_links":{"self":[{"href":"https:\/\/www.farakostolna.sk\/index.php?rest_route=\/wp\/v2\/posts\/2595","targetHints":{"allow":["GET"]}}],"collection":[{"href":"https:\/\/www.farakostolna.sk\/index.php?rest_route=\/wp\/v2\/posts"}],"about":[{"href":"https:\/\/www.farakostolna.sk\/index.php?rest_route=\/wp\/v2\/types\/post"}],"author":[{"embeddable":true,"href":"https:\/\/www.farakostolna.sk\/index.php?rest_route=\/wp\/v2\/users\/1"}],"replies":[{"embeddable":true,"href":"https:\/\/www.farakostolna.sk\/index.php?rest_route=%2Fwp%2Fv2%2Fcomments&post=2595"}],"version-history":[{"count":0,"href":"https:\/\/www.farakostolna.sk\/index.php?rest_route=\/wp\/v2\/posts\/2595\/revisions"}],"wp:featuredmedia":[{"embeddable":true,"href":"https:\/\/www.farakostolna.sk\/index.php?rest_route=\/"}],"wp:attachment":[{"href":"https:\/\/www.farakostolna.sk\/index.php?rest_route=%2Fwp%2Fv2%2Fmedia&parent=2595"}],"wp:term":[{"taxonomy":"category","embeddable":true,"href":"https:\/\/www.farakostolna.sk\/index.php?rest_route=%2Fwp%2Fv2%2Fcategories&post=2595"},{"taxonomy":"post_tag","embeddable":true,"href":"https:\/\/www.farakostolna.sk\/index.php?rest_route=%2Fwp%2Fv2%2Ftags&post=2595"}],"curies":[{"name":"wp","href":"https:\/\/api.w.org\/{rel}","templated":true}]}}