{"id":2590,"date":"2015-09-15T13:58:59","date_gmt":"2015-09-15T13:58:59","guid":{"rendered":"http:\/\/kostolna.fara.sk\/?p=2590"},"modified":"2015-09-15T13:58:59","modified_gmt":"2015-09-15T13:58:59","slug":"opat-sastinismet-sasvar","status":"publish","type":"post","link":"https:\/\/www.farakostolna.sk\/?p=2590","title":{"rendered":"Op\u00e4\u0165 \u0160a\u0161t\u00edn\/Ism\u00e9t Sasv\u00e1r"},"content":{"rendered":"<p>\t\t\t\t<a href=\"http:\/\/kostolna.fara.sk\/wp-content\/uploads\/2015\/09\/DSC01550.jpg\"><img loading=\"lazy\" decoding=\"async\" class=\" size-thumbnail wp-image-2604 alignleft\" src=\"http:\/\/kostolna.fara.sk\/wp-content\/uploads\/2015\/09\/DSC01550-150x150.jpg\" alt=\"DSC01550\" width=\"150\" height=\"150\" \/><\/a>Mo\u017eno ste o n\u00e1rodnej p\u00fati do \u0160a\u0161t\u00edna iba \u010d\u00edtali, mo\u017eno po\u010duli, videli v spr\u00e1vach, \u010di dokonca v priamom prenose. <!--more-->Re\u010dou \u0161portovcov v\u0161ak poviem, \u017ee to treba za\u017ei\u0165 na mieste. Jednotu tis\u00edciek kres\u0165anov, ktor\u00ed sa jednomyse\u013ene a jednohlasne modlia, spievaj\u00fa a predov\u0161etk\u00fdm na\u010d\u00favaj\u00fa Bo\u017eiemu slovu.<\/p>\n<p>Na\u0161i farn\u00edci, kde nech\u00fdbali ani na\u0161i kandid\u00e1ti na birmovku, za\u017eili op\u00e4\u0165 t\u00fato udalos\u0165. Znovu sme sa mohli povzbudi\u0165 vo viere, n\u00e1deji a l\u00e1ske. V\u0161etk\u00fdch sa hlboko dotkli slov\u00e1 prednesen\u00e9 v hom\u00edlii predsedaj\u00facim biskupom Cyrilom Vasi\u013eom. Podarilo sa mu v\u00fdsti\u017ene prednies\u0165 v\u0161etky<br \/>\nna\u0161e bolesti a s\u00fa\u010dasne poprosi\u0165 Bohorodi\u010dku o orodovanie a pomoc nielen pre z\u00fa\u010dastnen\u00fdch, ale aj pre cel\u00e9 Slovensko. Zverenie sa Slovenska Panne M\u00e1rii sme uskuto\u010dnili spolo\u010dnou modlitbou zasv\u00e4tenia.<\/p>\n<p><iframe loading=\"lazy\" width=\"560\" height=\"315\" src=\"https:\/\/www.youtube.com\/embed\/M180GJq7eXk\" frameborder=\"0\" allowfullscreen><\/iframe><\/p>\n<p>Mysl\u00edm si, \u017ee v\u0161etci odch\u00e1dzali duchovne povzbuden\u00ed a obohaten\u00ed. Zost\u00e1va d\u00fafa\u0165, \u017ee vypo\u010dut\u00e9 slov\u00e1 si zober\u00fa k srdcu nielen veriaci, ale aj politici, ktor\u00fdch najvy\u0161\u0161\u00ed z\u00e1stupcovia boli tie\u017e pr\u00edtomn\u00ed na sl\u00e1vnostnej sv\u00e4tej om\u0161i.<\/p>\n<p>Patr\u00f3nka Slovenska je s\u00edce Sedembolestn\u00e1 Panna M\u00e1ria, ale kres\u0165anom nech\u00fdba rados\u0165 zo \u017eivota. Toto sa prejavilo aj pri skupinovej jazde mlad\u00fdch p\u00fatnikov na miestnych koloto\u010doch, kde nech\u00fdbal ani n\u00e1\u0161 p\u00e1n far\u00e1r. Je to neuverite\u013en\u00e9, ale t\u00fato pozit\u00edvnu energiu zachytili aj v telev\u00edznych novin\u00e1ch, ktor\u00e9 b\u00fdvaj\u00fa laden\u00e9 protikres\u0165ansky.<\/p>\n<p><em>M\u0160<\/em><\/p>\n<p><a href=\"https:\/\/goo.gl\/photos\/XnkFFzwjP4PJU63w6\" target=\"_blank\" rel=\"noopener noreferrer\">Fotky\/F\u00e9nyk\u00e9pek:<\/a><br \/>\n<iframe loading=\"lazy\" src=\"https:\/\/www.youtube.com\/embed\/JzYkbQ8aJIA\" width=\"560\" height=\"315\" frameborder=\"0\" allowfullscreen=\"allowfullscreen\"><\/iframe><\/p>\n<p>Szeptember 15-\u00e9n, a h\u00e9tf\u00e1jdalm\u00fa Sz\u0171zanya \u00fcnnep\u00e9n, pl\u00e9b\u00e1niak\u00f6zs\u00e9g\u00fcnk tagjai \u2013 k\u00f6zt\u00fck a leend\u0151 b\u00e9rm\u00e1lkoz\u00f3k \u2013 ism\u00e9t elzar\u00e1ndokoltak Sasv\u00e1rra, ahol megtapasztalhatt\u00e1k t\u00f6bb ezer kereszt\u00e9ny egys\u00e9g\u00e9t, akik egyszerre im\u00e1dkoznak, \u00e9nekelnek \u00e9s hallgatj\u00e1k Isten ig\u00e9j\u00e9t.<\/p>\n<p>Cyril Vasi\u013e p\u00fcsp\u00f6k atya szavai, aki tal\u00e1l\u00f3an megnevezte f\u00e1jdalmainkat, s k\u00e9rte az Istensz\u00fcl\u0151 k\u00f6zbenj\u00e1r\u00e1s\u00e1t, mindannyiunkat m\u00e9lyen meg\u00e9rintettek. Majd k\u00f6z\u00f6s im\u00e1val Sz\u0171z M\u00e1ri\u00e1nak aj\u00e1nlottuk az orsz\u00e1got.<\/p>\n<p>\u00dagy gondolom, hogy mindenki lelkiekben gazdagodva t\u00e9rt haza. Rem\u00e9lem, a jelen l\u00e9v\u0151 politikusok is megsz\u00edvelik a hallottakat.<\/p>\n<p>Szlov\u00e1kia v\u00e9d\u0151szentje a f\u00e1jdalmas Sz\u0171zanya, a kereszt\u00e9nyekb\u0151l azonban nem hi\u00e1nyozhat az \u00e9let\u00f6r\u00f6m. Ez j\u00f3l kifejez\u0151d\u00f6tt a fiatal zar\u00e1ndokok k\u00f6r\u00e9ben, akik pl\u00e9b\u00e1nos urunkkal egyetemben kipr\u00f3b\u00e1lt\u00e1k a helysz\u00ednen l\u00e9v\u0151 hint\u00e1kat. Szinte hihetetlen, de ezt a pozit\u00edv energi\u00e1t az \u00e1ltal\u00e1ban kereszt\u00e9nyellenesen hangolt t\u00e9v\u00e9h\u00edrad\u00f3ban is kiemelt\u00e9k.\t\t\t\t<\/p>\n","protected":false},"excerpt":{"rendered":"<p>Mo\u017eno ste o n\u00e1rodnej p\u00fati do \u0160a\u0161t\u00edna iba \u010d\u00edtali, mo\u017eno po\u010duli, videli v spr\u00e1vach, \u010di dokonca v priamom prenose.<\/p>\n","protected":false},"author":1,"featured_media":2604,"comment_status":"closed","ping_status":"closed","sticky":false,"template":"","format":"standard","meta":{"footnotes":""},"categories":[6],"tags":[24],"class_list":{"0":"entry","1":"post","2":"publish","3":"author-marian-jasenoveceltras-sk","4":"has-excerpt","5":"has-more-link","6":"post-2590","8":"format-standard","9":"has-post-thumbnail","10":"category-aktuality-sk","11":"post_tag-aktuality"},"_links":{"self":[{"href":"https:\/\/www.farakostolna.sk\/index.php?rest_route=\/wp\/v2\/posts\/2590","targetHints":{"allow":["GET"]}}],"collection":[{"href":"https:\/\/www.farakostolna.sk\/index.php?rest_route=\/wp\/v2\/posts"}],"about":[{"href":"https:\/\/www.farakostolna.sk\/index.php?rest_route=\/wp\/v2\/types\/post"}],"author":[{"embeddable":true,"href":"https:\/\/www.farakostolna.sk\/index.php?rest_route=\/wp\/v2\/users\/1"}],"replies":[{"embeddable":true,"href":"https:\/\/www.farakostolna.sk\/index.php?rest_route=%2Fwp%2Fv2%2Fcomments&post=2590"}],"version-history":[{"count":0,"href":"https:\/\/www.farakostolna.sk\/index.php?rest_route=\/wp\/v2\/posts\/2590\/revisions"}],"wp:featuredmedia":[{"embeddable":true,"href":"https:\/\/www.farakostolna.sk\/index.php?rest_route=\/"}],"wp:attachment":[{"href":"https:\/\/www.farakostolna.sk\/index.php?rest_route=%2Fwp%2Fv2%2Fmedia&parent=2590"}],"wp:term":[{"taxonomy":"category","embeddable":true,"href":"https:\/\/www.farakostolna.sk\/index.php?rest_route=%2Fwp%2Fv2%2Fcategories&post=2590"},{"taxonomy":"post_tag","embeddable":true,"href":"https:\/\/www.farakostolna.sk\/index.php?rest_route=%2Fwp%2Fv2%2Ftags&post=2590"}],"curies":[{"name":"wp","href":"https:\/\/api.w.org\/{rel}","templated":true}]}}