{"id":2581,"date":"2015-10-04T20:31:17","date_gmt":"2015-10-04T20:31:17","guid":{"rendered":"http:\/\/kostolna.fara.sk\/?p=2581"},"modified":"2015-10-04T20:31:17","modified_gmt":"2015-10-04T20:31:17","slug":"farske-hody-2015","status":"publish","type":"post","link":"https:\/\/www.farakostolna.sk\/?p=2581","title":{"rendered":"Farsk\u00e9 hody 2015 \/ Pl\u00e9b\u00e1niak\u00f6zs\u00e9gi b\u00facs\u00fa"},"content":{"rendered":"<p>\t\t\t\t<a href=\"http:\/\/kostolna.fara.sk\/wp-content\/uploads\/2015\/10\/IMG_5447.jpg\"><img loading=\"lazy\" decoding=\"async\" class=\" size-thumbnail wp-image-2585 alignleft\" src=\"http:\/\/kostolna.fara.sk\/wp-content\/uploads\/2015\/10\/IMG_5447-150x150.jpg\" alt=\"IMG_5447\" width=\"150\" height=\"150\" \/><\/a>Hodov\u00e1 sv\u00e4t\u00e1 om\u0161a&#8230; alebo sv\u00e4t\u00e1 om\u0161a v\u00a0obdob\u00ed hodov. <!--more-->Je to pekn\u00e1 trad\u00edcia a\u00a0v\u0161etk\u00fdch by n\u00e1s mala naplni\u0165 pokorou a rados\u0165ou, preto\u017ee sa sna\u017e\u00edme \u00faprimne \u010fakova\u0165 a\u00a0oslavova\u0165. Je tu \u010das, kedy sa \u013eudia po dlhej a\u00a0nam\u00e1havej pr\u00e1ci po\u010das roka te\u0161ia z\u00a0\u00farody a\u00a0nech je jej mno\u017estvo ak\u00e9ko\u013evek, v\u017edy je za \u010do \u010fakova\u0165. A\u00a0\u017ee sa 4. okt\u00f3bra konala v\u00a0na\u0161ej farnosti naozaj ve\u013ek\u00e1 sl\u00e1vnos\u0165 bolo po\u010du\u0165, vidie\u0165 aj c\u00edti\u0165. Hne\u010f na za\u010diatku sa kostolom rozozvu\u010dal kr\u00e1sny a\u00a0vesel\u00fd spev spevokolu Rados\u0165 zo Senca. Sprev\u00e1dzali celou sv\u00e4tou om\u0161ou a veru priniesli rados\u0165. Ke\u010f sa prin\u00e1\u0161ali obetn\u00e9 dary po\u010das om\u0161e, uvedomila som si, \u017ee v\u0161etka t\u00e1 n\u00e1maha stoj\u00ed za to. Boli to kr\u00e1sne ko\u0161e pln\u00e9 \u00farody zeleniny, ovocia, \u017eatvy&#8230; niesla sa pred olt\u00e1r obrovsk\u00e1 torta. Ten z\u00e1stup bol obzvl\u00e1\u0161\u0165 dlh\u00fd a\u00a0to je dobre. V\u010faka Bo\u017ee&#8230; za nich, hospod\u00e1rov, aj za seba&#8230;, \u017ee m\u00e1me st\u00e1le \u010do jes\u0165, \u017ee n\u00e1s neust\u00e1le \u017eehn\u00e1\u0161.<\/p>\n<p>Ale \u010do najviac zap\u00f4sobilo bola pr\u00edtomnos\u0165 a\u00a0k\u00e1ze\u0148 don J\u00e1na \u010caplu, salezi\u00e1na, lebo sme vlastne oslavovali zasv\u00e4tenie n\u00e1\u0161ho kostola Panne M\u00e1rii Ru\u017eencovej a\u00a0jeho k\u00e1ze\u0148 n\u00e1m to v\u0161etk\u00fdm pripomenula. By\u0165 ako M\u00e1ria, ktor\u00e1 nerept\u00e1, nevypytuje sa, usiluje sa \u017ei\u0165 pod\u013ea Bo\u017eej v\u00f4le a\u00a0hlavne zachov\u00e1va Slovo \u017divota vo svojom srdci&#8230;Tak som po tom aspo\u0148 zat\u00fa\u017eila, ke\u010f aj nie som toho schopn\u00e1 (teda nie hne\u010f&#8230;). U\u017e osem storo\u010d\u00ed tento kostol \u017eije svoj Bo\u017e\u00ed \u017eivot. Je to dlh\u00fd \u010das a\u00a0je tu dnes aj pre n\u00e1s. A M\u00e1ria je tu tie\u017e pre n\u00e1s. Pon\u00faka n\u00e1m svoju materinskos\u0165 a\u00a0pr\u00edhovor u\u00a0svojho Syna. Ka\u017ed\u00e1 matka asi tu\u0161\u00ed, \u010do M\u00e1ria chce a\u00a0dok\u00e1\u017ee pre svoje deti urobi\u0165. Tak sme si doma zase povedali, \u017ee sa chceme modli\u0165 ru\u017eenec a\u00a0v\u00a0tejto t\u00fa\u017ebe neustaneme, lebo ver\u00edme, \u017ee pr\u00edde \u010das milosti aj pre t\u00fato n\u00e1dhern\u00fa modlitbu. \u010eakujem Panna M\u00e1ria, \u017ee n\u00e1s tak miluje\u0161, \u017ee mi toto tajomstvo postupne odkr\u00fdva\u0161 aj v\u00a0mojom \u017eivote. Konvertovala som pred 4 rokmi, som tak\u00e9 mal\u00e9 ve\u013ek\u00e9 katol\u00edcke die\u0165a. \ud83d\ude42<\/p>\n<p>Aj ke\u010f sme mali na starosti tri mal\u00e9 deti a\u00a0popri nich sa \u0165a\u017e\u0161ie pre\u017e\u00edva ka\u017ed\u00e1 sv\u00e4t\u00e1 om\u0161a, predsa to bol z\u00e1\u017eitok. Sl\u00e1vnos\u0165 sa skon\u010dila, no n\u00e1\u0161 p\u00e1n far\u00e1r n\u00e1s v\u0161etk\u00fdch e\u0161te pote\u0161il mil\u00fdm agap\u00e9, hostinkou radosti, oslava teda pokra\u010dovala aj vonku pred kostolom. Pripili sme si sladk\u00fdm mu\u0161tom, bur\u010diakom, v\u00ednkom, povzbudili sa dobrou k\u00e1vi\u010dkou. Aj deti si pri\u0161li na svoje. P\u00e1n far\u00e1r v\u0161etk\u00fdm de\u0165om rozd\u00e1val l\u00edstky na koloto\u010de. Takto sme sa mohli priate\u013esky porozpr\u00e1va\u0165 a\u00a0pred\u013a\u017ei\u0165 sl\u00e1vnostn\u00fa nede\u013eu.<\/p>\n<p>V\u0161etk\u00fdm \u010do \u010d\u00edtaj\u00fa tieto riadky prajem zo srdca, aby boli pokorn\u00ed, radostn\u00ed a\u00a0v\u010fa\u010dn\u00ed&#8230;..a pr\u00ed\u010fte aj o\u00a0rok \ud83d\ude42<\/p>\n<p>Zuzana \u0160ina\u013eov\u00e1, Hrub\u00e1 Bor\u0161a<\/p>\n<p><a href=\"https:\/\/goo.gl\/photos\/p66GNgS5zpQVXJ6D7\" target=\"_blank\" rel=\"noopener noreferrer\">Fotky\/F\u00e9nyk\u00e9pek:<\/a><\/p>\n<p>A templomb\u00facs\u00fa egy tiszteletet \u00e9rdeml\u0151, sz\u00e9p hagyom\u00e1ny, melynek mindannyiunkat al\u00e1zattal \u00e9s \u00f6r\u00f6mmel kellene elt\u00f6ltenie, mivel igyeksz\u00fcnk \u0151szint\u00e9n h\u00e1l\u00e1t adni \u00e9s \u00fcnnepelni. Ebben az id\u0151szakban adunk h\u00e1l\u00e1t a term\u00e9s\u00e9rt is, s legyen az b\u00e1rmilyen, mindig van mi\u00e9rt k\u00f6sz\u00f6netet mondani.<\/p>\n<p>Okt\u00f3ber 4-\u00e9n \u00fcnnepelt\u00fck pl\u00e9b\u00e1niatemplomunk b\u00facs\u00faj\u00e1t. Az \u00fcnnepi hangulatr\u00f3l a szenci Rados\u0165 \u00e9nekkar gondoskodott, s j\u00f3 volt l\u00e1tni az \u00e1ldozati adom\u00e1nyokkal egy\u00fctt a f\u00f6ld term\u00e9seit \u00e9s egy nagy tort\u00e1t is az olt\u00e1r el\u00e9 helyez\u0151 h\u00edvek hossz\u00fa sor\u00e1t. Val\u00f3ban van mi\u00e9rt h\u00e1l\u00e1t adnunk. K\u00f6sz\u00f6nj\u00fck, Urunk, hogy sz\u00fcntelen\u00fcl b\u0151kez\u0171 \u00e1ld\u00e1saiddal halmozol el minket!<\/p>\n<p>A szentmise \u00fcnnepi sz\u00f3noka \u010capla J\u00e1nos szal\u00e9zi atya volt, aki eml\u00e9keztetett arra, hogy templomunk Sz\u0171z M\u00e1ri\u00e1nak, a R\u00f3zsaf\u00fcz\u00e9r Kir\u00e1lyn\u0151j\u00e9nek szentel\u00e9s\u00e9t \u00fcnnepelj\u00fck, aminek m\u00e1r nyolcsz\u00e1z \u00e9ve. A templom az\u00f3ta \u00e1ll, \u00e9s szolg\u00e1l nek\u00fcnk, h\u00edveknek, mint ahogy M\u00e1ria is itt van nek\u00fcnk hatalmas \u00e9desanyak\u00e9nt. M\u00e1ria, aki nem panaszkodik, nem k\u00e9rdez\u0151sk\u00f6dik, igyekszik Isten akarata szerint \u00e9lni, s f\u0151k\u00e9nt az \u00e9let Ig\u00e9j\u00e9t hordozza sz\u00edv\u00e9ben.<\/p>\n<p>A szentmise ut\u00e1n szeretetlakom\u00e1n vehett\u00fcnk r\u00e9szt: \u00e9des murcival, finom k\u00e1v\u00e9val \u00fcnnepelhett\u00fcnk, s a gyerekek m\u00e9g hint\u00e1zhattak is egy j\u00f3t.\t\t\t\t<\/p>\n","protected":false},"excerpt":{"rendered":"<p>Hodov\u00e1 sv\u00e4t\u00e1 om\u0161a&#8230; alebo sv\u00e4t\u00e1 om\u0161a v\u00a0obdob\u00ed hodov.<\/p>\n","protected":false},"author":1,"featured_media":2585,"comment_status":"closed","ping_status":"closed","sticky":false,"template":"","format":"standard","meta":{"footnotes":""},"categories":[6],"tags":[24],"class_list":{"0":"entry","1":"post","2":"publish","3":"author-marian-jasenoveceltras-sk","4":"has-excerpt","5":"has-more-link","6":"post-2581","8":"format-standard","9":"has-post-thumbnail","10":"category-aktuality-sk","11":"post_tag-aktuality"},"_links":{"self":[{"href":"https:\/\/www.farakostolna.sk\/index.php?rest_route=\/wp\/v2\/posts\/2581","targetHints":{"allow":["GET"]}}],"collection":[{"href":"https:\/\/www.farakostolna.sk\/index.php?rest_route=\/wp\/v2\/posts"}],"about":[{"href":"https:\/\/www.farakostolna.sk\/index.php?rest_route=\/wp\/v2\/types\/post"}],"author":[{"embeddable":true,"href":"https:\/\/www.farakostolna.sk\/index.php?rest_route=\/wp\/v2\/users\/1"}],"replies":[{"embeddable":true,"href":"https:\/\/www.farakostolna.sk\/index.php?rest_route=%2Fwp%2Fv2%2Fcomments&post=2581"}],"version-history":[{"count":0,"href":"https:\/\/www.farakostolna.sk\/index.php?rest_route=\/wp\/v2\/posts\/2581\/revisions"}],"wp:featuredmedia":[{"embeddable":true,"href":"https:\/\/www.farakostolna.sk\/index.php?rest_route=\/"}],"wp:attachment":[{"href":"https:\/\/www.farakostolna.sk\/index.php?rest_route=%2Fwp%2Fv2%2Fmedia&parent=2581"}],"wp:term":[{"taxonomy":"category","embeddable":true,"href":"https:\/\/www.farakostolna.sk\/index.php?rest_route=%2Fwp%2Fv2%2Fcategories&post=2581"},{"taxonomy":"post_tag","embeddable":true,"href":"https:\/\/www.farakostolna.sk\/index.php?rest_route=%2Fwp%2Fv2%2Ftags&post=2581"}],"curies":[{"name":"wp","href":"https:\/\/api.w.org\/{rel}","templated":true}]}}