{"id":2532,"date":"2015-08-30T21:41:24","date_gmt":"2015-08-30T21:41:24","guid":{"rendered":"http:\/\/kostolna.fara.sk\/?p=2532"},"modified":"2015-08-30T21:41:24","modified_gmt":"2015-08-30T21:41:24","slug":"s-mladymi-v-rime-a-fiatalokkal-romaban","status":"publish","type":"post","link":"https:\/\/www.farakostolna.sk\/?p=2532","title":{"rendered":"S\u00a0mlad\u00fdmi v\u00a0R\u00edme \/ A\u00a0fiatalokkal R\u00f3m\u00e1ban"},"content":{"rendered":"<p>\t\t\t\t<a href=\"http:\/\/kostolna.fara.sk\/wp-content\/uploads\/2015\/09\/P1050467.jpg\"><img loading=\"lazy\" decoding=\"async\" class=\" size-thumbnail wp-image-2534 alignleft\" src=\"http:\/\/kostolna.fara.sk\/wp-content\/uploads\/2015\/09\/P1050467-150x150.jpg\" alt=\"P1050467\" width=\"150\" height=\"150\" \/><\/a>Na za\u010diatku roka by mi ani nenapadlo, \u017ee by som sa tento rok dostala so svojou dc\u00e9rou a jej kamar\u00e1tkou do R\u00edma. <!--more-->Opak sa stal pravdou&#8230; N\u00e1\u0161 p\u00e1n far\u00e1r si aj so svojim spolu\u017eiakom, otcom Marekom, pripravil p\u00fa\u0165 pre birmovancov, no ke\u010f\u017ee sa ve\u013emi nemali k \u010dinu, uvo\u013enilo sa miesto aj pre m\u0148a.<\/p>\n<p>Odchod sa uskuto\u010dnil 23.8. o 10:30. Prvou zast\u00e1vkou sa stali Ben\u00e1tky, kde sme absolvovali jednosmern\u00fa plavbu lo\u010fou. Sp\u00e4\u0165 sme sa vracali kr\u00e1snymi \u00fazkymi uli\u010dkami. V pondelok r\u00e1no sme sa zastavili v meste Assisi, kde na\u0161i k\u0148azi odsl\u00fa\u017eili prv\u00fa om\u0161u v bazilike Panny M\u00e1rie Anjelskej. Po nieko\u013ek\u00fdch hodin\u00e1ch prech\u00e1dzania sa mestom a obdivovania kostolov sme pokra\u010dovali v ceste smerom do R\u00edma. V R\u00edme n\u00e1s n\u00e1\u0161 p\u00e1n far\u00e1r obozn\u00e1mil s kr\u00e1snymi pamiatkami. Na\u0161i birmovanci z\u00edskali neskuto\u010dn\u00e9 mno\u017estvo inform\u00e1ci\u00ed, vedomost\u00ed a kr\u00e1snych z\u00e1\u017eitkov.<\/p>\n<p>N\u00e1v\u0161teva Vatik\u00e1nu a vatik\u00e1nskych z\u00e1hrad s p\u00e1trom Tom\u00e1\u0161om n\u00e1s ve\u013emi pote\u0161ila, nie v\u0161etci maj\u00fa to \u0161\u0165astie sa tam dosta\u0165. V stredu sme sa z\u00fa\u010dastnili na audiencii s p\u00e1pe\u017eom Franti\u0161kom. Popoludnie sme str\u00e1vili pri mori. Vo \u0161tvrtok sme nav\u0161t\u00edvili Colosseum, a nesk\u00f4r sme po dlh\u00fdch d\u0148och behania za p\u00e1nom far\u00e1rom dostali nieko\u013eko hod\u00edn vo\u013ena. V piatok sme sa po ceste domov stavili v Orviete. Po\u010das tohto t\u00fd\u017ed\u0148a sme sa zozn\u00e1mili s partiou mlad\u00fdch \u013eud\u00ed, s ktor\u00fdmi sme si ve\u013emi sadli. E\u0161te raz,\u00a0ve\u013emi pekne \u010fakujeme za tento\u00a0neskuto\u010dn\u00fd t\u00fd\u017ede\u0148!<\/p>\n<p><i>Miriam Kissov\u00e1<\/i><\/p>\n<p>&nbsp;<\/p>\n<p><a href=\"https:\/\/goo.gl\/photos\/5m6pWNcxEzWemQ9k8\" target=\"_blank\" rel=\"noopener noreferrer\">Fotky \/ F\u00e9nyk\u00e9pek<\/a><\/p>\n<p>&nbsp;<\/p>\n<p>Az \u00e9v elej\u00e9n m\u00e9g eszembe sem jutott volna, hogy az id\u00e9n eljutok a l\u00e1nyommal \u00e9s a bar\u00e1tn\u0151j\u00e9vel R\u00f3m\u00e1ba. Pl\u00e9b\u00e1nos urunk \u00e9s volt \u00e9vfolyamt\u00e1rsa, Marek atya zar\u00e1ndoklatot szerveztek a b\u00e9rm\u00e1lkoz\u00f3knak, mivel azonban nem volt nagy az \u00e9rdekl\u0151d\u00e9s, maradt hely a sz\u00e1momra is.<\/p>\n<p>Augusztus 23-\u00e1n indultunk, s els\u0151 \u00e1llom\u00e1sk\u00e9nt Velenc\u00e9t l\u00e1togattuk meg, s haj\u00f3k\u00e1zhattunk is egyet. Majd Assisi k\u00f6vetkezett, ahol lelkiaty\u00e1ink szentmis\u00e9t szolg\u00e1ltak. A v\u00e1ros megtekint\u00e9se ut\u00e1n folytattuk utunkat R\u00f3m\u00e1ba, ahol pl\u00e9b\u00e1nos urunk gy\u00f6ny\u00f6r\u0171 m\u0171eml\u00e9kekkel, nevezetess\u00e9gekkel ismertetett meg. B\u00e9rm\u00e1lkoz\u00f3ink hihetetlen mennyis\u00e9g\u0171 inform\u00e1ci\u00f3t sz\u00edvhattak magukba, s rengeteg csod\u00e1latos \u00e9lm\u00e9nnyel gazdagodtak.<\/p>\n<p>Megl\u00e1togattuk a Vatik\u00e1nt, s Tam\u00e1s aty\u00e1nak k\u00f6sz\u00f6nhet\u0151en azon szerencs\u00e9sek k\u00f6z\u00e9 ker\u00fclt\u00fcnk, akik a Vatik\u00e1ni Kertekbe is bejutottak. Szerd\u00e1n r\u00e9szt vett\u00fcnk Ferenc p\u00e1pa audienci\u00e1j\u00e1n, d\u00e9lut\u00e1n pedig a tengern\u00e9l id\u0151zt\u00fcnk. Megl\u00e1togattuk a Colosseumot, majd a sok rohan\u00e1s ut\u00e1n p\u00e1r \u00f3r\u00e1nyi szabadot is kaptunk. Hazafel\u00e9 meg\u00e1lltunk Orviet\u00f3ban. A h\u00e9t folyam\u00e1n volt alkalmunk megismerkedni a fiatalok egy csoportj\u00e1val, akikkel j\u00f3l meg\u00e9rtett\u00fck egym\u00e1st. K\u00f6sz\u00f6nj\u00fck ezt a hihetetlen \u00e9lm\u00e9nyekkel teli hetet!\t\t\t\t<\/p>\n","protected":false},"excerpt":{"rendered":"<p>Na za\u010diatku roka by mi ani nenapadlo, \u017ee by som sa tento rok dostala so svojou dc\u00e9rou a jej kamar\u00e1tkou do R\u00edma.<\/p>\n","protected":false},"author":1,"featured_media":2534,"comment_status":"closed","ping_status":"closed","sticky":false,"template":"","format":"standard","meta":{"footnotes":""},"categories":[6],"tags":[24],"class_list":{"0":"entry","1":"post","2":"publish","3":"author-marian-jasenoveceltras-sk","4":"has-excerpt","5":"has-more-link","6":"post-2532","8":"format-standard","9":"has-post-thumbnail","10":"category-aktuality-sk","11":"post_tag-aktuality"},"_links":{"self":[{"href":"https:\/\/www.farakostolna.sk\/index.php?rest_route=\/wp\/v2\/posts\/2532","targetHints":{"allow":["GET"]}}],"collection":[{"href":"https:\/\/www.farakostolna.sk\/index.php?rest_route=\/wp\/v2\/posts"}],"about":[{"href":"https:\/\/www.farakostolna.sk\/index.php?rest_route=\/wp\/v2\/types\/post"}],"author":[{"embeddable":true,"href":"https:\/\/www.farakostolna.sk\/index.php?rest_route=\/wp\/v2\/users\/1"}],"replies":[{"embeddable":true,"href":"https:\/\/www.farakostolna.sk\/index.php?rest_route=%2Fwp%2Fv2%2Fcomments&post=2532"}],"version-history":[{"count":0,"href":"https:\/\/www.farakostolna.sk\/index.php?rest_route=\/wp\/v2\/posts\/2532\/revisions"}],"wp:featuredmedia":[{"embeddable":true,"href":"https:\/\/www.farakostolna.sk\/index.php?rest_route=\/"}],"wp:attachment":[{"href":"https:\/\/www.farakostolna.sk\/index.php?rest_route=%2Fwp%2Fv2%2Fmedia&parent=2532"}],"wp:term":[{"taxonomy":"category","embeddable":true,"href":"https:\/\/www.farakostolna.sk\/index.php?rest_route=%2Fwp%2Fv2%2Fcategories&post=2532"},{"taxonomy":"post_tag","embeddable":true,"href":"https:\/\/www.farakostolna.sk\/index.php?rest_route=%2Fwp%2Fv2%2Ftags&post=2532"}],"curies":[{"name":"wp","href":"https:\/\/api.w.org\/{rel}","templated":true}]}}