{"id":2529,"date":"2015-09-06T12:14:29","date_gmt":"2015-09-06T12:14:29","guid":{"rendered":"http:\/\/kostolna.fara.sk\/?p=2529"},"modified":"2015-09-06T12:14:29","modified_gmt":"2015-09-06T12:14:29","slug":"put-v-baci-bucsu-bacsfa-szentantalon-2","status":"publish","type":"post","link":"https:\/\/www.farakostolna.sk\/?p=2529","title":{"rendered":"P\u00fa\u0165 v B\u00e1\u010di \/ B\u00facs\u00fa Bacsfa\u2013Szentantalon"},"content":{"rendered":"<p>\t\t\t\t<a href=\"http:\/\/kostolna.fara.sk\/wp-content\/uploads\/2015\/09\/P1080906.jpg\"><img loading=\"lazy\" decoding=\"async\" class=\" size-thumbnail wp-image-2530 alignleft\" src=\"http:\/\/kostolna.fara.sk\/wp-content\/uploads\/2015\/09\/P1080906-150x150.jpg\" alt=\"P1080906\" width=\"150\" height=\"150\" \/><\/a>6. septembra 2015 sa v <em>B\u00e1\u010di<\/em> konala mari\u00e1nska p\u00fa\u0165 k sviatku Narodenia panny M\u00e1rie. <!--more-->Hlavn\u00fdm celebrantom sl\u00e1vnostnej sv\u00e4tej om\u0161e bol diec\u00e9zny biskup Dr. Mikl\u00f3s Beer z ma\u010farsk\u00e9ho mesta V\u00e1c.<\/p>\n<p>&nbsp;<\/p>\n<p><a href=\"https:\/\/goo.gl\/photos\/DNBdYUKs9ZRCxzSt9\" target=\"_blank\" rel=\"noopener noreferrer\">Fotky\/F\u00e9nyk\u00e9pek: Duray Rezs\u0151 <\/a><\/p>\n<p>&nbsp;<\/p>\n<p>Kisboldogasszony \u00fcnnepe alkalm\u00e1b\u00f3l 2015. szeptember 6-\u00e1n, vas\u00e1rnap, szabadt\u00e9ri szentmis\u00e9re ker\u00fclt sor Bacsfa\u2013Szentantalon, melynek f\u0151celebr\u00e1nsa Dr. Beer Mikl\u00f3s, v\u00e1ci megy\u00e9sp\u00fcsp\u00f6k volt. A szentmis\u00e9t k\u00f6vet\u0151en a templomban ereklyetiszteleten, majd az ipolybalogi Szent Korona K\u00f3rus koncertj\u00e9n vehettek r\u00e9szt a zar\u00e1ndokok. A sz\u00e9p sz\u00e1m\u00fa jelenl\u00e9v\u0151k k\u00f6z\u00f6tt volt Cs\u00e1ky P\u00e1l, eur\u00f3pai parlamenti k\u00e9pvisel\u0151 is. <em>dr<\/em>\t\t\t\t<\/p>\n","protected":false},"excerpt":{"rendered":"<p>6. septembra 2015 sa v B\u00e1\u010di konala mari\u00e1nska p\u00fa\u0165 k sviatku Narodenia panny M\u00e1rie.<\/p>\n","protected":false},"author":1,"featured_media":2530,"comment_status":"closed","ping_status":"closed","sticky":false,"template":"","format":"standard","meta":{"footnotes":""},"categories":[6],"tags":[24],"class_list":{"0":"entry","1":"post","2":"publish","3":"author-marian-jasenoveceltras-sk","4":"has-excerpt","5":"has-more-link","6":"post-2529","8":"format-standard","9":"has-post-thumbnail","10":"category-aktuality-sk","11":"post_tag-aktuality"},"_links":{"self":[{"href":"https:\/\/www.farakostolna.sk\/index.php?rest_route=\/wp\/v2\/posts\/2529","targetHints":{"allow":["GET"]}}],"collection":[{"href":"https:\/\/www.farakostolna.sk\/index.php?rest_route=\/wp\/v2\/posts"}],"about":[{"href":"https:\/\/www.farakostolna.sk\/index.php?rest_route=\/wp\/v2\/types\/post"}],"author":[{"embeddable":true,"href":"https:\/\/www.farakostolna.sk\/index.php?rest_route=\/wp\/v2\/users\/1"}],"replies":[{"embeddable":true,"href":"https:\/\/www.farakostolna.sk\/index.php?rest_route=%2Fwp%2Fv2%2Fcomments&post=2529"}],"version-history":[{"count":0,"href":"https:\/\/www.farakostolna.sk\/index.php?rest_route=\/wp\/v2\/posts\/2529\/revisions"}],"wp:featuredmedia":[{"embeddable":true,"href":"https:\/\/www.farakostolna.sk\/index.php?rest_route=\/"}],"wp:attachment":[{"href":"https:\/\/www.farakostolna.sk\/index.php?rest_route=%2Fwp%2Fv2%2Fmedia&parent=2529"}],"wp:term":[{"taxonomy":"category","embeddable":true,"href":"https:\/\/www.farakostolna.sk\/index.php?rest_route=%2Fwp%2Fv2%2Fcategories&post=2529"},{"taxonomy":"post_tag","embeddable":true,"href":"https:\/\/www.farakostolna.sk\/index.php?rest_route=%2Fwp%2Fv2%2Ftags&post=2529"}],"curies":[{"name":"wp","href":"https:\/\/api.w.org\/{rel}","templated":true}]}}