{"id":2523,"date":"2015-08-08T20:04:50","date_gmt":"2015-08-08T20:04:50","guid":{"rendered":"http:\/\/kostolna.fara.sk\/?p=2523"},"modified":"2015-08-08T20:04:50","modified_gmt":"2015-08-08T20:04:50","slug":"capoeira-na-farskom-dvore-capoeira-a-plebaniaudvaron","status":"publish","type":"post","link":"https:\/\/www.farakostolna.sk\/?p=2523","title":{"rendered":"Capoeira na farskom dvore \/Capoeira a pl\u00e9b\u00e1niaudvaron"},"content":{"rendered":"<p>\t\t\t\tCapoeira je ozna\u010dovan\u00e1 ako braz\u00edlsky bojov\u00fd tanec b\u00fdval\u00fdch otrokov.<!--more--> V s\u00fa\u010dasnosti sa pova\u017euje za bojov\u00fd \u0161port s pevn\u00fdmi pravidlami. Hist\u00f3ria capoeiry je sp\u00e1jan\u00e1 s hist\u00f3riou otroctva v Braz\u00edlii. Capoeira bola viac ako len bojov\u00fd \u0161t\u00fdl. Bola vytvoren\u00e1 ako n\u00e1dej na pre\u017eitie, ako n\u00e1stroj, v\u010faka ktor\u00e9mu otrok na \u00fateku mohol pre\u017ei\u0165 na nepriate\u013eskom \u00fazem\u00ed a br\u00e1ni\u0165 sa pred tzv. capit\u00e3es-do-mato \u2013 koloni\u00e1lnymi agentmi, ktor\u00ed mali na starosti h\u013eadanie otrokov na \u00fateku. T\u00edto boli v\u017edy ozbrojen\u00ed. Podstatou capoeiry bola obrana bez zbrane proti zlodejom sliepok, n\u00e1siln\u00edkom, lupi\u010dom a otrok\u00e1rom. Stala sa popul\u00e1rnou, dostala pevn\u00e9 pravidl\u00e1 a po futbale je druh\u00fdm najob\u013e\u00fabenej\u0161\u00edm braz\u00edlskym \u0161portom. Dnes capoeira predstavuje unik\u00e1tnu kombin\u00e1ciu tanca, akrobacie a netradi\u010dn\u00e9ho bojov\u00e9ho umenia s osobitnou filozofiou. S\u00faboj dvoch s\u00faperov je mo\u017eno najlep\u0161ie definova\u0165 ako predstieran\u00fd boj \u2013 hru zalo\u017een\u00fa na improviz\u00e1cii, av\u0161ak s pr\u00edsnymi ritu\u00e1lnymi pravidlami, ktor\u00e9 br\u00e1nia vzniku n\u00e1siln\u00e9ho chovania. D\u00f4raz je kladen\u00fd najm\u00e4 na plynulos\u0165 s\u00fahry pohybov oboch hr\u00e1\u010dov, \u010do v kombin\u00e1cii s hudbou a spevom rob\u00ed capoeiru bojov\u00fdm umen\u00edm, ktor\u00e9 je atrakt\u00edvne nielen pre z\u00fa\u010dastnen\u00fdch, ale aj pre div\u00e1kov.<br \/>\nKe\u010f\u017ee aj na\u0161i mal\u00ed farn\u00edci sa \u00faspe\u0161ne venuj\u00fa capoeire, rozhodli sme sa usporiada\u0165 8. 8. 2015 na na\u0161ej fare uk\u00e1\u017ekov\u00fd tr\u00e9ning. Aj ke\u010f vonku bolo 38\u00b0C, v\u0161etci, deti aj dospel\u00ed, ktor\u00ed sa pri\u0161li pozrie\u0165, si capoeiru vysk\u00fa\u0161ali a na z\u00e1klade portugalsk\u00fdch pr\u00edkazov in\u0161truktora Latina vytvorili jeden synchronizovan\u00fd celok. Capoeira oslovila naozaj v\u0161etk\u00fdch a akrobatick\u00e9 k\u00fasky spojen\u00e9 s \u00fa\u017easnou hudbou \u0161peci\u00e1lnych braz\u00edlskych hudobn\u00fdch n\u00e1strojov in\u0161truktora Latina a jeho \u017eiakov z Vem Camar\u00e1 Capoeira vyr\u00e1\u017eali dych. Viac o capoeire sa m\u00f4\u017eete dozvedie\u0165 na http:\/\/www.vemcamara.sk.<br \/>\nAnna Waschinova<\/p>\n<p>&nbsp;<\/p>\n<p><a href=\"https:\/\/goo.gl\/photos\/J3WeS1nmFjPvRWKD7\" target=\"_blank\" rel=\"noopener noreferrer\">Fotky \/ F\u00e9nyk\u00e9pek<\/a><\/p>\n<p>&nbsp;<\/p>\n<p>A capoeira egy k\u00fczd\u0151sport, amely Braz\u00edli\u00e1b\u00f3l ered, s a sz\u00f6k\u00e9sben lev\u0151 rabszolg\u00e1k fejlesztett\u00e9k ki, hogy meg tudj\u00e1k magukat v\u00e9deni fegyveres \u00fcld\u00f6z\u0151ikkel szemben. Ma a capoeir\u00e1ban t\u00e1nc \u00e9s akrobatikus elemek \u00f6tv\u00f6z\u0151dnek egy egy\u00e9ni filoz\u00f3fi\u00e1val rendelkez\u0151 nem hagyom\u00e1nyos k\u00fczd\u0151sportt\u00e1, amely a foci ut\u00e1n a m\u00e1sodik legkedveltebb brazil sport. K\u00e9t ellenf\u00e9l k\u00fczdelm\u00e9t tettetett harcnak lehetne nevezni \u2013 improviz\u00e1ci\u00f3n alapul\u00f3, m\u00e9gis szigor\u00fa szab\u00e1lyokat k\u00f6vet\u0151 j\u00e1t\u00e9knak, amely kiz\u00e1rja az er\u0151szakos viselked\u00e9st. Fontos a j\u00e1t\u00e9kosok \u00f6sszhangja \u00e9s a mozdulatok folytonoss\u00e1ga \u2013 mindez zen\u00e9vel \u00e9s \u00e9nekkel \u00f6sszekapcsolva nemcsak a r\u00e9sztvev\u0151k, hanem a n\u00e9z\u0151k sz\u00e1m\u00e1ra is \u00e9lvezetess\u00e9 teszi az eml\u00edtett harcm\u0171v\u00e9szetet.<br \/>\nMivel pl\u00e9b\u00e1niak\u00f6zs\u00e9g\u00fcnk kis tagjai is sikeresen m\u0171velik a capoeir\u00e1t, 2015. augusztus 8-\u00e1n bemutat\u00f3t tartottak a pl\u00e9b\u00e1niaudvaron. A nagy meleg ellen\u00e9re minden \u00e9rdekl\u0151d\u0151 \u2013 feln\u0151ttek \u00e9s gyerekek egyar\u00e1nt \u2013 kipr\u00f3b\u00e1lta a capoeir\u00e1t, s az edz\u0151 portug\u00e1l utas\u00edt\u00e1sait k\u00f6vetve \u00f6sszhangban mozg\u00f3 eg\u00e9szet alkotott. A capoeir\u00e1r\u00f3l b\u0151vebben az al\u00e1bbi honlapon olvashatnak: www.vemcamara.sk.\t\t\t\t<\/p>\n","protected":false},"excerpt":{"rendered":"<p>Capoeira je ozna\u010dovan\u00e1 ako braz\u00edlsky bojov\u00fd tanec b\u00fdval\u00fdch otrokov.<\/p>\n","protected":false},"author":1,"featured_media":2527,"comment_status":"closed","ping_status":"closed","sticky":false,"template":"","format":"standard","meta":{"footnotes":""},"categories":[6],"tags":[24],"class_list":{"0":"entry","1":"post","2":"publish","3":"author-marian-jasenoveceltras-sk","4":"has-excerpt","5":"has-more-link","6":"post-2523","8":"format-standard","9":"has-post-thumbnail","10":"category-aktuality-sk","11":"post_tag-aktuality"},"_links":{"self":[{"href":"https:\/\/www.farakostolna.sk\/index.php?rest_route=\/wp\/v2\/posts\/2523","targetHints":{"allow":["GET"]}}],"collection":[{"href":"https:\/\/www.farakostolna.sk\/index.php?rest_route=\/wp\/v2\/posts"}],"about":[{"href":"https:\/\/www.farakostolna.sk\/index.php?rest_route=\/wp\/v2\/types\/post"}],"author":[{"embeddable":true,"href":"https:\/\/www.farakostolna.sk\/index.php?rest_route=\/wp\/v2\/users\/1"}],"replies":[{"embeddable":true,"href":"https:\/\/www.farakostolna.sk\/index.php?rest_route=%2Fwp%2Fv2%2Fcomments&post=2523"}],"version-history":[{"count":0,"href":"https:\/\/www.farakostolna.sk\/index.php?rest_route=\/wp\/v2\/posts\/2523\/revisions"}],"wp:featuredmedia":[{"embeddable":true,"href":"https:\/\/www.farakostolna.sk\/index.php?rest_route=\/"}],"wp:attachment":[{"href":"https:\/\/www.farakostolna.sk\/index.php?rest_route=%2Fwp%2Fv2%2Fmedia&parent=2523"}],"wp:term":[{"taxonomy":"category","embeddable":true,"href":"https:\/\/www.farakostolna.sk\/index.php?rest_route=%2Fwp%2Fv2%2Fcategories&post=2523"},{"taxonomy":"post_tag","embeddable":true,"href":"https:\/\/www.farakostolna.sk\/index.php?rest_route=%2Fwp%2Fv2%2Ftags&post=2523"}],"curies":[{"name":"wp","href":"https:\/\/api.w.org\/{rel}","templated":true}]}}