{"id":2518,"date":"2015-08-20T10:29:17","date_gmt":"2015-08-20T10:29:17","guid":{"rendered":"http:\/\/kostolna.fara.sk\/?p=2518"},"modified":"2015-08-20T10:29:17","modified_gmt":"2015-08-20T10:29:17","slug":"sviatok-sv-stefana-szent-istvan-kiralyra-emlekeztunk","status":"publish","type":"post","link":"https:\/\/www.farakostolna.sk\/?p=2518","title":{"rendered":"Sviatok sv. \u0160tefana \/ Szent Istv\u00e1n kir\u00e1lyra eml\u00e9kezt\u00fcnk"},"content":{"rendered":"<p>\t\t\t\t<a href=\"http:\/\/kostolna.fara.sk\/wp-content\/uploads\/2015\/08\/150820-021.jpg\"><img loading=\"lazy\" decoding=\"async\" class=\" size-thumbnail wp-image-2519 alignleft\" src=\"http:\/\/kostolna.fara.sk\/wp-content\/uploads\/2015\/08\/150820-021-150x150.jpg\" alt=\"150820 021\" width=\"150\" height=\"150\" \/><\/a>20. augusta 2015 bola sv. om\u0161a v\u00a0Hrubom \u0160\u00fare obetovan\u00e1 z\u00a0\u00facty k prv\u00e9mu ma\u010farsk\u00e9mu kr\u00e1\u013eovi, sv. \u0160tefanovi, ktor\u00fd svoje kr\u00e1\u013eovstvo pred viac ako tis\u00edc rokmi postavil na skale \u2013 viere v\u00a0Krista. Celebrantom sl\u00e1vnostnej sv. om\u0161e bol novok\u0148az Csaba Mikus, seneck\u00fd kapl\u00e1n, ktor\u00fd vo svojej hom\u00edlii zd\u00f4raznil d\u00f4le\u017eitos\u0165 pr\u00edkladu. Sv. \u0160tefan je pre n\u00e1s dobr\u00fdm pr\u00edkladom, aby sme sa aj my sna\u017eili postavi\u0165 na\u0161e \u017eivoty na evanjeliovej skale.<\/p>\n<p><!--more--><\/p>\n<p>&nbsp;<\/p>\n<p><a href=\"https:\/\/goo.gl\/photos\/k3gHvU8a5ChHVfSG8\" target=\"_blank\" rel=\"noopener noreferrer\">Fotky \/ F\u00e9nyk\u00e9pek<\/a><\/p>\n<p>Augusztus 20-\u00e1n mi, hegys\u00fari h\u00edvek is megeml\u00e9kezt\u00fcnk els\u0151 szent kir\u00e1lyunkr\u00f3l. Az \u00fcnnepi szentmise f\u0151celebr\u00e1nsa Mikus Csaba \u00fajmis\u00e9s szenci k\u00e1pl\u00e1n volt, aki h\u00e1rom t\u00e1rsa (egy szerpap \u00e9s k\u00e9t kispap) k\u00eds\u00e9ret\u00e9ben \u00e9rkezett, m\u00e9g ink\u00e1bb emelve az \u00fcnnep f\u00e9ny\u00e9t. A szentmise elej\u00e9n Gajdo\u0161 P\u00e1l pl\u00e9b\u00e1nos atya \u00fcdv\u00f6z\u00f6lte Csaba aty\u00e1t \u00e9s t\u00e1rsait. A pr\u00e9dik\u00e1ci\u00f3ban a p\u00e9lda fontoss\u00e1g\u00e1r\u00f3l volt sz\u00f3. Szent Istv\u00e1n kir\u00e1ly j\u00f3 p\u00e9ldak\u00e9nt \u00e1ll el\u0151tt\u00fcnk, mert sziklaalapra, a kereszt\u00e9ny hitre \u00e9p\u00edtette orsz\u00e1g\u00e1t. Ennek jelek\u00e9nt \u00e1ll minden magyar ember el\u0151tt a kir\u00e1lyi koron\u00e1nkon l\u00e9v\u0151 kicsi kereszt. Ez a kereszt legyen az a szil\u00e1rd alap, amelyre mi is \u00e9p\u00edtj\u00fck h\u00e1zunkat: \u00e9let\u00fcnket \u2013 hangs\u00falyozta Csaba atya \u2013, s akkor majd nem kell tartanunk sem es\u0151t\u0151l, sem sz\u00e9lt\u0151l, sem egy\u00e9b vesz\u00e9lyekt\u0151l.<\/p>\n<p>Az els\u0151 szent kir\u00e1lyunk tisztelet\u00e9re h\u00e1l\u00e1b\u00f3l bemutatott szentmis\u00e9n sz\u00e9p sz\u00e1mban vettek r\u00e9szt a h\u00edv\u0151k, hiszen, ahogy Pali atya mondta, van mi\u00e9rt h\u00e1l\u00e1t adnunk. Jelen voltak a Csemadok helyi alapszervezet\u00e9nek tagjai, s nem csak katolikusok, hiszen Istv\u00e1n kir\u00e1ly p\u00e9ld\u00e1ja minden (magyar) ember sz\u00e1m\u00e1ra k\u00f6vetend\u0151.<\/p>\n<p><em>GZs<\/em>\t\t\t\t<\/p>\n","protected":false},"excerpt":{"rendered":"<p>20. augusta 2015 bola sv. om\u0161a v\u00a0Hrubom \u0160\u00fare obetovan\u00e1 z\u00a0\u00facty k prv\u00e9mu ma\u010farsk\u00e9mu kr\u00e1\u013eovi, sv. \u0160tefanovi, ktor\u00fd svoje kr\u00e1\u013eovstvo pred viac ako tis\u00edc rokmi postavil na skale \u2013 viere v\u00a0Krista. Celebrantom sl\u00e1vnostnej sv. om\u0161e bol novok\u0148az Csaba Mikus, seneck\u00fd kapl\u00e1n, ktor\u00fd vo svojej hom\u00edlii zd\u00f4raznil d\u00f4le\u017eitos\u0165 pr\u00edkladu. Sv. \u0160tefan je pre n\u00e1s dobr\u00fdm pr\u00edkladom, aby &#8230; <span class=\"more\"><a class=\"more-link\" href=\"https:\/\/www.farakostolna.sk\/?p=2518\">[\u010c\u00edta\u0165 \u010falej&#8230;]<\/a><\/span><\/p>\n","protected":false},"author":1,"featured_media":2519,"comment_status":"closed","ping_status":"closed","sticky":false,"template":"","format":"standard","meta":{"footnotes":""},"categories":[6],"tags":[24],"class_list":{"0":"entry","1":"post","2":"publish","3":"author-marian-jasenoveceltras-sk","4":"has-excerpt","5":"has-more-link","6":"post-2518","8":"format-standard","9":"has-post-thumbnail","10":"category-aktuality-sk","11":"post_tag-aktuality"},"_links":{"self":[{"href":"https:\/\/www.farakostolna.sk\/index.php?rest_route=\/wp\/v2\/posts\/2518","targetHints":{"allow":["GET"]}}],"collection":[{"href":"https:\/\/www.farakostolna.sk\/index.php?rest_route=\/wp\/v2\/posts"}],"about":[{"href":"https:\/\/www.farakostolna.sk\/index.php?rest_route=\/wp\/v2\/types\/post"}],"author":[{"embeddable":true,"href":"https:\/\/www.farakostolna.sk\/index.php?rest_route=\/wp\/v2\/users\/1"}],"replies":[{"embeddable":true,"href":"https:\/\/www.farakostolna.sk\/index.php?rest_route=%2Fwp%2Fv2%2Fcomments&post=2518"}],"version-history":[{"count":0,"href":"https:\/\/www.farakostolna.sk\/index.php?rest_route=\/wp\/v2\/posts\/2518\/revisions"}],"wp:featuredmedia":[{"embeddable":true,"href":"https:\/\/www.farakostolna.sk\/index.php?rest_route=\/"}],"wp:attachment":[{"href":"https:\/\/www.farakostolna.sk\/index.php?rest_route=%2Fwp%2Fv2%2Fmedia&parent=2518"}],"wp:term":[{"taxonomy":"category","embeddable":true,"href":"https:\/\/www.farakostolna.sk\/index.php?rest_route=%2Fwp%2Fv2%2Fcategories&post=2518"},{"taxonomy":"post_tag","embeddable":true,"href":"https:\/\/www.farakostolna.sk\/index.php?rest_route=%2Fwp%2Fv2%2Ftags&post=2518"}],"curies":[{"name":"wp","href":"https:\/\/api.w.org\/{rel}","templated":true}]}}