{"id":2513,"date":"2015-08-22T15:08:57","date_gmt":"2015-08-22T15:08:57","guid":{"rendered":"http:\/\/kostolna.fara.sk\/?p=2513"},"modified":"2015-08-22T15:08:57","modified_gmt":"2015-08-22T15:08:57","slug":"otvorena-hrobka-feltarult-a-kripta","status":"publish","type":"post","link":"https:\/\/www.farakostolna.sk\/?p=2513","title":{"rendered":"Otvoren\u00e1 hrobka \/ Felt\u00e1rult a kripta"},"content":{"rendered":"<p>\t\t\t\t<a href=\"http:\/\/kostolna.fara.sk\/wp-content\/uploads\/2015\/08\/IMG_4970.jpg\"><img loading=\"lazy\" decoding=\"async\" class=\"alignleft wp-image-2514 size-thumbnail\" src=\"http:\/\/kostolna.fara.sk\/wp-content\/uploads\/2015\/08\/IMG_4970-150x150.jpg\" alt=\"IMG_4970\" width=\"150\" height=\"150\" \/><\/a>V\u00a0r\u00e1mci podrobn\u00e9ho architektonicko-historick\u00e9ho prieskumu farsk\u00e9ho kostola v\u00a0Kostolnej pri Dunaji, pod doh\u013eadom Krajsk\u00e9ho pamiatkov\u00e9ho \u00faradu v Bratislave, bola v\u00a0prvom augustovom t\u00fd\u017edni otvoren\u00e1 hrobka pod farsk\u00fdm kostolom. <!--more-->I\u0161lo o\u00a0pomerne n\u00e1ro\u010dn\u00fa \u00falohu, ke\u010f\u017ee n\u00e1hrobn\u00fd kame\u0148 v\u00e1\u017ei cel\u00fdch 750 kg a\u00a0je s\u00a0milimetrovou presnos\u0165ou vsaden\u00fd do dvoj\u00farov\u0148ov\u00e9ho otvoru. To znamen\u00e1, \u017ee je nevyhnutn\u00e9 manipulova\u0165 s\u00a0n\u00edm v \u00faplnej rovine, aby sa kame\u0148 nesprie\u010dil a\u00a0n\u00e1sledne aj nepo\u0161kodil. Navy\u0161e na \u0148om po dlh\u00fdch rokoch ch\u00fdbali \u00fachyty. Zo \u0161tyroch bol k\u00a0dispoz\u00edcii len jeden, a\u00a0aj ten sa po prvom silnej\u0161om za\u0165a\u017een\u00ed \u00fanavou materi\u00e1lu rozpadol ako blato.<\/p>\n<p>Samotn\u00e1 hrobka bola v\u00a0minulosti otv\u00e1ran\u00e1 pomerne \u010dasto: zn\u00e1me s\u00fa roky 1804, 1896, 1899, 1913. Naposledy bola otvoren\u00e1 v\u00a0\u010dase budovania novej pr\u00edstavby v\u00a0roku 1932. Odvtedy pre\u0161li dlh\u00e9 desa\u0165ro\u010dia a\u00a0op\u00e4\u0165 sme do nej mohli nahliadnu\u0165 a\u017e teraz. Na zostupnom schodisku ved\u00facom 3 metre pod \u00farove\u0148 kostola sa na\u0161lo aj nieko\u013eko popadan\u00fdch mal\u00fdch svie\u010dok, ktor\u00e9 vypadli z\u00a0r\u00fak zvedav\u00fdch mini\u0161trantov sna\u017eiacich sa cez mali\u010dk\u00fd otvor v\u00a0kameni nahliadnu\u0165 do tajomn\u00e9ho priestoru pod nimi. Objavili sa aj ojedinel\u00e9 re\u010di o\u00a0tom, \u017ee hrobka bola pred nieko\u013ek\u00fdmi desa\u0165ro\u010diami otvoren\u00e1, \u010do v\u0161ak pova\u017eujem za nepravdepodobn\u00e9 pre n\u00e1ro\u010dnos\u0165 samotn\u00e9ho otvorenia ako i\u00a0\u0165a\u017ekej doby. Ak by sa aj v \u010disto\u00a0teoretickej rovine nejak\u00fdm jednotlivcom spom\u00ednan\u00fd k\u00fasok podaril, asi by sa t\u00fdm nahlas chv\u00e1li\u0165 nemali. I\u0161lo by o\u00a0nedovolen\u00fd z\u00e1sah bez n\u00e1le\u017eit\u00e9ho povolenia pr\u00edslu\u0161n\u00fdch autor\u00edt ako i\u00a0mo\u017en\u00fdch pozostal\u00fdch \u010dlenov rodiny. Samotn\u00e1 hrobka je viac ako 5 metrov dlh\u00e1, 3,5 metra \u0161irok\u00e1, v obl\u00faku 2 metre vysok\u00e1. Najv\u00fdraznej\u0161ie v\u00a0nej p\u00f4sobia c\u00ednov\u00e9 rakvy man\u017eelsk\u00e9ho p\u00e1ru z\u00a0Hrubej Bor\u0161e z\u00a0konca 19. storo\u010dia, ktor\u00fd bol s\u00a0ve\u013ekou pravdepodobnos\u0165ou financovate\u013eom spr\u00e1vy kostola. Siln\u00fd dojem zanech\u00e1va aj poh\u013ead na mal\u00fa detsk\u00fa rakvu. Do jednej spolo\u010dnej rakvy boli v\u00a0roku 1913 prelo\u017een\u00e9 pozostatky piatich nebo\u017et\u00edkov poch\u00e1dzaj\u00face e\u0161te z 18. storo\u010dia. Jeden meter pod \u00farov\u0148ou hrobky sa v\u00a0rohu miestnosti nach\u00e1dza kostnica, v\u00a0ktorej s\u00fa ulo\u017een\u00e9 pozostatky nezn\u00e1meho po\u010dtu \u013eud\u00ed. Hrobka je cel\u00e1 vybielen\u00e1 v\u00e1pnom, prekvapuj\u00faco \u010dist\u00e1, bez \u0165a\u017ek\u00fdch z\u00e1pachov. Po prieskume, n\u00e1slednej dokument\u00e1cii, o\u010disten\u00ed schodov a po umiestnen\u00ed p\u00edsomnej zmienky do sklenej n\u00e1doby zo s\u00fa\u010dasnosti, sa v\u00a0nede\u013eu 9. augusta 2015, po kr\u00e1tkej pobo\u017enosti za \u00fa\u010dasti veriacich a\u00a0troch k\u0148azov, sl\u00e1vnostne uzavrel \u0165a\u017ek\u00fd n\u00e1hrobn\u00fd kame\u0148, pravdepodobne op\u00e4\u0165 na dlh\u00e9 roky. \u017de i\u0161lo o\u00a0nev\u0161edn\u00fa udalos\u0165 dokazuje aj fakt, \u017ee si samotn\u00fa hrobku za 1 t\u00fd\u017ede\u0148 pri\u0161lo pozrie\u0165 vy\u0161e 200 veriacich. Requiem in Pace. Nech odpo\u010d\u00edvaj\u00fa v\u00a0pokoji!<\/p>\n<p>Pavol Gajdo\u0161, far\u00e1r<\/p>\n<p><a href=\"https:\/\/goo.gl\/photos\/EjFXpnD2QF1zFetT8\" target=\"_blank\" rel=\"noopener noreferrer\">Fotky \/ F\u00e9nyk\u00e9pek<\/a><\/p>\n<p>Az egyh\u00e1zfai pl\u00e9b\u00e1niatemplomon zajl\u00f3 \u00e9p\u00edt\u00e9szeti \u00e9s r\u00e9g\u00e9szeti vizsg\u00e1latok keret\u00e9ben augusztus els\u0151 het\u00e9ben sor ker\u00fclt a templom alatt elhelyezked\u0151 kripta felnyit\u00e1s\u00e1ra. A feladat nem kis er\u0151fesz\u00edt\u00e9seket ig\u00e9nyelt, a s\u00edrk\u0151 ugyanis 750 kg-ot nyom, s millim\u00e9teres pontoss\u00e1ggal illeszkedik a ny\u00edl\u00e1sba. Mi t\u00f6bb, a k\u00f6v\u00f6n tal\u00e1lhat\u00f3 n\u00e9gy foganty\u00fab\u00f3l m\u00e1r csak egy maradt meg, az els\u0151 meger\u0151ltet\u00e9sre azonban az is sz\u00e9tm\u00e1llott.<\/p>\n<p>A s\u00edrboltot a m\u00faltban t\u00f6bbsz\u00f6r is felnyitott\u00e1k, a k\u00f6vetkez\u0151 \u00e9vek ismertek: 1804, 1896, 1899, 1913. Utolj\u00e1ra 1932-ben volt nyitva, mikor a templomhoz hozz\u00e1\u00e9p\u00edtett\u00e9k az \u00faj r\u00e9szt. A l\u00e9pcs\u0151k\u00f6n, amelyek 3 m\u00e9ter m\u00e9lyre vezetnek a templom szintje al\u00e1, kis gyerty\u00e1k hevertek, melyek a k\u00edv\u00e1ncsi ministr\u00e1nsok kez\u00e9b\u0151l eshettek ki, akik a k\u0151lapon tal\u00e1lhat\u00f3 kis ny\u00edl\u00e1son pr\u00f3b\u00e1lt\u00e1k felfedni, mit rejt az alattuk l\u00e9v\u0151 titokzatos \u00fcreg. Lehetett hallani ugyan arr\u00f3l, hogy n\u00e9h\u00e1ny \u00e9vtizede felnyitott\u00e1k a kript\u00e1t, ezt azonban a felnyit\u00e1s ig\u00e9nyess\u00e9ge \u00e9s a neh\u00e9z id\u0151k miatt val\u00f3sz\u00edn\u0171tlennek tartom. Ha elm\u00e9letileg valakinek siker\u00fclt is volna ezt megtenni, nem kellene dicsekednie vele, hiszen az az illet\u00e9kes szervek \u00e9s a csal\u00e1dtagok enged\u00e9lye n\u00e9lk\u00fcl t\u00f6rt\u00e9nt volna. Maga a s\u00edrbolt 5 m\u00e9ter hossz\u00fa, 3,5 m\u00e9ter sz\u00e9les s 2 m\u00e9ter magas. A helyis\u00e9gben egy borsai h\u00e1zasp\u00e1r 19. sz\u00e1zad v\u00e9g\u00e9r\u0151l sz\u00e1rmaz\u00f3 \u00f3nkopors\u00f3i domin\u00e1lnak. A h\u00e1zasp\u00e1r nagy val\u00f3sz\u00edn\u0171s\u00e9ggel a templom igazgat\u00e1s\u00e1nak t\u00e1mogat\u00f3ja lehetett. Megr\u00e1z\u00f3 \u00e9lm\u00e9nyt ny\u00fajt a gyerekkopors\u00f3 l\u00e1tv\u00e1nya. \u00d6t elhunyt maradv\u00e1nyait a 18. sz\u00e1zadb\u00f3l 1913-ban egy k\u00f6z\u00f6s kopors\u00f3ba helyezt\u00e9k. Egy m\u00e9terrel a s\u00edrbolt szintje alatt, a helyis\u00e9g sark\u00e1ban pedig egy csontt\u00e1rol\u00f3 tal\u00e1lhat\u00f3 ismeretlen sz\u00e1m\u00fa elhunyt f\u00f6ldi maradv\u00e1nyaival. A kript\u00e1t kimeszelt\u00e9k, meglep\u0151en tiszta \u00e9s neh\u00e9z szagot sem \u00e9rezni. A vizsg\u00e1latok befejezt\u00e9vel, a l\u00e9pcs\u0151k megtiszt\u00edt\u00e1sa ut\u00e1n, \u00fcveged\u00e9nyben \u00edr\u00e1sos eml\u00e9ket helyeztek el a kript\u00e1ban, s augusztus 9-\u00e9n r\u00f6vid \u00e1jtatoss\u00e1g ut\u00e1n, h\u00e1rom pap \u00e9s a h\u00edv\u0151k r\u00e9szv\u00e9tel\u00e9vel, val\u00f3sz\u00edn\u0171leg hossz\u00fa id\u0151re, \u00fcnnep\u00e9lyesen lez\u00e1rult a s\u00edrbolt. Azt, hogy nem mindennapi esem\u00e9nyr\u0151l volt sz\u00f3, bizony\u00edtja az is, hogy egy h\u00e9t alatt t\u00f6bb mint 200 h\u00edv\u0151 l\u00e1togatta meg a s\u00edreml\u00e9ket. Nyugodjanak b\u00e9k\u00e9ben!<\/p>\n<p>Gajdo\u0161 P\u00e1l pl\u00e9b\u00e1nos\t\t\t\t<\/p>\n","protected":false},"excerpt":{"rendered":"<p>V\u00a0r\u00e1mci podrobn\u00e9ho architektonicko-historick\u00e9ho prieskumu farsk\u00e9ho kostola v\u00a0Kostolnej pri Dunaji, pod doh\u013eadom Krajsk\u00e9ho pamiatkov\u00e9ho \u00faradu v Bratislave, bola v\u00a0prvom augustovom t\u00fd\u017edni otvoren\u00e1 hrobka pod farsk\u00fdm kostolom.<\/p>\n","protected":false},"author":1,"featured_media":2514,"comment_status":"closed","ping_status":"closed","sticky":false,"template":"","format":"standard","meta":{"footnotes":""},"categories":[6],"tags":[24],"class_list":{"0":"entry","1":"post","2":"publish","3":"author-marian-jasenoveceltras-sk","4":"has-excerpt","5":"has-more-link","6":"post-2513","8":"format-standard","9":"has-post-thumbnail","10":"category-aktuality-sk","11":"post_tag-aktuality"},"_links":{"self":[{"href":"https:\/\/www.farakostolna.sk\/index.php?rest_route=\/wp\/v2\/posts\/2513","targetHints":{"allow":["GET"]}}],"collection":[{"href":"https:\/\/www.farakostolna.sk\/index.php?rest_route=\/wp\/v2\/posts"}],"about":[{"href":"https:\/\/www.farakostolna.sk\/index.php?rest_route=\/wp\/v2\/types\/post"}],"author":[{"embeddable":true,"href":"https:\/\/www.farakostolna.sk\/index.php?rest_route=\/wp\/v2\/users\/1"}],"replies":[{"embeddable":true,"href":"https:\/\/www.farakostolna.sk\/index.php?rest_route=%2Fwp%2Fv2%2Fcomments&post=2513"}],"version-history":[{"count":0,"href":"https:\/\/www.farakostolna.sk\/index.php?rest_route=\/wp\/v2\/posts\/2513\/revisions"}],"wp:featuredmedia":[{"embeddable":true,"href":"https:\/\/www.farakostolna.sk\/index.php?rest_route=\/"}],"wp:attachment":[{"href":"https:\/\/www.farakostolna.sk\/index.php?rest_route=%2Fwp%2Fv2%2Fmedia&parent=2513"}],"wp:term":[{"taxonomy":"category","embeddable":true,"href":"https:\/\/www.farakostolna.sk\/index.php?rest_route=%2Fwp%2Fv2%2Fcategories&post=2513"},{"taxonomy":"post_tag","embeddable":true,"href":"https:\/\/www.farakostolna.sk\/index.php?rest_route=%2Fwp%2Fv2%2Ftags&post=2513"}],"curies":[{"name":"wp","href":"https:\/\/api.w.org\/{rel}","templated":true}]}}