{"id":2491,"date":"2015-07-25T21:00:52","date_gmt":"2015-07-25T21:00:52","guid":{"rendered":"http:\/\/kostolna.fara.sk\/?p=2491"},"modified":"2015-07-25T21:00:52","modified_gmt":"2015-07-25T21:00:52","slug":"splav-maleho-dunaja-csonaktura-a-kis-dunan","status":"publish","type":"post","link":"https:\/\/www.farakostolna.sk\/?p=2491","title":{"rendered":"Splav Mal\u00e9ho Dunaja \/ Cs\u00f3nakt\u00fara a Kis-Dun\u00e1n"},"content":{"rendered":"<p>\t\t\t\t<a href=\"http:\/\/kostolna.fara.sk\/wp-content\/uploads\/2015\/08\/DSC01137.jpg\"><img loading=\"lazy\" decoding=\"async\" class=\"size-thumbnail wp-image-2492 alignleft\" src=\"http:\/\/kostolna.fara.sk\/wp-content\/uploads\/2015\/08\/DSC01137-150x150.jpg\" alt=\"DSC01137\" width=\"150\" height=\"150\" \/><\/a><\/p>\n<p>Leto je ten spr\u00e1vny \u010das na pozn\u00e1vanie pr\u00edrody, oddych, stret\u00e1vanie sa.<!--more--><\/p>\n<p>Osvie\u017eenie pri vode sme si dopriali na splave Mal\u00e9ho Dunaja v\u00a0sobotu 25. j\u00fala 2015. Tento ro\u010dn\u00edk bol u\u017e piatym v porad\u00ed pod z\u00e1\u0161titou p\u00e1na far\u00e1ra <em>Pavla Gajdo\u0161a<\/em>. Na splav sa pridal aj p\u00e1n far\u00e1r <em>Marek<\/em> z\u00a0Kuchyne spolu s\u00a0priate\u013emi. Celkom n\u00e1s bolo asi 30. Mal\u00ed, v\u00e4\u010d\u0161\u00ed, star\u0161\u00ed&#8230; Rozdiel medzi najstar\u0161\u00edm a\u00a0najmlad\u0161\u00edm vod\u00e1kom bol viac ako 70 rokov. \u010co na to poviete?<\/p>\n<p>Po dlh\u00fdch a\u00a0ve\u013emi hor\u00facich d\u0148och sme v\u00a0sobotu vy\u0161tartovali do Vlkov. U\u017e po ceste pop\u0155chalo a\u00a0vo Vlkoch sa spustila preh\u00e1nka. Ale ani mal\u00e9 deti to od dobrodru\u017estva neodradilo a\u00a0ochotne nastupovali do lodiek. Hne\u010f ako sme vyrazili, po\u010dasie sa zlep\u0161ilo a\u00a0pred nami bol pr\u00edjemn\u00fd slne\u010dn\u00fd de\u0148.<\/p>\n<p>Tok Mal\u00e9ho Dunaja m\u00e1 k\u013eukat\u00fa trasu, je pokojn\u00fd, ob\u010das sa treba vyhn\u00fa\u0165 spadnut\u00e9mu stromu, ktor\u00fd m\u00e1 kon\u00e1re kade-tade aj pod vodou. Ak ich nezbad\u00e1te, \u010dak\u00e1 v\u00e1s e\u0161te v\u00e4\u010d\u0161ie dobrodru\u017estvo \u2013 m\u00f4\u017eete sa vyk\u00fapa\u0165.<\/p>\n<p>Niektor\u00ed sa teda vyk\u00fapali, ale zachra\u0148ova\u0165 sme nemuseli nikoho \u2013 voda nie je hlbok\u00e1. Sta\u010d\u00ed iba pochyta\u0165 vesl\u00e1, \u0161iltovky, sand\u00e1le a\u00a0spo\u010d\u00edta\u0165, \u010di je pos\u00e1dka kompletn\u00e1. J<\/p>\n<p>Je s\u00a0t\u00fdm dos\u0165 srandy, tak\u017ee niektor\u00ed sa vyk\u00fapu aj dobrovo\u013ene. Ve\u010f je leto.<\/p>\n<p>Z\u00a0lo\u010fky sa toho d\u00e1 ve\u013ea pozorova\u0165. Po trase s\u00fa z\u00e1toky pln\u00e9 vodn\u00fdch rias a\u00a0vysokej tr\u00e1vy. Dar\u00ed sa tam vodn\u00fdm vt\u00e1kom, div\u00fdm ka\u010dk\u00e1m. Ak si chcete odd\u00fdchnu\u0165, sta\u010d\u00ed sa zastavi\u0165 na nejakej l\u00fa\u010dke, ktor\u00fa stretnete po ceste. Po Malom Dunaji sa splavuje aj ve\u013ea in\u00fdch turistov: rodinky, za\u013e\u00fabenci, \u0161portovci. Ka\u017ed\u00e9mu je veselo, niektor\u00ed s\u00fa pripe\u010den\u00ed od slnie\u010dka, niektor\u00ed si spievaj\u00fa, tak\u017ee o\u00a0z\u00e1\u017eitok je postaran\u00e9.<\/p>\n<p>Do Jelky sme sa splavili asi po 4 hodin\u00e1ch. Ka\u017ed\u00fd chcel by\u0165 prv\u00fd, lebo p\u00e1n far\u00e1r vyhl\u00e1sil, \u017ee posledn\u00fd plat\u00ed obed. Ale vtipmi n\u00e1s z\u00e1sobovali aj deti v\u00a0lo\u010fk\u00e1ch, boli naozaj z\u00e1bavn\u00e9 a\u00a0vytrval\u00e9. Ka\u017ed\u00fd sa chcel pri\u010dini\u0165 o\u00a0\u0161\u0165astn\u00e9 doplavenie sa do cie\u013ea.<\/p>\n<p>Pri vodnom mlyne v\u00a0Jelke n\u00e1s \u010dakali ostatn\u00ed kamar\u00e1ti, ktor\u00ed sa neplavili, lebo si netr\u00fafli, alebo maj\u00fa ve\u013emi mal\u00e9 deti.<\/p>\n<p>Ob\u010derstvili sme sa spolu, odd\u00fdchli si. Zasl\u00fa\u017eene! Bol to dobr\u00fd v\u00fdkon \u2013 v\u00a0nede\u013eu to bolo v\u00a0ramen\u00e1ch aj trochu c\u00edti\u0165. Ale \u010fakujeme za z\u00e1\u017eitky!<\/p>\n<p>&nbsp;<\/p>\n<p><a href=\"https:\/\/goo.gl\/photos\/fT6zP2oDR9EU9i2p6\" target=\"_blank\" rel=\"noopener noreferrer\">Fotky\/F\u00e9nyk\u00e9pek<\/a><br \/>\n2015. j\u00falius 25-\u00e9n m\u00e1r \u00f6t\u00f6dik alkalommal ker\u00fclt sor a Kis-Dun\u00e1n megszervezett cs\u00f3nakt\u00far\u00e1ra pl\u00e9b\u00e1nos urunk, Gajdo\u0161 P\u00e1l vezet\u00e9s\u00e9vel. Csatlakozott hozz\u00e1nk Marek atya, kuchy\u0148ai pl\u00e9b\u00e1nos is csapat\u00e1val. Kb. harmincan lehett\u00fcnk, s a leg\u00f6regebb \u00e9s legfiatalabb r\u00e9sztvev\u0151 k\u00f6zti kork\u00fcl\u00f6nbs\u00e9g 70 \u00e9vre r\u00fagott.<\/p>\n<p>A cs\u00f3nakt\u00fara az id\u00e9n is V\u0151k\u00f6n kezd\u0151d\u00f6tt, s az indul\u00e1s ut\u00e1n a napocska is kis\u00fct\u00f6tt. N\u00e9gy \u00f3ra eltelt\u00e9vel \u00e9rkezt\u00fcnk meg J\u00f3k\u00e1ra a v\u00edzimalomhoz, ahol m\u00e1r v\u00e1rtak r\u00e1nk a t\u00f6bbiek, akik nem v\u00e1llalkoztak a cs\u00f3nak\u00e1z\u00e1sra vagy apr\u00f3 gyerekeik vannak. K\u00f6vetkezhetett a meg\u00e9rdemelt pihen\u00e9s. K\u00f6sz\u00f6nj\u00fck az \u00e9lm\u00e9nyeket!\t\t\t\t<\/p>\n","protected":false},"excerpt":{"rendered":"<p>Leto je ten spr\u00e1vny \u010das na pozn\u00e1vanie pr\u00edrody, oddych, stret\u00e1vanie sa.<\/p>\n","protected":false},"author":1,"featured_media":2492,"comment_status":"closed","ping_status":"closed","sticky":false,"template":"","format":"standard","meta":{"footnotes":""},"categories":[6],"tags":[24],"class_list":{"0":"entry","1":"post","2":"publish","3":"author-marian-jasenoveceltras-sk","4":"has-excerpt","5":"has-more-link","6":"post-2491","8":"format-standard","9":"has-post-thumbnail","10":"category-aktuality-sk","11":"post_tag-aktuality"},"_links":{"self":[{"href":"https:\/\/www.farakostolna.sk\/index.php?rest_route=\/wp\/v2\/posts\/2491","targetHints":{"allow":["GET"]}}],"collection":[{"href":"https:\/\/www.farakostolna.sk\/index.php?rest_route=\/wp\/v2\/posts"}],"about":[{"href":"https:\/\/www.farakostolna.sk\/index.php?rest_route=\/wp\/v2\/types\/post"}],"author":[{"embeddable":true,"href":"https:\/\/www.farakostolna.sk\/index.php?rest_route=\/wp\/v2\/users\/1"}],"replies":[{"embeddable":true,"href":"https:\/\/www.farakostolna.sk\/index.php?rest_route=%2Fwp%2Fv2%2Fcomments&post=2491"}],"version-history":[{"count":0,"href":"https:\/\/www.farakostolna.sk\/index.php?rest_route=\/wp\/v2\/posts\/2491\/revisions"}],"wp:featuredmedia":[{"embeddable":true,"href":"https:\/\/www.farakostolna.sk\/index.php?rest_route=\/"}],"wp:attachment":[{"href":"https:\/\/www.farakostolna.sk\/index.php?rest_route=%2Fwp%2Fv2%2Fmedia&parent=2491"}],"wp:term":[{"taxonomy":"category","embeddable":true,"href":"https:\/\/www.farakostolna.sk\/index.php?rest_route=%2Fwp%2Fv2%2Fcategories&post=2491"},{"taxonomy":"post_tag","embeddable":true,"href":"https:\/\/www.farakostolna.sk\/index.php?rest_route=%2Fwp%2Fv2%2Ftags&post=2491"}],"curies":[{"name":"wp","href":"https:\/\/api.w.org\/{rel}","templated":true}]}}