{"id":2449,"date":"2015-06-28T07:55:41","date_gmt":"2015-06-28T07:55:41","guid":{"rendered":"http:\/\/kostolna.fara.sk\/?p=2449"},"modified":"2015-06-28T07:55:41","modified_gmt":"2015-06-28T07:55:41","slug":"novoknaz-david-kollarik-v-hrubom-sure-ujmises-aldasban-reszesultunk","status":"publish","type":"post","link":"https:\/\/www.farakostolna.sk\/?p=2449","title":{"rendered":"Novok\u0148az D\u00e1vid Koll\u00e1rik v Hrubom \u0160\u00fare \/ \u00dajmis\u00e9s \u00e1ld\u00e1sban r\u00e9szes\u00fclt\u00fcnk"},"content":{"rendered":"<p>\t\t\t\t<a href=\"http:\/\/kostolna.fara.sk\/wp-content\/uploads\/2015\/07\/ob1.png\"><img loading=\"lazy\" decoding=\"async\" class=\"size-thumbnail wp-image-2450 alignleft\" src=\"http:\/\/kostolna.fara.sk\/wp-content\/uploads\/2015\/07\/ob1-150x150.png\" alt=\"ob1\" width=\"150\" height=\"150\" \/><\/a>V\u00a0nede\u013eu 28. j\u00fana 2015 veriaci v\u00a0Hrubom \u0160\u00fare dostali novok\u0148azsk\u00e9 po\u017eehnanie od <i>D\u00e1vida Koll\u00e1rika<\/i>, rod\u00e1ka zo Senca, ktor\u00fd bol hlavn\u00fdm celebrantom sv. om\u0161e.\u00a0<!--more--><\/p>\n<p><a href=\"https:\/\/goo.gl\/photos\/o1h72jJaGwH4DCVn8\" target=\"_blank\" rel=\"noopener noreferrer\">Fotky \/ F\u00e9nyk\u00e9pek<\/a><\/p>\n<p>J\u00fanius 28-\u00e1n, vas\u00e1rnap kellemes meglepet\u00e9sben volt r\u00e9sz\u00fck a hegys\u00fari h\u00edveknek, ugyanis ell\u00e1togatott k\u00f6z\u00e9nk a szenci <i>Koll\u00e1rik D\u00e1vid<\/i> \u00fajmis\u00e9s lelkiatya, hogy bemutassa a legszentebb \u00e1ldozatot. Hom\u00edli\u00e1j\u00e1ban a Jairus le\u00e1ny\u00e1nak felt\u00e1maszt\u00e1s\u00e1r\u00f3l sz\u00f3l\u00f3 aznapi evang\u00e9liumi r\u00e9szlet magyar\u00e1zat\u00e1t hallhattuk, melyet hit\u00fcnk k\u00f6zponti elem\u00e9nek, Krisztus felt\u00e1mad\u00e1s\u00e1nak \u00f6sszef\u00fcgg\u00e9s\u00e9ben vizsg\u00e1lt. A szentmise v\u00e9g\u00e9n a h\u00edvek \u00e9s <i>Gajdo\u0161 P\u00e1l<\/i> pl\u00e9b\u00e1nos atya k\u00f6sz\u00f6netet mondtak az \u00faj lelkip\u00e1sztornak, hogy elj\u00f6tt k\u00f6z\u00e9nk, D\u00e1vid atya pedig felh\u00edvta a figyelmet arra, hogy milyen \u00e9get\u0151 sz\u00fcks\u00e9g van a h\u00edvek im\u00e1j\u00e1ra magyar papok\u00e9rt. Az \u00faj lelkiatya v\u00e9g\u00fcl \u00fajmis\u00e9s \u00e1ld\u00e1s\u00e1ban r\u00e9szes\u00edtette a jelenl\u00e9v\u0151ket.<\/p>\n<p>Istennek legyen h\u00e1la D\u00e1vid aty\u00e1\u00e9rt, hiszen nem mindennapi dolog, hogy a k\u00f6rny\u00e9ken magyar papi hivat\u00e1s sz\u00fclessen.<\/p>\n<p style=\"text-align: right;\">GZs<\/p>\n","protected":false},"excerpt":{"rendered":"<p>V\u00a0nede\u013eu 28. j\u00fana 2015 veriaci v\u00a0Hrubom \u0160\u00fare dostali novok\u0148azsk\u00e9 po\u017eehnanie od D\u00e1vida Koll\u00e1rika, rod\u00e1ka zo Senca, ktor\u00fd bol hlavn\u00fdm celebrantom sv. om\u0161e.\u00a0<\/p>\n","protected":false},"author":1,"featured_media":2450,"comment_status":"closed","ping_status":"closed","sticky":false,"template":"","format":"standard","meta":{"footnotes":""},"categories":[6],"tags":[24],"class_list":{"0":"entry","1":"post","2":"publish","3":"author-marian-jasenoveceltras-sk","4":"has-excerpt","5":"has-more-link","6":"post-2449","8":"format-standard","9":"has-post-thumbnail","10":"category-aktuality-sk","11":"post_tag-aktuality"},"_links":{"self":[{"href":"https:\/\/www.farakostolna.sk\/index.php?rest_route=\/wp\/v2\/posts\/2449","targetHints":{"allow":["GET"]}}],"collection":[{"href":"https:\/\/www.farakostolna.sk\/index.php?rest_route=\/wp\/v2\/posts"}],"about":[{"href":"https:\/\/www.farakostolna.sk\/index.php?rest_route=\/wp\/v2\/types\/post"}],"author":[{"embeddable":true,"href":"https:\/\/www.farakostolna.sk\/index.php?rest_route=\/wp\/v2\/users\/1"}],"replies":[{"embeddable":true,"href":"https:\/\/www.farakostolna.sk\/index.php?rest_route=%2Fwp%2Fv2%2Fcomments&post=2449"}],"version-history":[{"count":0,"href":"https:\/\/www.farakostolna.sk\/index.php?rest_route=\/wp\/v2\/posts\/2449\/revisions"}],"wp:featuredmedia":[{"embeddable":true,"href":"https:\/\/www.farakostolna.sk\/index.php?rest_route=\/"}],"wp:attachment":[{"href":"https:\/\/www.farakostolna.sk\/index.php?rest_route=%2Fwp%2Fv2%2Fmedia&parent=2449"}],"wp:term":[{"taxonomy":"category","embeddable":true,"href":"https:\/\/www.farakostolna.sk\/index.php?rest_route=%2Fwp%2Fv2%2Fcategories&post=2449"},{"taxonomy":"post_tag","embeddable":true,"href":"https:\/\/www.farakostolna.sk\/index.php?rest_route=%2Fwp%2Fv2%2Ftags&post=2449"}],"curies":[{"name":"wp","href":"https:\/\/api.w.org\/{rel}","templated":true}]}}