{"id":2427,"date":"2015-06-14T21:58:05","date_gmt":"2015-06-14T21:58:05","guid":{"rendered":"http:\/\/kostolna.fara.sk\/?p=2427"},"modified":"2015-06-14T21:58:05","modified_gmt":"2015-06-14T21:58:05","slug":"prve-svate-prijimanie-v-nasej-farnosti-elsoaldozas","status":"publish","type":"post","link":"https:\/\/www.farakostolna.sk\/?p=2427","title":{"rendered":"Prv\u00e9 sv\u00e4t\u00e9 prij\u00edmanie v na\u0161ej farnosti \/ Els\u0151\u00e1ldoz\u00e1s"},"content":{"rendered":"<p>\t\t\t\t<a href=\"http:\/\/kostolna.fara.sk\/wp-content\/uploads\/2015\/07\/DSC_5144.jpg\"><img loading=\"lazy\" decoding=\"async\" class=\"size-thumbnail wp-image-2428 alignleft\" alt=\"DSC_5144\" src=\"http:\/\/kostolna.fara.sk\/wp-content\/uploads\/2015\/07\/DSC_5144-150x150.jpg\" width=\"150\" height=\"150\" \/><\/a>14. j\u00fana 2015 sa v\u00a0na\u0161ej farnosti uskuto\u010dnilo prv\u00e9 sv\u00e4t\u00e9 prij\u00edmanie. <!--more-->Na prij\u00edman\u00ed sa z\u00fa\u010dastnilo spolu 14 det\u00ed, z\u00a0toho 7 diev\u010dat a\u00a07 chlapcov. Deti sa od za\u010diatku roka poctivo pripravovali na tento ve\u013ek\u00fd de\u0148, pravidelne sa stret\u00e1vali na sv\u00e4tej om\u0161i pre deti v\u00a0Hrubom \u0160\u00fare a\u00a0v\u00a0pastora\u010dnom centre pod farou v\u00a0Kostolnej pri Dunaji. V\u00a0stredu 10. j\u00fana ich d\u00f4stojn\u00fd p\u00e1n far\u00e1r Pavol Gajdo\u0161 presk\u00fa\u0161al z\u00a0vedomost\u00ed, ktor\u00e9 nadobudli a\u00a0v piatok 12. j\u00fana deti prist\u00fapili k druhej sviatosti vo svojom \u017eivote, k sviatosti zmierenia. Mnoh\u00fdm de\u0165om padol po spovedi doslova kame\u0148 zo srdca. Rados\u0165 v\u00a0ich o\u010dk\u00e1ch bola obrovsk\u00e1, ve\u010f to vyjadruj\u00fa aj slov\u00e1 mnoh\u00fdch z\u00a0nich: \u201eJe to n\u00e1dhern\u00fd pocit, by\u0165 bez hriechu\u201c.<\/p>\n<p>Potom pri\u0161iel de\u0148 D. R\u00e1no sa deti zobudili do n\u00e1dhern\u00e9ho slne\u010dn\u00e9ho d\u0148a, ktor\u00fd n\u00e1m po\u017eehnal P\u00e1n. Kostol doslova praskal vo \u0161v\u00edkoch, ve\u010f na tejto ceste deti sprev\u00e1dzali nielen rodi\u010dia a s\u00farodenci, ale aj star\u00ed rodi\u010dia, krstn\u00ed rodi\u010dia,\u00a0priatelia a\u00a0kamar\u00e1ti. Deti sa na om\u0161i akt\u00edvne zap\u00e1jali \u010d\u00edtan\u00edm, spevom, modlitbou. Po n\u00e1dhernej k\u00e1zni n\u00e1\u0161ho p\u00e1na far\u00e1ra u\u017e deti netrpezlivo o\u010dak\u00e1vali moment, kedy po prv\u00fdkr\u00e1t pr\u00edjmu Telo a\u00a0Krv P\u00e1na Je\u017ei\u0161a. Prijat\u00edm Sv\u00e4tej Eucharistie sa zav\u0155\u0161ilo uvedenie det\u00ed do kres\u0165ansk\u00e9ho \u017eivota. Prostredn\u00edctvom Eucharistie maj\u00fa deti s\u00a0cel\u00fdm spolo\u010denstvom \u00fa\u010das\u0165 na P\u00e1novej obete.<\/p>\n<p>V\u00a0mene v\u0161etk\u00fdch rodi\u010dov prvoprij\u00edmaj\u00facich det\u00ed by som rada po\u010fakovala n\u00e1\u0161mu d\u00f4stojn\u00e9mu p\u00e1novi far\u00e1rovi Pavlovi Gajdo\u0161ovi, za jeho obetav\u00fa pr\u00edpravu, \u010das a\u00a0energiu, ktor\u00fa de\u0165om venoval po\u010das tohto obdobia. Vyprosujeme mu Bo\u017eie po\u017eehnanie a\u00a0milos\u0165 u\u00a0n\u00e1\u0161ho milovan\u00e9ho Otca. Prajeme mu ve\u013ea s\u00edl, trpezlivosti a\u00a0el\u00e1nu do \u010fal\u0161\u00edch rokov.<\/p>\n<p align=\"right\">Michaela Barab\u00e1sov\u00e1<\/p>\n<p><a href=\"https:\/\/goo.gl\/photos\/2Cz858wb8BrHC6T66\" target=\"_blank\" rel=\"noopener noreferrer\">Fotky \/ F\u00e9nyk\u00e9pek<\/a><\/p>\n<p>2015. j\u00fanius 14-\u00e9n els\u0151\u00e1ldoz\u00e1sra ker\u00fclt sor pl\u00e9b\u00e1niak\u00f6zs\u00e9g\u00fcnkben, melyen \u00f6sszesen 14-en vettek r\u00e9szt: 7 fi\u00fa \u00e9s 7 l\u00e1ny. A gyerekek az \u00e9v elej\u00e9t\u0151l becs\u00fcletesen k\u00e9sz\u00fcltek erre a nagy napra, rendszeresen tal\u00e1lkoztak a hegys\u00fari gyerekszentmis\u00e9ken \u00e9s a pasztor\u00e1ci\u00f3s k\u00f6zpontban megtartott \u00f6sszej\u00f6veteleken. J\u00fanius 10-\u00e9n, szerd\u00e1n a pl\u00e9b\u00e1nos \u00far kik\u00e9rdezte \u0151ket az elsaj\u00e1t\u00edtott anyagb\u00f3l, majd j\u00fanius 12-\u00e9n tal\u00e1lkoztak a m\u00e1sodik szents\u00e9ggel az \u00e9let\u00fckben: a b\u0171nb\u00e1nat szents\u00e9g\u00e9hez j\u00e1rultak. Sokaknak nagy k\u0151 esett le a sz\u00edv\u00fckr\u0151l. A szem\u00fck \u00f6r\u00f6mt\u0151l ragyogott, hiszen, ahogy azt el is mondt\u00e1k: \u201eCsod\u00e1latos \u00e9rz\u00e9s b\u0171n n\u00e9lk\u00fcl lenni.\u201d<\/p>\n<p>Majd el\u00e9rkezett a nagy nap. A gy\u00f6ny\u00f6r\u0171 id\u0151t Isten \u00e1ld\u00e1sa k\u00eds\u00e9rte. A templom teljesen megtelt, hiszen a gyerekeket nemcsak sz\u00fcleik \u00e9s testv\u00e9reik, hanem nagysz\u00fcleik, keresztsz\u00fcleik \u00e9s bar\u00e1taik is elk\u00eds\u00e9rt\u00e9k. Az els\u0151\u00e1ldoz\u00f3k akt\u00edvan bekapcsol\u00f3dtak a szentmis\u00e9be felolvas\u00e1ssal, \u00e9nekkel, im\u00e1val. A pl\u00e9b\u00e1nos \u00far sz\u00e9p pr\u00e9dik\u00e1ci\u00f3ja ut\u00e1n m\u00e1r t\u00fcrelmetlen\u00fcl v\u00e1rt\u00e1k a pillanatot, amikor el\u0151sz\u00f6r veszik magukhoz az \u00dar J\u00e9zus Test\u00e9t \u00e9s V\u00e9r\u00e9t. Az Olt\u00e1riszents\u00e9g v\u00e9tele \u00e1ltal \u0151k is r\u00e9szeseiv\u00e9 v\u00e1ltak Urunk \u00e1ldozat\u00e1nak.<\/p>\n<p>Az els\u0151\u00e1ldoz\u00f3k sz\u00fclei nev\u00e9ben szeretn\u00e9k k\u00f6sz\u00f6netet mondani Gajdo\u0161 P\u00e1l pl\u00e9b\u00e1nos urunknak az id\u0151\u00e9rt \u00e9s energi\u00e1\u00e9rt, amelyet gyermekeink felk\u00e9sz\u00edt\u00e9s\u00e9re \u00e1ldozott. K\u00e9rj\u00fck, mennyei Aty\u00e1nk adja meg neki \u00e1ld\u00e1s\u00e1t \u00e9s kegyelmeit! Sok er\u0151t \u00e9s kitart\u00e1st k\u00edv\u00e1nunk neki a tov\u00e1bbiakban.\t\t\t\t<\/p>\n","protected":false},"excerpt":{"rendered":"<p>14. j\u00fana 2015 sa v\u00a0na\u0161ej farnosti uskuto\u010dnilo prv\u00e9 sv\u00e4t\u00e9 prij\u00edmanie.<\/p>\n","protected":false},"author":1,"featured_media":2428,"comment_status":"closed","ping_status":"closed","sticky":false,"template":"","format":"standard","meta":{"footnotes":""},"categories":[6],"tags":[24],"class_list":{"0":"entry","1":"post","2":"publish","3":"author-marian-jasenoveceltras-sk","4":"has-excerpt","5":"has-more-link","6":"post-2427","8":"format-standard","9":"has-post-thumbnail","10":"category-aktuality-sk","11":"post_tag-aktuality"},"_links":{"self":[{"href":"https:\/\/www.farakostolna.sk\/index.php?rest_route=\/wp\/v2\/posts\/2427","targetHints":{"allow":["GET"]}}],"collection":[{"href":"https:\/\/www.farakostolna.sk\/index.php?rest_route=\/wp\/v2\/posts"}],"about":[{"href":"https:\/\/www.farakostolna.sk\/index.php?rest_route=\/wp\/v2\/types\/post"}],"author":[{"embeddable":true,"href":"https:\/\/www.farakostolna.sk\/index.php?rest_route=\/wp\/v2\/users\/1"}],"replies":[{"embeddable":true,"href":"https:\/\/www.farakostolna.sk\/index.php?rest_route=%2Fwp%2Fv2%2Fcomments&post=2427"}],"version-history":[{"count":0,"href":"https:\/\/www.farakostolna.sk\/index.php?rest_route=\/wp\/v2\/posts\/2427\/revisions"}],"wp:featuredmedia":[{"embeddable":true,"href":"https:\/\/www.farakostolna.sk\/index.php?rest_route=\/"}],"wp:attachment":[{"href":"https:\/\/www.farakostolna.sk\/index.php?rest_route=%2Fwp%2Fv2%2Fmedia&parent=2427"}],"wp:term":[{"taxonomy":"category","embeddable":true,"href":"https:\/\/www.farakostolna.sk\/index.php?rest_route=%2Fwp%2Fv2%2Fcategories&post=2427"},{"taxonomy":"post_tag","embeddable":true,"href":"https:\/\/www.farakostolna.sk\/index.php?rest_route=%2Fwp%2Fv2%2Ftags&post=2427"}],"curies":[{"name":"wp","href":"https:\/\/api.w.org\/{rel}","templated":true}]}}