{"id":2425,"date":"2015-05-25T21:54:47","date_gmt":"2015-05-25T21:54:47","guid":{"rendered":"http:\/\/kostolna.fara.sk\/?p=2425"},"modified":"2015-05-25T21:54:47","modified_gmt":"2015-05-25T21:54:47","slug":"po-stopach-zjavenia-panny-marie-a-maria-jelenesek-nyomaban","status":"publish","type":"post","link":"https:\/\/www.farakostolna.sk\/?p=2425","title":{"rendered":"Po stop\u00e1ch zjavenia Panny M\u00e1rie \/ A M\u00e1ria-jelen\u00e9sek nyom\u00e1ban"},"content":{"rendered":"<p>\t\t\t\t<a href=\"http:\/\/kostolna.fara.sk\/wp-content\/uploads\/2015\/07\/lurdy_kostel.jpg\"><img loading=\"lazy\" decoding=\"async\" class=\"size-thumbnail wp-image-2430 alignleft\" alt=\"KONICA MINOLTA DIGITAL CAMERA\" src=\"http:\/\/kostolna.fara.sk\/wp-content\/uploads\/2015\/07\/lurdy_kostel-150x150.jpg\" width=\"150\" height=\"150\" \/><\/a>Koncom m\u00e1ja sa konala i\u00a0z\u00a0na\u0161ej farnosti p\u00fa\u0165 za Pannou M\u00e1riou do Franc\u00fazska \u2013 La Salettu a\u00a0Lourdes.<!--more--><\/p>\n<p>Od pondelka obeda sme cestovali autobusom od za\u010diatku v\u00a0dobrej n\u00e1lade a\u00a0u\u017e v\u00a0utorok r\u00e1no sme \u0161\u0165astne dorazili do prekr\u00e1sneho vysokohorsk\u00e9ho prostredia franc\u00fazskych \u00c1lp \u2013 La Salettu. Pre\u0161li sme miestom zjavenia P. M\u00e1rie v n\u00e1dhernej bazilike, kde sme mali aj sv. om\u0161u s\u00a0vdp. Pavlom Gajdo\u0161om a\u00a0vdp. Mari\u00e1nom Horv\u00e1thom. Nech\u00fdbala pravda\u017ee gitara ani vz\u00e1cne\u00a0povzbudiv\u00e9 slov\u00e1 oboch p. far\u00e1rov.<\/p>\n<p>Na druh\u00fd de\u0148 sme \u0161\u0165astne dorazili do sl\u00e1vneho p\u00fatnick\u00e9ho mesta \u2013 Lourdes. Ubytovanie bolo ide\u00e1lne \u2013 takmer 5 min. od n\u00e1mestia miesta zjavenia. Ka\u017ed\u00fd de\u0148 sme mali spolo\u010dn\u00fa sv. om\u0161u, kde sme mohli z\u00a0cel\u00e9ho srdca prosi\u0165 a\u00a0\u010fakova\u0165 za to\u013ek\u00e9 dary v\u00a0na\u0161ich \u017eivotoch, aj za ten najv\u00e4\u010d\u0161\u00ed \u2013 za milos\u0165, mo\u017enos\u0165 by\u0165 tu, tak bl\u00edzko, hne\u010f pod ochrann\u00fdmi kr\u00eddlami na\u0161ej drahej Matky.<\/p>\n<p>Mali sme mo\u017enos\u0165 po dva dni sa z\u00fa\u010dastni\u0165 eucharistickej procesie, svie\u010dkov\u00e9ho sprievodu, sv. ru\u017eenca, pri ktorom n\u00e1s mohli aj doma vidie\u0165 na telev\u00edznom kan\u00e1li LUX. Pre\u0161li sme i prehliadkou \u2013 miesta narodenia, krstu i\u00a0obydlia sv. Bernadety. Vo \u0161tvrtok poobede sa konala nezabudnute\u013en\u00e1 kr\u00ed\u017eov\u00e1 cesta na kalv\u00e1riu, ktor\u00e1 bola n\u00e1dherne vystihnut\u00e1 slovom, pies\u0148ou i\u00a0prostred\u00edm vo vysokohorskom ter\u00e9ne.<\/p>\n<p>Ve\u013emi pr\u00edjemn\u00e1 bola aj mo\u017enos\u0165 \u201ebaz\u00e9nov,\u201c kde sme sa priam otu\u017eili a\u00a0z\u00e1rove\u0148 mohli vyhria\u0165 na slnie\u010dku pri brehu rieky Gava. Pravda\u017ee sme vyu\u017eili aj mo\u017enos\u0165 nabra\u0165 si z ozdravuj\u00facej lurdskej vody pre n\u00e1s i\u00a0pre na\u0161ich drah\u00fdch domov.<\/p>\n<p>V\u00a0posledn\u00fd de\u0148 sme sa z\u00fa\u010dastnili sv. om\u0161e priamo na mieste zjavenia pod sochou Panny M\u00e1rie, kde sme s\u00a0piatkovou rannou sv. om\u0161ou aj zakon\u010dili na\u0161u p\u00fa\u0165. Nakoniec lietadlo \u0161\u0165astne prist\u00e1lo u\u017e pred 15.00 hod. na bratislavskom letisku.<\/p>\n<p>Tie vz\u00e1cne chv\u00edle, \u010do sme tam spolu pre\u017eili, n\u00e1m dali ve\u013emi ve\u013ea! Ned\u00e1 sa to takto slovami v\u0161etko op\u00edsa\u0165, ur\u010dite tam treba aspo\u0148 raz \u00eds\u0165 a\u00a0osobne to pre\u017ei\u0165. Vo mne samej ostala v\u00a0srdci ve\u013ek\u00e1 t\u00fa\u017eba sa tam e\u0161te niekedy vr\u00e1ti\u0165&#8230; A\u00a0v\u00e1m v\u0161etk\u00fdm, pokia\u013e to bude mo\u017en\u00e9, ju vrelo odpor\u00fa\u010dam. Verte, \u017ee naberiete \u00fa\u017easn\u00fa vn\u00fatorn\u00fa silu, po\u017eehnanie do \u010fal\u0161\u00edch dn\u00ed, napln\u00ed v\u00e1s opravdiv\u00e1 rados\u0165, pokoj a\u00a0v\u00e1\u0161 \u017eivot sa stane kraj\u0161\u00edm a pln\u0161\u00edm J.<\/p>\n<p align=\"right\"><i>Eva Hor\u010dinov\u00e1<\/i><\/p>\n<p>&nbsp;<\/p>\n<p>M\u00e1jus v\u00e9g\u00e9n franciaorsz\u00e1gi zar\u00e1ndoklaton vett\u00fcnk r\u00e9szt, \u00fatic\u00e9lunk La Salette \u00e9s Lourdes volt. Odafel\u00e9 aut\u00f3busszal utaztunk, hogy \u00fatba ejthess\u00fck a francia Alpokban fekv\u0151 M\u00e1ria-jelen\u00e9s hely\u00e9t, La Salette-t. Lourdesb\u0151l pedig rep\u00fcl\u0151g\u00e9ppel indultunk haza. Lelkiaty\u00e1ink, Gajdo\u0161 P\u00e1l \u00e9s Mari\u00e1n Horv\u00e1th mindennap szentmis\u00e9t mutattak be. Lourdes-ban a jelen\u00e9sek ter\u00e9nek k\u00f6zvetlen k\u00f6zel\u00e9ben voltunk elsz\u00e1ll\u00e1solva. K\u00f6rmeneten, kereszt\u00faton \u00e9s a r\u00f3zsaf\u00fcz\u00e9r im\u00e1ds\u00e1gon is r\u00e9szt vehett\u00fcnk, s megtekinthett\u00fck Szent Bernadett \u00e9let\u00e9nek fontos \u00e1llom\u00e1sait. Rendk\u00edv\u00fcl kellemes volt megm\u00e1rt\u00f3zni a \u201emedenc\u00e9k\u201d-ben, s term\u00e9szetesen a gy\u00f3gy\u00edt\u00f3 hat\u00e1s\u00fa v\u00edzb\u0151l hoztunk otthon maradt szeretteinknek is.<\/p>\n<p>Le\u00edrhatatlan, mi mindent kaptunk ett\u0151l a zar\u00e1ndoklatt\u00f3l, mindenkinek csak aj\u00e1nlani tudom!\t\t\t\t<\/p>\n","protected":false},"excerpt":{"rendered":"<p>Koncom m\u00e1ja sa konala i\u00a0z\u00a0na\u0161ej farnosti p\u00fa\u0165 za Pannou M\u00e1riou do Franc\u00fazska \u2013 La Salettu a\u00a0Lourdes.<\/p>\n","protected":false},"author":1,"featured_media":2430,"comment_status":"closed","ping_status":"closed","sticky":false,"template":"","format":"standard","meta":{"footnotes":""},"categories":[6],"tags":[24],"class_list":{"0":"entry","1":"post","2":"publish","3":"author-marian-jasenoveceltras-sk","4":"has-excerpt","5":"has-more-link","6":"post-2425","8":"format-standard","9":"has-post-thumbnail","10":"category-aktuality-sk","11":"post_tag-aktuality"},"_links":{"self":[{"href":"https:\/\/www.farakostolna.sk\/index.php?rest_route=\/wp\/v2\/posts\/2425","targetHints":{"allow":["GET"]}}],"collection":[{"href":"https:\/\/www.farakostolna.sk\/index.php?rest_route=\/wp\/v2\/posts"}],"about":[{"href":"https:\/\/www.farakostolna.sk\/index.php?rest_route=\/wp\/v2\/types\/post"}],"author":[{"embeddable":true,"href":"https:\/\/www.farakostolna.sk\/index.php?rest_route=\/wp\/v2\/users\/1"}],"replies":[{"embeddable":true,"href":"https:\/\/www.farakostolna.sk\/index.php?rest_route=%2Fwp%2Fv2%2Fcomments&post=2425"}],"version-history":[{"count":0,"href":"https:\/\/www.farakostolna.sk\/index.php?rest_route=\/wp\/v2\/posts\/2425\/revisions"}],"wp:featuredmedia":[{"embeddable":true,"href":"https:\/\/www.farakostolna.sk\/index.php?rest_route=\/"}],"wp:attachment":[{"href":"https:\/\/www.farakostolna.sk\/index.php?rest_route=%2Fwp%2Fv2%2Fmedia&parent=2425"}],"wp:term":[{"taxonomy":"category","embeddable":true,"href":"https:\/\/www.farakostolna.sk\/index.php?rest_route=%2Fwp%2Fv2%2Fcategories&post=2425"},{"taxonomy":"post_tag","embeddable":true,"href":"https:\/\/www.farakostolna.sk\/index.php?rest_route=%2Fwp%2Fv2%2Ftags&post=2425"}],"curies":[{"name":"wp","href":"https:\/\/api.w.org\/{rel}","templated":true}]}}