{"id":2419,"date":"2015-07-04T20:38:16","date_gmt":"2015-07-04T20:38:16","guid":{"rendered":"http:\/\/kostolna.fara.sk\/?p=2419"},"modified":"2015-07-04T20:38:16","modified_gmt":"2015-07-04T20:38:16","slug":"pozvanie-na-farsky-splav","status":"publish","type":"post","link":"https:\/\/www.farakostolna.sk\/?p=2419","title":{"rendered":"Pozvanie na farsk\u00fd splav\/Megh\u00edv\u00f3 a pl\u00e9b\u00e1niak\u00f6zs\u00e9gi cs\u00f3nakt\u00far\u00e1ra"},"content":{"rendered":"<p>\t\t\t\t<a href=\"http:\/\/kostolna.fara.sk\/wp-content\/uploads\/2015\/07\/FS_2013_hry_skautov.jpg\"><img loading=\"lazy\" decoding=\"async\" class=\"size-thumbnail wp-image-2421 alignleft\" alt=\"OLYMPUS DIGITAL CAMERA\" src=\"http:\/\/kostolna.fara.sk\/wp-content\/uploads\/2015\/07\/FS_2013_hry_skautov-150x150.jpg\" width=\"150\" height=\"150\" \/><\/a>Srde\u010dne V\u00e1s poz\u00fdvame na 5. ro\u010dn\u00edk farsk\u00e9ho splavu Mal\u00e9ho Dunaja, ktor\u00fd sa uskuto\u010dn\u00ed v sobotu <b>25. j\u00fala 2015<\/b>. Stretneme sa o <b>9.tej hodine<\/b> vo<i> <\/i><b><i>Vlkoch<\/i><\/b>, odkia\u013e sa spolo\u010dne vyd\u00e1me na plavbu pokojn\u00fdm Mal\u00fdm Dunajom. Kapit\u00e1nom je n\u00e1\u0161 p\u00e1n far\u00e1r <i>Pavol Gajdo\u0161<\/i>. Cie\u013e plavby je <b><i>Jelka Mlyn<\/i><\/b>, kde budeme spolo\u010dne opeka\u0165 a hra\u0165 sa.<\/p>\n<p>Pre deti je nevyhnutn\u00e1 z\u00e1chrann\u00e1 vesta. Objedn\u00e1vanie \u010dlnov, vesiel a viest telefonicky, pr\u00edpadne cez SMS na \u010d\u00edsle <b>0949 334 169<\/b>.<\/p>\n<p>Te\u0161\u00edme sa na Va\u0161u \u00fa\u010das\u0165.<\/p>\n<p><i>organiz\u00e1tori<\/i><\/p>\n<p>&nbsp;<\/p>\n<p style=\"text-align: center;\">&#8212;&#8212;&#8212;&#8212;&#8212;&#8212;&#8212;&#8212;&#8212;&#8212;&#8212;&#8212;&#8212;&#8212;&#8212;&#8212;&#8212;&#8212;&#8212;&#8212;&#8212;&#8212;&#8212;&#8212;&#8212;&#8212;&#8212;&#8212;&#8212;&#8212;&#8212;<\/p>\n<p style=\"text-align: center;\" align=\"center\">Cs\u00f3nakt\u00fara a Kis-Dun\u00e1n<\/p>\n<p style=\"text-align: center;\" align=\"center\">Szeretettel v\u00e1rjuk a pl\u00e9b\u00e1niak\u00f6zs\u00e9gi cs\u00f3nakt\u00fara 5. \u00e9vfolyam\u00e1ra<\/p>\n<p style=\"text-align: center;\" align=\"center\">j\u00falius 25-\u00e9n, szombaton.<\/p>\n<p style=\"text-align: center;\" align=\"center\">Tov\u00e1bbi inform\u00e1ci\u00f3k: 0949 334\u00a0169<\/p>\n<p style=\"text-align: center;\" align=\"center\"><a href=\"http:\/\/www.fara.kostolna.sk\">www.fara.kostolna.sk<\/a><\/p>\n<p>Szeretettel v\u00e1rjuk a pl\u00e9b\u00e1niak\u00f6zs\u00e9gi cs\u00f3nakt\u00fara 5. \u00e9vfolyam\u00e1ra 2015. j\u00falius 25-\u00e9n, szombaton. 9.00 \u00f3rakor tal\u00e1lkozunk V\u0151k\u00f6n, ahol a kapit\u00e1ny, Gajdo\u0161 P\u00e1l pl\u00e9b\u00e1nos \u00far vezet\u00e9s\u00e9vel k\u00f6z\u00f6sen v\u00edzresz\u00e1llunk. \u00datic\u00e9lunk a j\u00f3kai malom, ahol majd egy\u00fctt fogunk s\u00fct\u00f6getni \u00e9s j\u00e1tszani.<\/p>\n<p>A gyerekeknek k\u00f6telez\u0151 ment\u0151mell\u00e9ny visel\u00e9se. Cs\u00f3nak-, evez\u0151- \u00e9s ment\u0151mell\u00e9ny-rendel\u00e9s a k\u00f6vetkez\u0151 telefonsz\u00e1mon (sms-ben is): 0949 334\u00a0169.<\/p>\n<p align=\"right\">A szervez\u0151k<\/p>\n<p><a href=\"http:\/\/kostolna.fara.sk\/wp-content\/uploads\/2015\/07\/Splav2015.png\"><img loading=\"lazy\" decoding=\"async\" class=\"size-thumbnail wp-image-2447 alignleft\" alt=\"Splav2015\" src=\"http:\/\/kostolna.fara.sk\/wp-content\/uploads\/2015\/07\/Splav2015-150x150.png\" width=\"150\" height=\"150\" \/><\/a><\/p>\n<p>&nbsp;\t\t\t\t<\/p>\n","protected":false},"excerpt":{"rendered":"<p>Srde\u010dne V\u00e1s poz\u00fdvame na 5. ro\u010dn\u00edk farsk\u00e9ho splavu Mal\u00e9ho Dunaja, ktor\u00fd sa uskuto\u010dn\u00ed v sobotu 25. j\u00fala 2015. Stretneme sa o 9.tej hodine vo Vlkoch, odkia\u013e sa spolo\u010dne vyd\u00e1me na plavbu pokojn\u00fdm Mal\u00fdm Dunajom. Kapit\u00e1nom je n\u00e1\u0161 p\u00e1n far\u00e1r Pavol Gajdo\u0161. Cie\u013e plavby je Jelka Mlyn, kde budeme spolo\u010dne opeka\u0165 a hra\u0165 sa. Pre deti &#8230; <span class=\"more\"><a class=\"more-link\" href=\"https:\/\/www.farakostolna.sk\/?p=2419\">[\u010c\u00edta\u0165 \u010falej&#8230;]<\/a><\/span><\/p>\n","protected":false},"author":1,"featured_media":0,"comment_status":"closed","ping_status":"closed","sticky":false,"template":"","format":"standard","meta":{"footnotes":""},"categories":[4],"tags":[22],"class_list":{"0":"entry","1":"post","2":"publish","3":"author-marian-jasenoveceltras-sk","4":"has-excerpt","5":"post-2419","7":"format-standard","8":"category-akcie","9":"post_tag-akcie"},"_links":{"self":[{"href":"https:\/\/www.farakostolna.sk\/index.php?rest_route=\/wp\/v2\/posts\/2419","targetHints":{"allow":["GET"]}}],"collection":[{"href":"https:\/\/www.farakostolna.sk\/index.php?rest_route=\/wp\/v2\/posts"}],"about":[{"href":"https:\/\/www.farakostolna.sk\/index.php?rest_route=\/wp\/v2\/types\/post"}],"author":[{"embeddable":true,"href":"https:\/\/www.farakostolna.sk\/index.php?rest_route=\/wp\/v2\/users\/1"}],"replies":[{"embeddable":true,"href":"https:\/\/www.farakostolna.sk\/index.php?rest_route=%2Fwp%2Fv2%2Fcomments&post=2419"}],"version-history":[{"count":0,"href":"https:\/\/www.farakostolna.sk\/index.php?rest_route=\/wp\/v2\/posts\/2419\/revisions"}],"wp:attachment":[{"href":"https:\/\/www.farakostolna.sk\/index.php?rest_route=%2Fwp%2Fv2%2Fmedia&parent=2419"}],"wp:term":[{"taxonomy":"category","embeddable":true,"href":"https:\/\/www.farakostolna.sk\/index.php?rest_route=%2Fwp%2Fv2%2Fcategories&post=2419"},{"taxonomy":"post_tag","embeddable":true,"href":"https:\/\/www.farakostolna.sk\/index.php?rest_route=%2Fwp%2Fv2%2Ftags&post=2419"}],"curies":[{"name":"wp","href":"https:\/\/api.w.org\/{rel}","templated":true}]}}