{"id":2414,"date":"2015-06-27T20:19:23","date_gmt":"2015-06-27T20:19:23","guid":{"rendered":"http:\/\/kostolna.fara.sk\/?p=2414"},"modified":"2015-06-27T20:19:23","modified_gmt":"2015-06-27T20:19:23","slug":"den-rodiny-2015-a-csalad-napja","status":"publish","type":"post","link":"https:\/\/www.farakostolna.sk\/?p=2414","title":{"rendered":"De\u0148 rodiny 2015 \/ A Csal\u00e1d Napja"},"content":{"rendered":"<p>\t\t\t\t<a href=\"http:\/\/kostolna.fara.sk\/wp-content\/uploads\/2015\/07\/DSC_1176.jpg\"><img loading=\"lazy\" decoding=\"async\" class=\"size-thumbnail wp-image-2435 alignleft\" alt=\"DSC_1176\" src=\"http:\/\/kostolna.fara.sk\/wp-content\/uploads\/2015\/07\/DSC_1176-150x150.jpg\" width=\"150\" height=\"150\" \/><\/a>Vo farnosti <b>Kostoln\u00e1 pri Dunaji<\/b> v\u00a0okrese Senec, do ktorej patria dve fili\u00e1lky Hrub\u00fd \u0160\u00far a\u00a0Hrub\u00e1 Bor\u0161a, sa aj tento rok uskuto\u010dnilo rodinn\u00e9 podujatie <i>De\u0148 rodiny<\/i>. <!--more--><!--more-->Pripravili ho a\u00a0sponzorsky zabezpe\u010dili farn\u00edci a\u00a0dobrodinci pod veden\u00edm miestneho p\u00e1na far\u00e1ra Pavla Gajdo\u0161a.<\/p>\n<p>\u201eProgram za\u010d\u00edna sv\u00e4tou om\u0161ou 27. 6. 2015 o\u00a015:30.\u201c Pre niektor\u00fdch to bola azda inform\u00e1cia, \u017ee sa a\u017e tak ve\u013emi pon\u00e1h\u013ea\u0165 nemusia. Pln\u00fd kostol preva\u017ene mlad\u00fdch rod\u00edn v\u0161ak hovoril jasnou re\u010dou o\u00a0priorite ich hodn\u00f4t. Deti boli vtiahnut\u00e9 do deja sv\u00e4tej om\u0161e interakt\u00edvnou k\u00e1z\u0148ou vz\u00e1cneho hos\u0165a <i>dona Lusco\u0148a<\/i>, ktor\u00fd spr\u00e1vne odpovede odme\u0148oval vecn\u00fdmi dar\u010dekmi. Sv\u00e4t\u00e1 om\u0161a koncelebrovan\u00e1 \u0161tyrmi k\u0148azmi bola naozaj radostn\u00fdm sl\u00e1ven\u00edm Eucharistie, kde sme po\u010das hom\u00edlie zalovili v\u00a0hlbok\u00fdch m\u00fadrostiach obrazov, ktor\u00e9 n\u00e1m pon\u00faka Biblia.<\/p>\n<p>Staroz\u00e1konn\u00e1 symbolika stvorenia \u017eeny z\u00a0Adamovho rebra je poetick\u00fdm vyjadren\u00edm, \u017ee \u017eena je bl\u00edzka mu\u017eovmu srdcu \u2013 ten ju m\u00e1 chr\u00e1ni\u0165 podobne, ako rebr\u00e1 chr\u00e1nia srdce. Bolo \u00fa\u017easn\u00e9 sledova\u0165 v\u00a0\u010dom vidia deti tajomstvo \u00faspechu dobrej rodiny. L\u00e1ska, \u00facta, vz\u00e1jomn\u00e9 sa dop\u013a\u0148anie mu\u017ea a\u00a0\u017eeny, \u010di nastavenie zrkadla tomu druh\u00e9mu \u2013 to boli jednoduch\u00e9 odpovede. Kres\u0165anstvo v\u0161ak ide v\u00a0l\u00e1ske ove\u013ea \u010falej \u2013 hovor\u00ed o\u00a0zrieknut\u00ed sa seba sam\u00e9ho, o\u00a0nesebeckom obetovan\u00ed sa, o\u00a0h\u013eadan\u00ed \u201emy\u201c namiesto \u201eja\u201c a \u201eTy.\u201c Len tam m\u00f4\u017ee by\u0165 porozumenie, kde sa vieme nie\u010doho zriec\u0165 v\u00a0prospech in\u00fdch. Tomuto zriekaniu sa najlep\u0161ie u\u010d\u00edme v\u00a0rodine. <i>Bojova\u0165, vynikn\u00fa\u0165, vyhra\u0165, ma\u0165<\/i> \u2013 to je v\u00a0n\u00e1s akosi automaticky zak\u00f3dovan\u00e9. Av\u0161ak <i>pom\u00e1ha\u0165, obetova\u0165 sa, \u010di by\u0165 empatick\u00fd<\/i> \u2013 tomu sa treba u\u010di\u0165 u\u017e od kol\u00edsky. Najlep\u0161\u00ed u\u010ditelia by mali by\u0165 rodi\u010dia.<\/p>\n<p>To, \u017ee rodinu m\u00f4\u017eeme, ba aj mus\u00edme ch\u00e1pa\u0165 v\u00a0\u0161ir\u0161\u00edch spolo\u010densk\u00fdch s\u00favislostiach sme naplno za\u017eili v\u00a0programe, ktor\u00fd bol pripraven\u00fd po sv\u00e4tej om\u0161i pod z\u00e1\u0161titou vdp. far\u00e1ra <i>Pavla Gajdo\u0161a<\/i>.<\/p>\n<p>Na farskom dvore \u010dakali na rodiny s\u00a0de\u0165mi tvoriv\u00e9 remeseln\u00edcke dielne. Tu si mohli v\u0161etci vysk\u00fa\u0161a\u0165 svoje zru\u010dnosti. Ve\u013ek\u00fd \u00faspech zo\u017ealo hrn\u010diarstvo, kde si mnoh\u00ed nenechali ujs\u0165 pr\u00edle\u017eitos\u0165 vytvorenia vlastn\u00e9ho keramick\u00e9ho diela. Trpezlivos\u0165 a\u00a0\u0161ikovn\u00e9 ruky si vy\u017eadovalo aj ko\u0161ik\u00e1rstvo, ma\u013eovanie na sklo a\u00a0ru\u010dn\u00e1 v\u00fdroba \u0161perkov.<\/p>\n<p>Aj tento rok si pre n\u00e1s skauti pripravili men\u0161ie s\u00fa\u0165a\u017ee, v\u00a0ktor\u00fdch sa rodiny mohli stmeli\u0165 a\u00a0dobre zabavi\u0165. Sk\u00e1kav\u00fa energiu deti uvo\u013e\u0148ovali na ve\u013ekom sk\u00e1kacom hrade, tie\u00a0odv\u00e1\u017enej\u0161ie sa pok\u00fa\u0161ali obsedie\u0165 na neskrotnom rodeo b\u00fdkovi. O\u00a0nie\u010do poslu\u0161nej\u0161ou, ale tento raz u\u017e \u017eivou atrakciou boli \u0161tyri statn\u00e9 kone, ktor\u00e9 trpezlivo povozili mal\u00fdch jazdcov.<\/p>\n<p>Na dobrej akcii nesmelo ch\u00fdba\u0165 ani chutn\u00e9 ob\u010derstvenie. Tento rok sa o\u00a0vynikaj\u00faci gul\u00e1\u0161 postaral miestny kuch\u00e1r <i>Valter.<\/i> Sm\u00e4d sme hasili Kofolou a\u00a0pivom, \u00fanavu n\u00e1m pomohla zahna\u0165 taktie\u017e sponzorsky pod\u00e1van\u00e1 k\u00e1va. Aj tento rok bola pre deti najchutnej\u0161ia cukrov\u00e1 vata.<\/p>\n<p>To, \u017ee Cirkvi naozaj \u00faprimne z\u00e1le\u017e\u00ed na rodine pri\u0161iel osobne vyjadri\u0165 n\u00e1\u0161 najvz\u00e1cnej\u0161\u00ed hos\u0165 <i>D\u0148a rodiny<\/i> <b><i>arcibiskup Mons. Stanislav Zvolensk\u00fd<\/i><\/b>. Ve\u013emi mil\u00e9 bolo jeho stretnutie s\u00a0de\u0165mi, ktor\u00e9 \u201ened\u00e1vno\u201c pokrstil v\u00a0na\u0161om farskom kostole. P\u00e1n arcibiskup po\u017eehnal bud\u00face mami\u010dky.<\/p>\n<p>Fantastick\u00fa atmosf\u00e9ru ve\u013ek\u00e9ho spolo\u010denstva rod\u00edn k\u00a0ve\u010deru e\u0161te viac umocnilo vyst\u00fapenie kres\u0165anskej hudobnej skupiny <b><i>CRUX<\/i><\/b>, ktorej viacer\u00ed \u010dlenovia poch\u00e1dzaj\u00fa z\u00a0na\u0161ej farnosti. Mysl\u00edm, \u017ee v\u0161etk\u00fdch presved\u010dili o\u00a0tom, \u017ee piesne o\u00a0Bohu m\u00f4\u017eu ma\u0165 aj rockovej\u0161ie laden\u00fa formu.<\/p>\n<p>Ver\u00edm, \u017ee tento de\u0148 oslavy rodiny mnoh\u00fdch povzbudil a\u00a0bude n\u00e1m in\u0161pir\u00e1ciou pre o\u017eivenie na\u0161ich vz\u0165ahov v\u00a0rodin\u00e1ch. D\u00fafam tie\u017e, \u017ee aj t\u00fdmto sp\u00f4sobom poodhal\u00edme \u00fa\u017easn\u00e9 bohatstvo, ktor\u00e9 pon\u00faka Boh rodine skrze Bibliu a\u00a0Cirkev.<\/p>\n<p>Ve\u013ek\u00e1 v\u010faka a\u00a0obdiv patr\u00ed v\u0161etk\u00fdm, ktor\u00ed prispeli, \u010di u\u017e materi\u00e1lne alebo svojim talentom a\u00a0pr\u00e1cou k\u00a0tomuto jedine\u010dn\u00e9mu podujatiu, ktor\u00e9 sa s\u00a0t\u00fdmto \u201emot\u00edvom\u201c kon\u00e1 po celom Slovensku, ale aj vo svete.<\/p>\n<p><i>Martin \u0160i\u0161ka<\/i><\/p>\n<p><a href=\"https:\/\/goo.gl\/photos\/rfUNPPdoU28irREQ8\" target=\"_blank\" rel=\"noopener noreferrer\">Fotky \/ F\u00e9nyk\u00e9pek<\/a><\/p>\n<p>J\u00fanius 27-\u00e9n j\u00f3tev\u0151inknek \u00e9s szponzorainknak k\u00f6sz\u00f6nhet\u0151en pl\u00e9b\u00e1niak\u00f6zs\u00e9g\u00fcnkben <i>Gajdo\u0161 P\u00e1l<\/i> helyi pl\u00e9b\u00e1nos atya vezet\u00e9s\u00e9vel ism\u00e9t megrendezt\u00fck a <i>Csal\u00e1d Napj\u00e1<\/i>t.<\/p>\n<p>A program k\u00e9tnyelv\u0171 szentmis\u00e9vel kezd\u0151d\u00f6tt 15:30-kor, melyet n\u00e9gy lelkiatya mutatott be k\u00f6z\u00f6sen. A szentmise sz\u00f3noka, <i>Jozef Lusco\u0148 SDB<\/i> atya akt\u00edvan bevonta a jelenl\u00e9v\u0151ket a pr\u00e9dik\u00e1ci\u00f3ba, s a helyes v\u00e1laszokat meg is jutalmazta.<\/p>\n<p>A szentmise ut\u00e1n az \u00e9rdekl\u0151d\u0151ket k\u00fcl\u00f6nf\u00e9le alkot\u00f3m\u0171helyek v\u00e1rt\u00e1k a pl\u00e9b\u00e1niaudvaron, mint p\u00e9ld\u00e1ul agyagoz\u00e1s, vessz\u0151fon\u00e1s, \u00fcvegfest\u00e9s, gy\u00f6ngyf\u0171z\u00e9s stb. Nem hi\u00e1nyozhatott az ugr\u00e1l\u00f3v\u00e1r \u00e9s a bikar\u00f3de\u00f3 sem, s\u0151t m\u00e9g lovagolni is lehetett. A cserk\u00e9szeknek k\u00f6sz\u00f6nhet\u0151en a csal\u00e1dok k\u00fcl\u00f6nf\u00e9le vet\u00e9lked\u0151k\u00f6n m\u00e9rhett\u00e9k \u00f6ssze \u00fcgyess\u00e9g\u00fcket. Ism\u00e9t volt guly\u00e1s, laska, palacsinta, Kofola, s\u00f6r \u00e9s cukorvatta.<\/p>\n<p>A rendezv\u00e9ny legjelesebb vend\u00e9ge k\u00e9ts\u00e9gtelen\u00fcl <i>Mons. Stanislav Zvolensk\u00fd<\/i> \u00e9rsek atya volt, aki jelenl\u00e9t\u00e9vel megtisztelve a Csal\u00e1d Napj\u00e1t kifejezte, hogy az egyh\u00e1znak mennyire fontos a csal\u00e1d. Az \u00e9rsek atya tal\u00e1lkozott azokkal a gyerekekkel, akiket \u201enemr\u00e9g\u201d keresztelt meg, s meg\u00e1ldotta a kismam\u00e1kat.<\/p>\n<p>Este nagyszer\u0171 hangulatot teremtve fell\u00e9pett az Istenr\u0151l, hitr\u0151l, szeretetr\u0151l rockosabb st\u00edlusban \u00e9nekl\u0151 \u00e9s zen\u00e9l\u0151 <i>CRUX<\/i> egy\u00fcttes, amely pl\u00e9b\u00e1niak\u00f6zs\u00e9g\u00fcnkh\u00f6z is kapcsol\u00f3dik.<\/p>\n<p>K\u00f6sz\u00f6net illet mindenkit, aki b\u00e1rmilyen m\u00f3don (anyagilag, tehets\u00e9g\u00e9vel, munk\u00e1j\u00e1val) hozz\u00e1j\u00e1rult ennek a kiv\u00e9teles rendezv\u00e9nynek a megszervez\u00e9s\u00e9hez.\t\t\t\t<\/p>\n","protected":false},"excerpt":{"rendered":"<p>Vo farnosti Kostoln\u00e1 pri Dunaji v\u00a0okrese Senec, do ktorej patria dve fili\u00e1lky Hrub\u00fd \u0160\u00far a\u00a0Hrub\u00e1 Bor\u0161a, sa aj tento rok uskuto\u010dnilo rodinn\u00e9 podujatie De\u0148 rodiny.<\/p>\n","protected":false},"author":1,"featured_media":2435,"comment_status":"closed","ping_status":"closed","sticky":false,"template":"","format":"standard","meta":{"footnotes":""},"categories":[6],"tags":[24],"class_list":{"0":"entry","1":"post","2":"publish","3":"author-marian-jasenoveceltras-sk","4":"has-excerpt","5":"has-more-link","6":"post-2414","8":"format-standard","9":"has-post-thumbnail","10":"category-aktuality-sk","11":"post_tag-aktuality"},"_links":{"self":[{"href":"https:\/\/www.farakostolna.sk\/index.php?rest_route=\/wp\/v2\/posts\/2414","targetHints":{"allow":["GET"]}}],"collection":[{"href":"https:\/\/www.farakostolna.sk\/index.php?rest_route=\/wp\/v2\/posts"}],"about":[{"href":"https:\/\/www.farakostolna.sk\/index.php?rest_route=\/wp\/v2\/types\/post"}],"author":[{"embeddable":true,"href":"https:\/\/www.farakostolna.sk\/index.php?rest_route=\/wp\/v2\/users\/1"}],"replies":[{"embeddable":true,"href":"https:\/\/www.farakostolna.sk\/index.php?rest_route=%2Fwp%2Fv2%2Fcomments&post=2414"}],"version-history":[{"count":0,"href":"https:\/\/www.farakostolna.sk\/index.php?rest_route=\/wp\/v2\/posts\/2414\/revisions"}],"wp:featuredmedia":[{"embeddable":true,"href":"https:\/\/www.farakostolna.sk\/index.php?rest_route=\/"}],"wp:attachment":[{"href":"https:\/\/www.farakostolna.sk\/index.php?rest_route=%2Fwp%2Fv2%2Fmedia&parent=2414"}],"wp:term":[{"taxonomy":"category","embeddable":true,"href":"https:\/\/www.farakostolna.sk\/index.php?rest_route=%2Fwp%2Fv2%2Fcategories&post=2414"},{"taxonomy":"post_tag","embeddable":true,"href":"https:\/\/www.farakostolna.sk\/index.php?rest_route=%2Fwp%2Fv2%2Ftags&post=2414"}],"curies":[{"name":"wp","href":"https:\/\/api.w.org\/{rel}","templated":true}]}}