{"id":2405,"date":"2015-05-09T08:15:42","date_gmt":"2015-05-09T08:15:42","guid":{"rendered":"http:\/\/kostolna.fara.sk\/?p=2405"},"modified":"2015-05-09T08:15:42","modified_gmt":"2015-05-09T08:15:42","slug":"organovy-koncert-v-hrubom-sure-orgonakoncert-hegysuron","status":"publish","type":"post","link":"https:\/\/www.farakostolna.sk\/?p=2405","title":{"rendered":"Organov\u00fd koncert v Hrubom \u0160\u00fare \/ Orgonakoncert Hegys\u00faron"},"content":{"rendered":"<p>\t\t\t\t<a href=\"http:\/\/kostolna.fara.sk\/wp-content\/uploads\/2015\/06\/img_4254_resize.jpg\"><img loading=\"lazy\" decoding=\"async\" class=\"size-thumbnail wp-image-2406 alignleft\" alt=\"img_4254_resize\" src=\"http:\/\/kostolna.fara.sk\/wp-content\/uploads\/2015\/06\/img_4254_resize-150x150.jpg\" width=\"150\" height=\"150\" \/><\/a>Hrub\u00fd \u0160\u00far je obec, ktor\u00e1 obohatila svoj kostol o\u00a0jednomanu\u00e1lov\u00fd, p\u00e4\u0165 registrov\u00fd barokov\u00fd organ, ktor\u00ed sl\u00fa\u017ei predov\u0161etk\u00fdm na liturgick\u00e9 \u00fa\u010dely. <!--more-->Organy s podobn\u00fdm znen\u00edm stavali v\u00a0stredoveku, v\u00a015. storo\u010d\u00ed, z ktor\u00fdch sa postupne vyvinul modern\u00fd zvuk a\u00a0kon\u0161trukcia dne\u0161n\u00fdch organov.<\/p>\n<p>Tento n\u00e1stroj n\u00e1m predstavil mlad\u00fd a\u00a0talentovan\u00fd organista Richard V\u00f6r\u00f6s a\u00a0zahral dielo talianskeho barokov\u00e9ho skladate\u013ea Domenica Zipoliho, a\u00a0to druh\u00fd diel <i>Cornette<\/i> z\u00a0diela <i>Suita g-mo<\/i>l z\u00a0roku 1716.<\/p>\n<p>N\u00e1sledne n\u00e1m M\u00e1ria Szitka zaspievala dve \u013eudov\u00e9 piesne s\u00a0doprovodom barokov\u00e9ho organu. Na\u0161i interpreti s\u00fa \u0161tudentmi Cirkevn\u00e9ho konzervet\u00f3ria v\u00a0Bratislave. V\u00a0druhej \u010dasti programu <i>\u013dudov\u00e9 piesne a\u00a0\u017ealmy s\u00a0organov\u00fdm doprovodom<\/i> spievala aj Vikt\u00f3ria Ball\u00e1nov\u00e1, \u0161tudentka Vysokej \u0161koly m\u00fazick\u00fdch umen\u00ed. Na organe sprev\u00e1dzal Gabriel Ag\u00e1rdy. Textov\u00fd sprievod koncertom mala moder\u00e1torka \u00c1gnes B\u00e1rdos.<\/p>\n<p><a href=\"https:\/\/goo.gl\/photos\/pmnPCr3LkPi4HhY98\" target=\"_blank\" rel=\"noopener noreferrer\">Fotky \/ F\u00e9nyk\u00e9pek<\/a><\/p>\n<p>Fotky \/ F\u00e9nyk\u00e9pek: RA VisualWorks, Jozef Rigo<br \/>\nKoncert si m\u00f4\u017eete vypo\u010du\u0165 alebo pozrie\u0165 kliknut\u00edm na \/ A koncertr\u0151l k\u00e9sz\u00fclt zenei hanganyag itt meghallgathat\u00f3 (MP3), ill. a video itt megtekinthet\u0151 (MP4):\u00a0<a href=\"https:\/\/drive.google.com\/folderview?id=0B9vlemgCFrJIRzYzS3lXb0tRNlk&amp;usp=sharing\" target=\"_blank\" rel=\"noreferrer noopener\">https:\/\/drive.google.com\/folderview?id=0B9vlemgCFrJIRzYzS3lXb0tRNlk&amp;usp=sharing<\/a><\/p>\n<p>&nbsp;<\/p>\n<p>Hegys\u00far k\u00f6zs\u00e9g v\u00e1llalta, hogy egy igaz\u00e1n \u00e9rdekes hangszerrel gazdag\u00edtja a\u00a0templomot: egy egymanu\u00e1los, \u00f6tregiszteres orgon\u00e1val, amely es\u0151sorban liturgiai c\u00e9lokat hivatott szolg\u00e1lni. Hasonl\u00f3 hangz\u00e1s\u00fa orgon\u00e1kat \u00e9p\u00edtettek valamikor a k\u00f6z\u00e9pkorban, az 1400-as \u00e9vekben, amelyekb\u0151l \u00e9vsz\u00e1zadok alatt alakult ki a mai modern orgon\u00e1k szerkezete \u00e9s hangz\u00e1sa.<\/p>\n<p>A\u00a0hangszer lehet\u0151s\u00e9geit a\u00a0fiatal \u00e9s tehets\u00e9ges orgonista-n\u00f6vend\u00e9k, V\u00f6r\u00f6s Rich\u00e1rd mutatta be a 2015. m\u00e1jus 9-\u00e9n megrendezett koncerten. A\u00a0bemutatott m\u0171 szerz\u0151je Domenico Zipoli olasz barokk zeneszerz\u0151 \u00e9s jezsuita misszion\u00e1rius, aki a\u00a0<i>Suita G-mol<\/i> c\u00edm\u0171 n\u00e9gyr\u00e9szes m\u0171v\u00e9t 1716-ban \u00edrta. Ebb\u0151l hallottuk a\u00a0m\u00e1sodik \u2013 <i>Cornette<\/i> c\u00edm\u0171 r\u00e9szt. Majd\u00a0n\u00e9pdalokat hallottunk: Szitka Marika a\u00a0<i>F\u00faj s\u00fcv\u00f6lt a\u00a0M\u00e1tra szele <\/i>\u00e9s a\u00a0<i>Domboldalon \u00e1ll egy \u00f6reg ny\u00e1rfa<\/i> c\u00edm\u0171eket adta el\u0151 V\u00f6r\u00f6s Rich\u00e1rd k\u00eds\u00e9ret\u00e9vel. Mindketten a pozsonyi Egyh\u00e1zi Konzervat\u00f3rium di\u00e1kjai.<\/p>\n<p>A koncert m\u00e1sik r\u00e9sz\u00e9ben elhangzott a <i>N\u00e9pdal-zsolt\u00e1rok orgon\u00e1ra \u00e9s \u00e9nekhangra<\/i> c\u00edm\u0171 koncert-\u00f6ssze\u00e1ll\u00edt\u00e1s, amelyet B\u00e1rdos \u00c1gnes moder\u00e1lt, \u00e9nekelt Ball\u00e1n Vikt\u00f3ria, a pozsonyi Zenem\u0171v\u00e9szeti F\u0151iskola hallgat\u00f3ja \u00e9s Szitka Marika, orgon\u00e1n k\u00eds\u00e9rt Ag\u00e1rdy G\u00e1bor. A nagy tapsara val\u00f3 tekintettel V\u00f6r\u00f6s Ricsi egy improviz\u00e1ci\u00f3t adott el\u0151 az <i>El\u0151tted, J\u00e9zusom, leborulok<\/i> kezdet\u0171 egyh\u00e1zi \u00e9nekre.<\/p>\n<p>A hangos\u00edt\u00e1s\u00e9rt k\u00f6sz\u00f6net a szenci Csemadoknak \u00e9s Luk\u00e1\u010d Lacinak! Sz\u00e9p est\u00e9nk volt!<\/p>\n<p align=\"right\"><i>Ag\u00e1rdy G\u00e1bor<\/i><\/p>\n","protected":false},"excerpt":{"rendered":"<p>Hrub\u00fd \u0160\u00far je obec, ktor\u00e1 obohatila svoj kostol o\u00a0jednomanu\u00e1lov\u00fd, p\u00e4\u0165 registrov\u00fd barokov\u00fd organ, ktor\u00ed sl\u00fa\u017ei predov\u0161etk\u00fdm na liturgick\u00e9 \u00fa\u010dely.<\/p>\n","protected":false},"author":1,"featured_media":2406,"comment_status":"closed","ping_status":"closed","sticky":false,"template":"","format":"standard","meta":{"footnotes":""},"categories":[6],"tags":[24],"class_list":{"0":"entry","1":"post","2":"publish","3":"author-marian-jasenoveceltras-sk","4":"has-excerpt","5":"has-more-link","6":"post-2405","8":"format-standard","9":"has-post-thumbnail","10":"category-aktuality-sk","11":"post_tag-aktuality"},"_links":{"self":[{"href":"https:\/\/www.farakostolna.sk\/index.php?rest_route=\/wp\/v2\/posts\/2405","targetHints":{"allow":["GET"]}}],"collection":[{"href":"https:\/\/www.farakostolna.sk\/index.php?rest_route=\/wp\/v2\/posts"}],"about":[{"href":"https:\/\/www.farakostolna.sk\/index.php?rest_route=\/wp\/v2\/types\/post"}],"author":[{"embeddable":true,"href":"https:\/\/www.farakostolna.sk\/index.php?rest_route=\/wp\/v2\/users\/1"}],"replies":[{"embeddable":true,"href":"https:\/\/www.farakostolna.sk\/index.php?rest_route=%2Fwp%2Fv2%2Fcomments&post=2405"}],"version-history":[{"count":0,"href":"https:\/\/www.farakostolna.sk\/index.php?rest_route=\/wp\/v2\/posts\/2405\/revisions"}],"wp:featuredmedia":[{"embeddable":true,"href":"https:\/\/www.farakostolna.sk\/index.php?rest_route=\/"}],"wp:attachment":[{"href":"https:\/\/www.farakostolna.sk\/index.php?rest_route=%2Fwp%2Fv2%2Fmedia&parent=2405"}],"wp:term":[{"taxonomy":"category","embeddable":true,"href":"https:\/\/www.farakostolna.sk\/index.php?rest_route=%2Fwp%2Fv2%2Fcategories&post=2405"},{"taxonomy":"post_tag","embeddable":true,"href":"https:\/\/www.farakostolna.sk\/index.php?rest_route=%2Fwp%2Fv2%2Ftags&post=2405"}],"curies":[{"name":"wp","href":"https:\/\/api.w.org\/{rel}","templated":true}]}}