{"id":2398,"date":"2015-06-21T07:57:03","date_gmt":"2015-06-21T07:57:03","guid":{"rendered":"http:\/\/kostolna.fara.sk\/?p=2398"},"modified":"2015-06-21T07:57:03","modified_gmt":"2015-06-21T07:57:03","slug":"jubilejna-put-do-bacu-300-jubileumi-bucsu-bacsfa-szentantalon","status":"publish","type":"post","link":"https:\/\/www.farakostolna.sk\/?p=2398","title":{"rendered":"Jubilejn\u00e1 p\u00fa\u0165 do B\u00e1\u010du \/ 300. jubileumi b\u00facs\u00fa Bacsfa\u2013Szentantalon"},"content":{"rendered":"<p>\t\t\t\t<a href=\"http:\/\/kostolna.fara.sk\/wp-content\/uploads\/2015\/06\/P1080714.jpg\"><img loading=\"lazy\" decoding=\"async\" class=\"size-thumbnail wp-image-2399 alignleft\" alt=\"P1080714\" src=\"http:\/\/kostolna.fara.sk\/wp-content\/uploads\/2015\/06\/P1080714-150x150.jpg\" width=\"150\" height=\"150\" \/><\/a>Z\u00a0pr\u00edle\u017eitosti 300. v\u00fdro\u010dia krvav\u00e9ho slzenia milostiv\u00e9ho obrazu Panny M\u00e1rie sa konala trojd\u0148ov\u00e1 sl\u00e1vnos\u0165 v\u00a0B\u00e1\u010di. <!--more-->21. j\u00fana sa na sl\u00e1vnostnej sv\u00e4tej om\u0161i z\u00fa\u010dastnili aj p\u00fatnici z\u00a0na\u0161ej farnosti. Zauj\u00edmavos\u0165ou bolo, \u017ee okrem hlavn\u00e9ho celebranta kardin\u00e1la P\u00e9tera Erd\u0151a, budape\u0161tiansko-ostrihomsk\u00e9ho arcibuskupa, boli pr\u00edtomn\u00ed traja (arci)biskupi: Stanislav Zvolensk\u00fd, bratislavsk\u00fd arcibiskup, jeho pomocn\u00fd biskup Jozef Ha\u013eko a\u00a0J\u00e1n Orosch, trnavsk\u00fd arcibiskup.<\/p>\n<p><a href=\"https:\/\/goo.gl\/photos\/Wa18bZ7wyZj6a9mi6\" target=\"_blank\" rel=\"noopener noreferrer\">Fotky \/ F\u00e9nyk\u00e9pek<\/a><\/p>\n<p>A bacsfa\u2013szentantali kegyk\u00e9p v\u00e9rrel k\u00f6nnyez\u00e9s\u00e9nek 300. \u00e9vfordul\u00f3j\u00e1t h\u00e1romnapos triduummal \u00fcnnepelt\u00e9k j\u00fanius 19-e \u00e9s 21-e k\u00f6z\u00f6tt.\u00a0 J\u00fanius 21-\u00e9n, a\u00a0vas\u00e1rnapi \u00fcnnepi f\u0151papi szentmise f\u0151celebr\u00e1nsa Dr. Erd\u0151 P\u00e9ter b\u00edboros, pr\u00edm\u00e1s volt, aki a szentmise z\u00e1r\u00f3 \u00e1ld\u00e1s\u00e1t \u00e9s a\u00a0himnuszokat megel\u0151z\u0151en \u00fagy fogalmazott, hogy t\u00f6rt\u00e9nelmi pillanatnak vagyunk r\u00e9szesei, hiszen a pozsonyi \u00e9rsek \u00e9s seg\u00e9dp\u00fcsp\u00f6ke, valamint a nagyszombati \u00e9rsek mellett \u0151, az Esztergom\u2013Budapesti F\u0151egyh\u00e1zmegye \u00e9rseke is jelen van a szlov\u00e1kiai magyar kegyhelyen, amely \u00e9vsz\u00e1zadokon \u00e1t az esztergomi egyh\u00e1zmegy\u00e9hez tartozott.<\/p>\n<p>A szentmis\u00e9t k\u00f6vet\u0151en a falun v\u00e9gig szents\u00e9gi k\u00f6rmenet, a templomban pedig szents\u00e9gi \u00e1ld\u00e1s \u00e9s ereklyetisztelet volt. A szent ereklye azokat a v\u00e9res k\u00f6nnyeket tartalmazza, amelyeket 1715. j\u00fanius 19-e \u00e9s 21-e k\u00f6z\u00f6tt a M\u00e1ria-kegyk\u00e9p k\u00f6nnyez\u00e9s\u00e9t k\u00f6vet\u0151en fogtak fel a Gy\u0151rig, Nagyszombatig \u00e9s B\u00e9csig terjed\u0151 ter\u00fcletr\u0151l \u00e9rkezett h\u00edv\u0151k, szerzetesek \u00e9s a paps\u00e1g jelenl\u00e9t\u00e9ben.<\/p>\n<p style=\"text-align: right;\">DR<\/p>\n","protected":false},"excerpt":{"rendered":"<p>Z\u00a0pr\u00edle\u017eitosti 300. v\u00fdro\u010dia krvav\u00e9ho slzenia milostiv\u00e9ho obrazu Panny M\u00e1rie sa konala trojd\u0148ov\u00e1 sl\u00e1vnos\u0165 v\u00a0B\u00e1\u010di.<\/p>\n","protected":false},"author":1,"featured_media":2399,"comment_status":"closed","ping_status":"closed","sticky":false,"template":"","format":"standard","meta":{"footnotes":""},"categories":[6],"tags":[24],"class_list":{"0":"entry","1":"post","2":"publish","3":"author-marian-jasenoveceltras-sk","4":"has-excerpt","5":"has-more-link","6":"post-2398","8":"format-standard","9":"has-post-thumbnail","10":"category-aktuality-sk","11":"post_tag-aktuality"},"_links":{"self":[{"href":"https:\/\/www.farakostolna.sk\/index.php?rest_route=\/wp\/v2\/posts\/2398","targetHints":{"allow":["GET"]}}],"collection":[{"href":"https:\/\/www.farakostolna.sk\/index.php?rest_route=\/wp\/v2\/posts"}],"about":[{"href":"https:\/\/www.farakostolna.sk\/index.php?rest_route=\/wp\/v2\/types\/post"}],"author":[{"embeddable":true,"href":"https:\/\/www.farakostolna.sk\/index.php?rest_route=\/wp\/v2\/users\/1"}],"replies":[{"embeddable":true,"href":"https:\/\/www.farakostolna.sk\/index.php?rest_route=%2Fwp%2Fv2%2Fcomments&post=2398"}],"version-history":[{"count":0,"href":"https:\/\/www.farakostolna.sk\/index.php?rest_route=\/wp\/v2\/posts\/2398\/revisions"}],"wp:featuredmedia":[{"embeddable":true,"href":"https:\/\/www.farakostolna.sk\/index.php?rest_route=\/"}],"wp:attachment":[{"href":"https:\/\/www.farakostolna.sk\/index.php?rest_route=%2Fwp%2Fv2%2Fmedia&parent=2398"}],"wp:term":[{"taxonomy":"category","embeddable":true,"href":"https:\/\/www.farakostolna.sk\/index.php?rest_route=%2Fwp%2Fv2%2Fcategories&post=2398"},{"taxonomy":"post_tag","embeddable":true,"href":"https:\/\/www.farakostolna.sk\/index.php?rest_route=%2Fwp%2Fv2%2Ftags&post=2398"}],"curies":[{"name":"wp","href":"https:\/\/api.w.org\/{rel}","templated":true}]}}