{"id":2390,"date":"2015-06-04T21:05:56","date_gmt":"2015-06-04T21:05:56","guid":{"rendered":"http:\/\/kostolna.fara.sk\/?p=2390"},"modified":"2015-06-04T21:05:56","modified_gmt":"2015-06-04T21:05:56","slug":"procesia-na-bozia-telo-urnapi-kormenet","status":"publish","type":"post","link":"https:\/\/www.farakostolna.sk\/?p=2390","title":{"rendered":"Procesia na Bo\u017eie Telo \/ \u00darnapi k\u00f6rmenet"},"content":{"rendered":"<p>\t\t\t\t<a href=\"http:\/\/kostolna.fara.sk\/wp-content\/uploads\/2015\/06\/150604-030.jpg\"><img loading=\"lazy\" decoding=\"async\" class=\"size-thumbnail wp-image-2391 alignleft\" alt=\"150604 030\" src=\"http:\/\/kostolna.fara.sk\/wp-content\/uploads\/2015\/06\/150604-030-150x150.jpg\" width=\"150\" height=\"150\" \/><\/a>Aj tento rok sme zorganizovali procesiu pri pr\u00edle\u017eitosti sviatku Najsv\u00e4tej\u0161ieho Kristovho tela a\u00a0krvi vo fili\u00e1lke Hrub\u00fd \u0160\u00far. <!--more-->T\u00e1to trad\u00edcia sa v\u00a0na\u0161ej obci za\u010dala v\u00a0roku 2007 a\u00a0nadv\u00e4zuje na zvyk \u0160\u00faranov, ktor\u00ed sa v\u00a0procesii so spevom a\u00a0z\u00e1stavami vybrali do Kostolnej, kde sa pripojili k\u00a0celofarskej eucharistickej procesii. T\u00e1to forma vyznania viery bola na dlh\u00e9 roky zak\u00e1zan\u00e1, veriaci z\u00a0Hrub\u00e9ho \u0160\u00fara sa mohli znovu vybra\u0165 v\u00a0procesii do Kostolnej v\u00a0roku 1990.<\/p>\n<p><a href=\"https:\/\/goo.gl\/photos\/bQCLwUWvr9NcL89E8\" target=\"_blank\" rel=\"noopener noreferrer\">Fotky \/ F\u00e9nyk\u00e9pek<\/a><\/p>\n<p>A p\u00fcnk\u00f6sd\u00f6t k\u00f6vet\u0151 tizedik nap az \u00farnapja, az Olt\u00e1riszents\u00e9g \u00fcnnepe. Az \u00farnapi \u00fcnnepl\u00e9s c\u00e9lja kett\u0151s: hit\u00fcnk megvall\u00e1sa, valamint Krisztus felmutat\u00e1sa a vil\u00e1gnak \u00e9s a vil\u00e1g h\u00f3dolat\u00e1nak kifejez\u00e9se Krisztusnak.<\/p>\n<p>Az \u00farnapi k\u00f6rmenetnek egyh\u00e1zk\u00f6zs\u00e9g\u00fcnkben is hagyom\u00e1nya van. M\u00e1ig \u0151rz\u00f6m a szalagot, amelyet \u00e9desany\u00e1m vett nekem, hogy a \u201epros\u00ebcci\u00f3\u201d-n \u00e9n is vihessem azt. S\u00farr\u00f3l gyalog ment\u00fcnk \u00e9nekelve z\u00e1szl\u00f3kkal Egyh\u00e1zf\u00e1ra, hogy r\u00e9szt vehess\u00fcnk a k\u00f6rmeneten. Majd betiltott\u00e1k a hit megvall\u00e1s\u00e1nak ezt a nyilv\u00e1nos form\u00e1j\u00e1t. Sok \u00e9v eltelt\u00e9vel, 1990-ben, \u00fajra el\u0151ker\u00fcltek a z\u00e1szl\u00f3k, s nagy \u00f6r\u00f6mmel indultunk Egyh\u00e1zf\u00e1ra, hogy r\u00e9szt vehess\u00fcnk a k\u00f6z\u00f6s \u00farnapi k\u00f6rmeneten. Majd 2007-ben j\u00f6tt az \u00f6tlet, hogy legyen Hegys\u00faron is k\u00f6rmenet. Az\u00f3ta minden \u00e9vben a Szenth\u00e1roms\u00e1g vas\u00e1rnapja ut\u00e1ni cs\u00fct\u00f6rt\u00f6k\u00f6n a s\u00fari h\u00edv\u0151k lelkes csapata nagy \u00f6r\u00f6mmel k\u00e9sz\u00edti a s\u00e1trakat, gy\u0171jti a vir\u00e1gokat, hogy m\u00e9lt\u00f3k\u00e9ppen \u00fcnnepelje az Olt\u00e1riszents\u00e9get. Ilyenkor a nagymama szavai csengnek a f\u00fclembe: \u201eAz \u00farnap nagy \u00fcnnep. S\u00faron ilyenkor a m\u00e1s vall\u00e1s\u00faakn\u00e1l dolgoz\u00f3 napsz\u00e1most sem k\u00fcldt\u00e9k ki a gazd\u00e1k dolgozni a f\u00f6ldekre, mivel tudt\u00e1k, hogy milyen \u00fcnnep\u00fcnk van.\u201d\t\t\t\t<\/p>\n","protected":false},"excerpt":{"rendered":"<p>Aj tento rok sme zorganizovali procesiu pri pr\u00edle\u017eitosti sviatku Najsv\u00e4tej\u0161ieho Kristovho tela a\u00a0krvi vo fili\u00e1lke Hrub\u00fd \u0160\u00far.<\/p>\n","protected":false},"author":1,"featured_media":2391,"comment_status":"closed","ping_status":"closed","sticky":false,"template":"","format":"standard","meta":{"footnotes":""},"categories":[6],"tags":[24],"class_list":{"0":"entry","1":"post","2":"publish","3":"author-marian-jasenoveceltras-sk","4":"has-excerpt","5":"has-more-link","6":"post-2390","8":"format-standard","9":"has-post-thumbnail","10":"category-aktuality-sk","11":"post_tag-aktuality"},"_links":{"self":[{"href":"https:\/\/www.farakostolna.sk\/index.php?rest_route=\/wp\/v2\/posts\/2390","targetHints":{"allow":["GET"]}}],"collection":[{"href":"https:\/\/www.farakostolna.sk\/index.php?rest_route=\/wp\/v2\/posts"}],"about":[{"href":"https:\/\/www.farakostolna.sk\/index.php?rest_route=\/wp\/v2\/types\/post"}],"author":[{"embeddable":true,"href":"https:\/\/www.farakostolna.sk\/index.php?rest_route=\/wp\/v2\/users\/1"}],"replies":[{"embeddable":true,"href":"https:\/\/www.farakostolna.sk\/index.php?rest_route=%2Fwp%2Fv2%2Fcomments&post=2390"}],"version-history":[{"count":0,"href":"https:\/\/www.farakostolna.sk\/index.php?rest_route=\/wp\/v2\/posts\/2390\/revisions"}],"wp:featuredmedia":[{"embeddable":true,"href":"https:\/\/www.farakostolna.sk\/index.php?rest_route=\/"}],"wp:attachment":[{"href":"https:\/\/www.farakostolna.sk\/index.php?rest_route=%2Fwp%2Fv2%2Fmedia&parent=2390"}],"wp:term":[{"taxonomy":"category","embeddable":true,"href":"https:\/\/www.farakostolna.sk\/index.php?rest_route=%2Fwp%2Fv2%2Fcategories&post=2390"},{"taxonomy":"post_tag","embeddable":true,"href":"https:\/\/www.farakostolna.sk\/index.php?rest_route=%2Fwp%2Fv2%2Ftags&post=2390"}],"curies":[{"name":"wp","href":"https:\/\/api.w.org\/{rel}","templated":true}]}}