{"id":2377,"date":"2015-02-17T19:18:15","date_gmt":"2015-02-17T19:18:15","guid":{"rendered":"http:\/\/kostolna.fara.sk\/?p=2377"},"modified":"2015-02-17T19:18:15","modified_gmt":"2015-02-17T19:18:15","slug":"detsky-karneval-maszkabal-hegysuron","status":"publish","type":"post","link":"https:\/\/www.farakostolna.sk\/?p=2377","title":{"rendered":"Detsk\u00fd karneval \/ Maszkab\u00e1l Hegys\u00faron"},"content":{"rendered":"<p>\t\t\t\t<a href=\"http:\/\/kostolna.fara.sk\/wp-content\/uploads\/2015\/06\/P2150169.jpg\"><img loading=\"lazy\" decoding=\"async\" class=\"size-thumbnail wp-image-2378 alignleft\" alt=\"OLYMPUS DIGITAL CAMERA\" src=\"http:\/\/kostolna.fara.sk\/wp-content\/uploads\/2015\/06\/P2150169-150x150.jpg\" width=\"150\" height=\"150\" \/><\/a>Deti aj tento rok mali mo\u017enos\u0165 predstavi\u0165 svoje masky a\u00a0dobre sa zabavi\u0165 na tradi\u010dnom karnevale v\u00a0Hrubom \u0160\u00fare, <!--more-->ktor\u00fd usporiadala miestna organiz\u00e1cia Csemadoku. O\u00a0dobr\u00fa n\u00e1ladu a\u00a0hry pre deti sa postarali\u00a0na\u0161i skauti. Za prejaven\u00fa z\u00e1ujem \u010fakujeme v\u0161etk\u00fdm pr\u00edtomn\u00fdm, nielen ma\u010farsk\u00fdm, ale aj slovensk\u00fdm rodin\u00e1m.<\/p>\n<p><a href=\"https:\/\/plus.google.com\/photos\/113195793245664134546\/albums\/6161206322479645569\" target=\"_blank\" rel=\"noopener noreferrer\">Fotky \/ F\u00e9nyk\u00e9pek<\/a><\/p>\n<p>Id\u00e9n is sor ker\u00fclt a\u00a0hagyom\u00e1nyos maszkab\u00e1lra, amelyet a Csemadok helyi alapszervezete rendezett meg. Megk\u00e9rtek minket, cserk\u00e9szeket, hogy k\u00e9sz\u00fclj\u00fcnk kis programmal a\u00a0gyermekek sz\u00e1m\u00e1ra. A\u00a0j\u00f3 cserk\u00e9sznek mindig van a\u00a0tarsoly\u00e1ban elk\u00e9sz\u00edtve egy hossz\u00fa j\u00e1t\u00e9klista.<\/p>\n<p>\u00c9n magam kicsit agg\u00f3dva mentem a rendezv\u00e9nyre, mivel megtudtam, hogy csak a\u00a0k\u00e9t testv\u00e9rem meg \u00e9n lesz\u00fcnk a cserk\u00e9szek k\u00e9pvisel\u0151i. De most is \u00e9rv\u00e9nyes\u00fclt a\u00a0mond\u00e1s, mely szerint min\u00e9l rosszabbat v\u00e1rsz, ann\u00e1l jobb lesz\u2026<\/p>\n<p>Sokf\u00e9le jelmezt lehetett tal\u00e1lni: volt ott gormit (ami a gyeng\u00e9bbek kedv\u00e9\u00e9rt egy mesefigura), kis \u00e9s nagy farkas, katona \u00e9s m\u00e9g sorolhatn\u00e1m. Voltak bennem k\u00e9ts\u00e9gek, mikor \u00e9szrevettem, hogy t\u00f6bb szlov\u00e1k csal\u00e1d is elj\u00f6tt, mivel \u00edgy a magyar j\u00e1t\u00e9kokat k\u00e9tnyelv\u0171en kellett levezetnem. Meglepett viszont, hogy a\u00a0szlov\u00e1k gyerekek legal\u00e1bb akkora lelkesed\u00e9ssel vettek r\u00e9szt az el\u0151k\u00e9sz\u00edtett programunkon, mint a\u00a0magyar nyelv\u0171ek. \u00c9n mint programvezet\u0151 nagyon j\u00f3l \u00e9reztem magam ezen a\u00a0sz\u00e9p rendezv\u00e9nyen.<\/p>\n<p align=\"right\"><i>Szak\u00e1ll Andrea<\/i><\/p>\n","protected":false},"excerpt":{"rendered":"<p>Deti aj tento rok mali mo\u017enos\u0165 predstavi\u0165 svoje masky a\u00a0dobre sa zabavi\u0165 na tradi\u010dnom karnevale v\u00a0Hrubom \u0160\u00fare,<\/p>\n","protected":false},"author":1,"featured_media":2378,"comment_status":"closed","ping_status":"closed","sticky":false,"template":"","format":"standard","meta":{"footnotes":""},"categories":[6],"tags":[24],"class_list":{"0":"entry","1":"post","2":"publish","3":"author-marian-jasenoveceltras-sk","4":"has-excerpt","5":"has-more-link","6":"post-2377","8":"format-standard","9":"has-post-thumbnail","10":"category-aktuality-sk","11":"post_tag-aktuality"},"_links":{"self":[{"href":"https:\/\/www.farakostolna.sk\/index.php?rest_route=\/wp\/v2\/posts\/2377","targetHints":{"allow":["GET"]}}],"collection":[{"href":"https:\/\/www.farakostolna.sk\/index.php?rest_route=\/wp\/v2\/posts"}],"about":[{"href":"https:\/\/www.farakostolna.sk\/index.php?rest_route=\/wp\/v2\/types\/post"}],"author":[{"embeddable":true,"href":"https:\/\/www.farakostolna.sk\/index.php?rest_route=\/wp\/v2\/users\/1"}],"replies":[{"embeddable":true,"href":"https:\/\/www.farakostolna.sk\/index.php?rest_route=%2Fwp%2Fv2%2Fcomments&post=2377"}],"version-history":[{"count":0,"href":"https:\/\/www.farakostolna.sk\/index.php?rest_route=\/wp\/v2\/posts\/2377\/revisions"}],"wp:featuredmedia":[{"embeddable":true,"href":"https:\/\/www.farakostolna.sk\/index.php?rest_route=\/"}],"wp:attachment":[{"href":"https:\/\/www.farakostolna.sk\/index.php?rest_route=%2Fwp%2Fv2%2Fmedia&parent=2377"}],"wp:term":[{"taxonomy":"category","embeddable":true,"href":"https:\/\/www.farakostolna.sk\/index.php?rest_route=%2Fwp%2Fv2%2Fcategories&post=2377"},{"taxonomy":"post_tag","embeddable":true,"href":"https:\/\/www.farakostolna.sk\/index.php?rest_route=%2Fwp%2Fv2%2Ftags&post=2377"}],"curies":[{"name":"wp","href":"https:\/\/api.w.org\/{rel}","templated":true}]}}