{"id":2310,"date":"2015-04-03T20:35:24","date_gmt":"2015-04-03T20:35:24","guid":{"rendered":"http:\/\/kostolna.fara.sk\/?p=2310"},"modified":"2015-04-03T20:35:24","modified_gmt":"2015-04-03T20:35:24","slug":"krizova-cesta-v-marianke-keresztut-mariavolgyben","status":"publish","type":"post","link":"https:\/\/www.farakostolna.sk\/?p=2310","title":{"rendered":"Kr\u00ed\u017eov\u00e1 cesta v Marianke \/ Kereszt\u00fat M\u00e1riav\u00f6lgyben"},"content":{"rendered":"<p align=\"justify\"><span style=\"font-family: 'Times New Roman', serif;\"><a href=\"http:\/\/kostolna.fara.sk\/wp-content\/uploads\/2015\/04\/DSC04517.jpg\"><img loading=\"lazy\" decoding=\"async\" class=\"size-thumbnail wp-image-2314 alignleft\" alt=\"DSC04517\" src=\"http:\/\/kostolna.fara.sk\/wp-content\/uploads\/2015\/04\/DSC04517-150x150.jpg\" width=\"150\" height=\"150\" \/><\/a>Na Ve\u013ek\u00fd piatok bol v\u00a0na\u0161ej farnosti zorganizovan\u00fd p\u00fatnick\u00fd z\u00e1jazd do Marianky. <!--more-->Marianka je najstar\u0161ie p\u00fatnick\u00e9 miesto na Slovensku. Jeho hist\u00f3ria sa za\u010dala p\u00edsa\u0165 v\u00a0roku 1377, ke\u010f sa tu zastavil uhorsk\u00fd kr\u00e1\u013e \u013dudov\u00edt I. Ve\u013ek\u00fd. Polo\u017eil z\u00e1kladn\u00fd kame\u0148 kostola a\u00a0zveril spr\u00e1vu p\u00fatnick\u00e9ho miesta r\u00e1du Pavl\u00ednov. Od roku 1927 p\u00fatnick\u00e9 miesto spravuje Kongreg\u00e1cia bratov te\u0161ite\u013eov, ktor\u00ed tu v\u00a0roku 1936 dali postavi\u0165 kr\u00ed\u017eov\u00fa cestu so sochami v\u00a0\u017eivotnej ve\u013ekosti (<a href=\"http:\/\/www.marianka.sk\/\">www.marianka.sk<\/a>).<\/span><\/p>\n<p align=\"justify\"><span style=\"font-family: 'Times New Roman', serif;\"><span>Kr\u00ed\u017eov\u00e1 cesta bola ur\u010den\u00e1 hlavne pre rodiny s\u00a0de\u0165mi a\u00a0ml\u00e1de\u017e. T\u00fdch, ktor\u00ed sa nedali odradi\u0165 ozaj \u201eapr\u00edlov\u00fdm po\u010das\u00edm\u201c bolo dos\u0165 a\u00a0autobus sa postupne naplnil do posledn\u00e9ho miesta. C\u00edtili sme sa tro\u0161ku ako na \u0161kolskom v\u00fdlete, len s t\u00fdm rozdielom, \u017ee sme jazdu za\u010dali modlitbou a\u00a0pribl\u00ed\u017een\u00edm obradov Ve\u013ek\u00e9ho piatka a\u00a0Bielej soboty. Marianka n\u00e1s priv\u00edtala slne\u010dn\u00fdm po\u010das\u00edm a\u00a0bez v\u00e4\u010d\u0161ieho zdr\u017eania sme za\u010dali s\u00a0kr\u00ed\u017eovou cestou od zastavenia po zastavenie s\u00a0gitarou, modlitbou a\u00a0zamyslen\u00edm raz v\u00a0slovenskom a\u00a0raz v\u00a0ma\u010farskom jazyku. De\u0165om ani nevadilo, \u017ee st\u00fapaj\u00fa do prud\u0161ieho kopca. Hnala ich zvedavos\u0165, \u010do bude \u010falej. V\u00a0rezkom tempe sme sa pomodlili cel\u00fa kr\u00ed\u017eov\u00fa cestu, ktor\u00e1 bola obetovan\u00e1 ako prosba o\u00a0milos\u0165 potrebn\u00fa pre na\u0161e rodiny a\u00a0deti prosili za svojich rodi\u010dov. <\/span><\/span><\/p>\n<p align=\"justify\"><span style=\"font-family: 'Times New Roman', serif;\"><span>V\u00e4\u010d\u0161ina sa e\u0161te zastavila na tich\u00fa modlitbu v\u00a0bazilike a\u00a0u\u017e len cesta domov. Hrial n\u00e1s nielen \u010daj v\u00a0termoske, ale i\u00a0dobr\u00fd pocit, \u017ee sme si umu\u010denie Je\u017ei\u0161a Krista pripomenuli na kr\u00e1snom mieste v\u00a0pr\u00edrode. Okrem n\u00e1s tu bolo ve\u013ek\u00e9 mno\u017estvo men\u0161\u00edch \u010di v\u00e4\u010d\u0161\u00edch skupiniek, rod\u00edn s\u00a0de\u0165mi, ktor\u00e9 sa tie\u017e rozhodli preh\u013abi\u0165 pre\u017e\u00edvanie ve\u013ekono\u010dn\u00e9ho trojdnia tu, rad\u0161ej ako upratovan\u00edm, pozeran\u00edm telev\u00edzie \u010di ly\u017eova\u010dkou.<\/span><\/span><\/p>\n<p align=\"justify\"><span style=\"font-family: 'Times New Roman', serif;\"><span>O\u00a0rok sn\u00e1\u010f dovidenia.<\/span><\/span><\/p>\n<p align=\"justify\"><span style=\"font-family: 'Times New Roman', serif;\"><span>Zuzana Horv\u00e1tov\u00e1<\/span><\/span><\/p>\n<p align=\"justify\"><a href=\"https:\/\/plus.google.com\/u\/0\/photos\/113195793245664134546\/albums\/6138434432717504465\" target=\"_blank\" rel=\"noopener noreferrer\">Fotky\/Fot\u00f3k<\/a><\/p>\n<p align=\"justify\">&#8212;&#8212;&#8212;&#8212;&#8212;&#8212;&#8212;&#8212;&#8212;&#8212;&#8212;&#8212;&#8212;&#8212;&#8212;&#8212;&#8212;&#8212;&#8211;<\/p>\n<p align=\"justify\"><span style=\"font-family: 'Times New Roman', serif;\"><span>Nagyp\u00e9nteken M\u00e1riav\u00f6lgybe, Szlov\u00e1kia legr\u00e9gibb b\u00facs\u00faj\u00e1r\u00f3 hely\u00e9re zar\u00e1ndokoltunk pl\u00e9b\u00e1niak\u00f6zs\u00e9g\u00fcnkb\u0151l. T\u00f6rt\u00e9nete 1377-ben kezdett \u00edr\u00f3dni, mikor Nagy Lajos magyar kir\u00e1ly is ell\u00e1togatott erre a helyre. Letette a templom alapk\u00f6v\u00e9t, s a p\u00e1losokra b\u00edzta a b\u00facs\u00faj\u00e1r\u00f3 hely gondoz\u00e1s\u00e1t. 1927-t\u0151l a Getszem\u00e1ni Vigasztal\u00f3 Testv\u00e9rek Kongreg\u00e1ci\u00f3ja m\u0171k\u00f6dik itt. 1936-ban emeltett\u00e9k a Testv\u00e9rek az \u00e9letnagys\u00e1g\u00fa szobrokb\u00f3l \u00e1ll\u00f3 keresztutat. <\/span><\/span><\/p>\n<p align=\"justify\"><a name=\"_GoBack\"><\/a> <span style=\"font-family: 'Times New Roman', serif;\"><span>A zar\u00e1ndoklaton f\u0151k\u00e9nt kisgyermekes csal\u00e1dok vettek r\u00e9szt, amelyeket nem t\u00e1ntor\u00edtott el az igazi \u00e1prilisi id\u0151j\u00e1r\u00e1s. Az utat im\u00e1val \u00e9s a nagyp\u00e9nteki, valamint a nagyszombati t\u00f6rt\u00e9n\u00e9sek feleleven\u00edt\u00e9s\u00e9vel kezdt\u00fck. M\u00e1riav\u00f6lgy sz\u00e9p id\u0151vel fogadott, s neki is v\u00e1gtunk a kereszt\u00fatnak. Az egyes \u00e1llom\u00e1sokn\u00e1l \u00e9nekelt\u00fcnk git\u00e1rk\u00eds\u00e9rettel, r\u00f6vid elm\u00e9lked\u00e9seket olvastunk felv\u00e1ltva szlov\u00e1kul \u00e9s magyarul, az \u00e1llom\u00e1sok k\u00f6z\u00f6tt pedig im\u00e1dkoztunk. A gyerekeket egy\u00e1ltal\u00e1n nem zavarta, hogy az \u00fat egyre meredekebb\u00e9 v\u00e1lt, k\u00edv\u00e1ncsiak voltak, mi lesz a k\u00f6vetkez\u0151 \u00e1llom\u00e1s. A keresztutat csal\u00e1djaink\u00e9rt aj\u00e1nlottuk fel, a sz\u00fcl\u0151k gyermekeik\u00e9rt, a gyerekek sz\u00fcleik\u00e9rt im\u00e1dkoztak. <\/span><\/span><\/p>\n<p align=\"justify\"><span style=\"font-family: 'Times New Roman', serif;\"><span>A t\u00f6bbs\u00e9g m\u00e9g meg\u00e1llt a bazilik\u00e1ban egy csendes im\u00e1ra, s elindultunk hazafel\u00e9. J\u00f3 \u00e9rz\u00e9ssel t\u00f6lt\u00f6tt el, hogy J\u00e9zus Krisztus k\u00ednszenved\u00e9s\u00e9t gy\u00f6ny\u00f6r\u0171 helyen, a term\u00e9szetben eleven\u00edthett\u00fck fel. Rajtunk k\u00edv\u00fcl m\u00e9g sz\u00e1mos kisebb-nagyobb csoport is megfordult ezen a zar\u00e1ndokhelyen, hogy elm\u00e9ly\u00edts\u00e9k a szent h\u00e1romnap esem\u00e9nyeit, takar\u00edt\u00e1s, t\u00e9v\u00e9n\u00e9z\u00e9s vagy s\u00edt\u00fara helyett. <\/span><\/span><\/p>\n<p align=\"justify\"><span style=\"font-family: 'Times New Roman', serif;\"><span>J\u00f6v\u0151re, rem\u00e9lhet\u0151leg, ugyanitt.<\/span><\/span><\/p>\n","protected":false},"excerpt":{"rendered":"<p>Na Ve\u013ek\u00fd piatok bol v\u00a0na\u0161ej farnosti zorganizovan\u00fd p\u00fatnick\u00fd z\u00e1jazd do Marianky.<\/p>\n","protected":false},"author":1,"featured_media":2314,"comment_status":"closed","ping_status":"closed","sticky":false,"template":"","format":"standard","meta":{"footnotes":""},"categories":[6],"tags":[24],"class_list":{"0":"entry","1":"post","2":"publish","3":"author-marian-jasenoveceltras-sk","4":"has-excerpt","5":"has-more-link","6":"post-2310","8":"format-standard","9":"has-post-thumbnail","10":"category-aktuality-sk","11":"post_tag-aktuality"},"_links":{"self":[{"href":"https:\/\/www.farakostolna.sk\/index.php?rest_route=\/wp\/v2\/posts\/2310","targetHints":{"allow":["GET"]}}],"collection":[{"href":"https:\/\/www.farakostolna.sk\/index.php?rest_route=\/wp\/v2\/posts"}],"about":[{"href":"https:\/\/www.farakostolna.sk\/index.php?rest_route=\/wp\/v2\/types\/post"}],"author":[{"embeddable":true,"href":"https:\/\/www.farakostolna.sk\/index.php?rest_route=\/wp\/v2\/users\/1"}],"replies":[{"embeddable":true,"href":"https:\/\/www.farakostolna.sk\/index.php?rest_route=%2Fwp%2Fv2%2Fcomments&post=2310"}],"version-history":[{"count":0,"href":"https:\/\/www.farakostolna.sk\/index.php?rest_route=\/wp\/v2\/posts\/2310\/revisions"}],"wp:featuredmedia":[{"embeddable":true,"href":"https:\/\/www.farakostolna.sk\/index.php?rest_route=\/"}],"wp:attachment":[{"href":"https:\/\/www.farakostolna.sk\/index.php?rest_route=%2Fwp%2Fv2%2Fmedia&parent=2310"}],"wp:term":[{"taxonomy":"category","embeddable":true,"href":"https:\/\/www.farakostolna.sk\/index.php?rest_route=%2Fwp%2Fv2%2Fcategories&post=2310"},{"taxonomy":"post_tag","embeddable":true,"href":"https:\/\/www.farakostolna.sk\/index.php?rest_route=%2Fwp%2Fv2%2Ftags&post=2310"}],"curies":[{"name":"wp","href":"https:\/\/api.w.org\/{rel}","templated":true}]}}