{"id":2256,"date":"2015-01-25T20:27:08","date_gmt":"2015-01-25T20:27:08","guid":{"rendered":"http:\/\/kostolna.fara.sk\/?p=2256"},"modified":"2015-01-25T20:27:08","modified_gmt":"2015-01-25T20:27:08","slug":"daj-sa-mi-napit-adj-innom","status":"publish","type":"post","link":"https:\/\/www.farakostolna.sk\/?p=2256","title":{"rendered":"\u201eDaj sa mi napi\u0165\u201c \/ \u201eAdj innom\u201c"},"content":{"rendered":"<p>\t\t\t\t<a href=\"http:\/\/kostolna.fara.sk\/wp-content\/uploads\/2015\/02\/CIMG4543.jpg\"><img loading=\"lazy\" decoding=\"async\" class=\"size-thumbnail wp-image-2257 alignleft\" alt=\"CIMG4543\" src=\"http:\/\/kostolna.fara.sk\/wp-content\/uploads\/2015\/02\/CIMG4543-150x150.jpg\" width=\"150\" height=\"150\" \/><\/a>Medzin\u00e1rodn\u00fd ekumenick\u00fd T\u00fd\u017ede\u0148 modlitieb za jednotu kres\u0165anov je spolo\u010dn\u00fdm modlitbov\u00fdm t\u00fd\u017ed\u0148om kres\u0165ansk\u00fdch cirkv\u00ed na celom svete, <!--more-->ktor\u00fd sa ka\u017edoro\u010dne sl\u00e1vi od 18. do 25. janu\u00e1ra. T\u00e1to modlitbov\u00e1 iniciat\u00edva sa za\u010dala v roku 1908 a prv\u00e9 stretnutie sa uskuto\u010dnilo v Spojen\u00fdch \u0161t\u00e1toch americk\u00fdch v meste Graymoor. Na za\u010diatku sa do nej zapojili iba \u010dlenovia Anglik\u00e1nskej cirkvi a Katol\u00edckej cirkvi. Od roku 1968 sa na t\u00fd\u017ede\u0148 modlitieb pripravuje \u0161peci\u00e1lny materi\u00e1l, ktor\u00fd sa rozosiela do cel\u00e9ho sveta a\u00a0preklad\u00e1 do miestnych jazykov.<\/p>\n<p>Materi\u00e1l na T\u00fd\u017ede\u0148 modlitieb za jednotu kres\u0165anov na\u00a0rok 2015 pripravila N\u00e1rodn\u00e1 rada kres\u0165ansk\u00fdch cirkv\u00ed Braz\u00edlie. Za motto si zobrali slov\u00e1 Je\u017ei\u0161a Krista z\u00a0<i>Evanjelia pod\u013ea J\u00e1na<\/i> adresovan\u00e9 Samarit\u00e1nke: <i>\u201eDaj sa mi napi\u0165!\u201c<\/i> (<i>Jn<\/i> 4, 7).<\/p>\n<p>Tohtoro\u010dn\u00fd t\u00fd\u017ede\u0148 modlitieb je pozv\u00e1nkou k\u00a0prame\u0148u \u017eivej vody, ktor\u00fdm je Kristus. Je pozv\u00e1nkou, aby sme aj my odovzd\u00e1vali svoju rados\u0165 viery svetu, podobne ako Samarit\u00e1nka, ktor\u00e1 \u2013 ke\u010f dostala \u017eiv\u00fa vodu od Je\u017ei\u0161a \u2013 zaplavila \u0148ou cel\u00e9 mesto Sychar. A\u00a0Boh aj n\u00e1m d\u00e1va \u017eiv\u00fa vodu.<\/p>\n<p>Motto T\u00fd\u017ed\u0148a modlitieb za jednotu kres\u0165anov bolo aj t\u00e9mou modlitbov\u00e9ho stretnutia vo farnosti Panny M\u00e1rie Ru\u017eencovej v\u00a0Kostolnej pri Dunaji, ktor\u00e9 sa v\u00a0na\u0161ej farnosti organizuje u\u017e piaty rok. Na tohtoro\u010dn\u00e9 ekumenick\u00e9 stretnutie prijal pozv\u00e1nku miestneho far\u00e1ra Pavla Gajdo\u0161a pastor Reformovanej kres\u0165anskej cirkvi v\u00a0Jelke Tibor Kiss a\u00a0far\u00e1r Cirkevn\u00e9ho zboru Evanjelickej cirkvi a. v. Tibor Jan\u010d\u00edk.<\/p>\n<p>Je to v\u017edy obohacuj\u00faci z\u00e1\u017eitok vidie\u0165 spolu veriacich, ktor\u00ed patria do r\u00f4znych denomin\u00e1ci\u00ed. Napokon ich spolo\u010dnou \u00falohou je sved\u010di\u0165 o\u00a0evanjeliu, \u010di\u017ee o radostnej zvesti. Z\u00e1rove\u0148 sme sa spolo\u010dne prosili P\u00e1na, aby sme \u2013 zjednoten\u00ed v\u00a0modlitbe za jednotu kres\u0165anov \u2013 dospeli k\u00a0poznaniu plnej pravdy a\u00a0aby sme svoj \u017eivot usporiadali pod\u013ea jeho v\u00f4le.<\/p>\n<p align=\"right\">\n<p><a title=\"Ekumenicke stretnutie\" href=\"https:\/\/plus.google.com\/u\/0\/photos\/113195793245664134546\/albums\/6115803742110223841\" target=\"_blank\" rel=\"noopener noreferrer\">Fotky\/ F\u00e9nyk\u00e9pek<\/a><\/p>\n<p>&nbsp;<\/p>\n<p>A nemzetk\u00f6zi \u00f6kumenikus imah\u00e9t a\u00a0kereszt\u00e9ny egyh\u00e1zak vil\u00e1gszerte k\u00f6z\u00f6s imahete, amely \u00e9vr\u0151l \u00e9vre janu\u00e1r 18-a \u00e9s 25-e k\u00f6z\u00f6tt megtartott \u00e1lland\u00f3 \u00fcnnep. 1908 \u00f3ta rendezik meg, el\u0151sz\u00f6r m\u00e9g csak az anglik\u00e1n egyh\u00e1z \u00e9s a\u00a0katolikus egyh\u00e1z tagjai vettek r\u00e9szt az egyes\u00fclt \u00e1llamokbeli Graymoorban tartott imah\u00e9ten. Az \u00f6kumenikus imah\u00e9tre 1968 \u00f3ta k\u00e9sz\u00edtenek imaf\u00fczeteket, amelyeket elk\u00fcldenek a\u00a0vil\u00e1g minden t\u00e1j\u00e1ra, hogy a\u00a0helyi nyelvekre leford\u00edts\u00e1k.<\/p>\n<p>A\u00a02015-\u00f6s esztend\u0151 imahet\u00e9nek anyag\u00e1t a\u00a0Brazil Kereszt\u00e9ny Egyh\u00e1zak Nemzeti Tan\u00e1csa k\u00e9sz\u00edtette el. Mott\u00f3ja J\u00e1nos evang\u00e9lium\u00e1b\u00f3l sz\u00e1rmazik: J\u00e9zus k\u00e9r\u00e9se a\u00a0szamariai asszonyhoz: <i>\u201eAdj innom!\u201c<\/i> (Jn 4,7).<\/p>\n<p>Az idei imah\u00e9t h\u00edv\u00e1s az \u00e9l\u0151 v\u00edz forr\u00e1s\u00e1hoz, J\u00e9zushoz. J\u00f3, ha mi is \u00e1tadjuk hit\u00fcnk \u00f6r\u00f6m\u00e9t a\u00a0vil\u00e1gnak, ahogyan a\u00a0szamariai asszony a\u00a0J\u00e9zust\u00f3l kapott v\u00edzzel el\u00e1rasztotta Szikar v\u00e1ros\u00e1t. Isten pedig \u00e9l\u0151 v\u00edzzel aj\u00e1nd\u00e9koz meg minket.<\/p>\n<p>Az \u00f6kumenikus imah\u00e9t mott\u00f3ja volt a\u00a0t\u00e9m\u00e1ja az Egyh\u00e1zf\u00e1n ez alkalomb\u00f3l megrendezett imatal\u00e1lkoz\u00f3nak is, melyre az id\u00e9n m\u00e1r \u00f6t\u00f6dik alkalommal ker\u00fclt sor Gajdo\u0161 P\u00e1l helyi pl\u00e9b\u00e1nos, Kiss Tibor j\u00f3kai reform\u00e1tus lelkip\u00e1sztor, valamint Jan\u010d\u00edk Tibor szenci evang\u00e9likus lelkip\u00e1sztor k\u00f6zrem\u0171k\u00f6d\u00e9s\u00e9vel.<\/p>\n<p>Mindig j\u00f3 egy\u00fctt l\u00e1tni a k\u00fcl\u00f6nb\u00f6z\u0151 felekezetekhez tartoz\u00f3 h\u00edveket, hiszen a\u00a0Krisztus-h\u00edv\u0151k k\u00f6z\u00f6s k\u00fcldet\u00e9se tan\u00faskodni az evang\u00e9liumr\u00f3l, vagyis az \u00f6r\u00f6mh\u00edrr\u0151l. K\u00e9rj\u00fck mindannyian, hogy a\u00a0kereszt\u00e9nyek egys\u00e9g\u00e9\u00e9rt im\u00e1dkozva jussunk el Krisztus titk\u00e1nak felismer\u00e9s\u00e9hez, s igaz\u00edtsuk \u00e9let\u00fcnket egy\u00e9nileg \u00e9s k\u00f6z\u00f6ss\u00e9gileg is az \u0150 akarata szerint!<\/p>\n<p align=\"right\">\n<p align=\"right\"><i>GE<\/i><\/p>\n","protected":false},"excerpt":{"rendered":"<p>Medzin\u00e1rodn\u00fd ekumenick\u00fd T\u00fd\u017ede\u0148 modlitieb za jednotu kres\u0165anov je spolo\u010dn\u00fdm modlitbov\u00fdm t\u00fd\u017ed\u0148om kres\u0165ansk\u00fdch cirkv\u00ed na celom svete,<\/p>\n","protected":false},"author":1,"featured_media":2257,"comment_status":"closed","ping_status":"closed","sticky":false,"template":"","format":"standard","meta":{"footnotes":""},"categories":[6],"tags":[24],"class_list":{"0":"entry","1":"post","2":"publish","3":"author-marian-jasenoveceltras-sk","4":"has-excerpt","5":"has-more-link","6":"post-2256","8":"format-standard","9":"has-post-thumbnail","10":"category-aktuality-sk","11":"post_tag-aktuality"},"_links":{"self":[{"href":"https:\/\/www.farakostolna.sk\/index.php?rest_route=\/wp\/v2\/posts\/2256","targetHints":{"allow":["GET"]}}],"collection":[{"href":"https:\/\/www.farakostolna.sk\/index.php?rest_route=\/wp\/v2\/posts"}],"about":[{"href":"https:\/\/www.farakostolna.sk\/index.php?rest_route=\/wp\/v2\/types\/post"}],"author":[{"embeddable":true,"href":"https:\/\/www.farakostolna.sk\/index.php?rest_route=\/wp\/v2\/users\/1"}],"replies":[{"embeddable":true,"href":"https:\/\/www.farakostolna.sk\/index.php?rest_route=%2Fwp%2Fv2%2Fcomments&post=2256"}],"version-history":[{"count":0,"href":"https:\/\/www.farakostolna.sk\/index.php?rest_route=\/wp\/v2\/posts\/2256\/revisions"}],"wp:featuredmedia":[{"embeddable":true,"href":"https:\/\/www.farakostolna.sk\/index.php?rest_route=\/"}],"wp:attachment":[{"href":"https:\/\/www.farakostolna.sk\/index.php?rest_route=%2Fwp%2Fv2%2Fmedia&parent=2256"}],"wp:term":[{"taxonomy":"category","embeddable":true,"href":"https:\/\/www.farakostolna.sk\/index.php?rest_route=%2Fwp%2Fv2%2Fcategories&post=2256"},{"taxonomy":"post_tag","embeddable":true,"href":"https:\/\/www.farakostolna.sk\/index.php?rest_route=%2Fwp%2Fv2%2Ftags&post=2256"}],"curies":[{"name":"wp","href":"https:\/\/api.w.org\/{rel}","templated":true}]}}