{"id":2252,"date":"2015-02-13T19:00:11","date_gmt":"2015-02-13T19:00:11","guid":{"rendered":"http:\/\/kostolna.fara.sk\/?p=2252"},"modified":"2015-02-13T19:00:11","modified_gmt":"2015-02-13T19:00:11","slug":"valentinsky-vecer-valentin-est","status":"publish","type":"post","link":"https:\/\/www.farakostolna.sk\/?p=2252","title":{"rendered":"Valent\u00ednsky ve\u010der \/ Valentin-est"},"content":{"rendered":"<p>\t\t\t\t<a href=\"http:\/\/kostolna.fara.sk\/wp-content\/uploads\/2015\/02\/DSC03993.jpg\"><img loading=\"lazy\" decoding=\"async\" class=\"size-thumbnail wp-image-2253 alignleft\" alt=\"DSC03993\" src=\"http:\/\/kostolna.fara.sk\/wp-content\/uploads\/2015\/02\/DSC03993-150x150.jpg\" width=\"150\" height=\"150\" \/><\/a>Kr\u00e1sne podujatie a\u00a0v\u00f4bec prv\u00e9 tak\u00e9hoto \u017e\u00e1nru, sa uskuto\u010dnilo v\u00a0predve\u010der sv. <!--more-->Valent\u00edna v\u00a0priestoroch pastora\u010dn\u00e9ho centra gr\u00f3fa P\u00e1lffyho. My\u0161lienkou bolo vyjadrenie v\u010fa\u010dnosti v\u0161etk\u00fdm man\u017eelsk\u00fdm p\u00e1rom za ich vernos\u0165 v\u00a0\u010dase ke\u010f sa st\u00e1le viac relativizuje potreba trval\u00fdch vz\u0165ahov a\u00a0sila vernosti. Riaden\u00e1 degust\u00e1cia profesion\u00e1lnymi someli\u00e9rmi v\u00a0preveden\u00ed Vlada a Mi\u0161a, uchvacuj\u00face prestieranie p. Alenkou (firma Biancabella), vynikaj\u00face predjedl\u00e1 v\u00a0podan\u00ed a\u00a0sponzorovan\u00ed \u0161\u00e9fkuch\u00e1rov Martina a\u00a0Valtera, \u017eiv\u00e1 hudba, skvel\u00e1 atmosf\u00e9ra&#8230; ne\u010dudo, \u017ee posledn\u00ed odch\u00e1dzali a\u017e po druhej v\u00a0noci. T\u00fdmto \u010fakujeme aj firme MONVIN za sponzoring v\u00ednnej degust\u00e1cie pre cel\u00fd ve\u010der.<\/p>\n<p><a title=\"Valentinsky Vecer\" href=\"https:\/\/plus.google.com\/u\/0\/photos\/113195793245664134546\/albums\/6117063421963764161\" target=\"_blank\" rel=\"noopener noreferrer\">Fotky\/ Fot\u00f3k<\/a><\/p>\n<p>Egy sz\u00e9p rendezv\u00e9nynek adott otthont pasztor\u00e1ci\u00f3s k\u00f6zpontunk, amelyre m\u00e9g ez id\u00e1ig nem volt p\u00e9lda. Az est f\u0151 gondolata a h\u00e1zast\u00e1rsi h\u0171s\u00e9g meg\u00fcnnepl\u00e9se volt, mik\u00f6zben a tart\u00f3s kapcsolatoknak \u00e9s a h\u0171s\u00e9g erej\u00e9nek fontoss\u00e1ga egyre ink\u00e1bb megk\u00e9rd\u0151jelez\u0151dik mai vil\u00e1gunkban. \u00c9l\u0151zene melletti bork\u00f3stol\u00f3, gy\u00f6ny\u00f6r\u0171en megter\u00edtett asztalok, kit\u0171n\u0151 el\u0151\u00e9telek \u2013 mindez profi borszak\u00e9rt\u0151k, szak\u00e1csok k\u00f6zrem\u0171k\u00f6d\u00e9s\u00e9vel\u2026 Nem csoda, hogy az utols\u00f3 p\u00e1r \u00e9jjel kett\u0151kor ment csak haza. Ez\u00faton mondunk k\u00f6sz\u00f6netet a MONVIN c\u00e9gnek a k\u00fcl\u00f6nf\u00e9le borok ingyenes bebiztos\u00edt\u00e1s\u00e1r\u00f3l az eg\u00e9sz este folyam\u00e1n.\t\t\t\t<\/p>\n","protected":false},"excerpt":{"rendered":"<p>Kr\u00e1sne podujatie a\u00a0v\u00f4bec prv\u00e9 tak\u00e9hoto \u017e\u00e1nru, sa uskuto\u010dnilo v\u00a0predve\u010der sv.<\/p>\n","protected":false},"author":1,"featured_media":2253,"comment_status":"closed","ping_status":"closed","sticky":false,"template":"","format":"standard","meta":{"footnotes":""},"categories":[6],"tags":[24],"class_list":{"0":"entry","1":"post","2":"publish","3":"author-marian-jasenoveceltras-sk","4":"has-excerpt","5":"has-more-link","6":"post-2252","8":"format-standard","9":"has-post-thumbnail","10":"category-aktuality-sk","11":"post_tag-aktuality"},"_links":{"self":[{"href":"https:\/\/www.farakostolna.sk\/index.php?rest_route=\/wp\/v2\/posts\/2252","targetHints":{"allow":["GET"]}}],"collection":[{"href":"https:\/\/www.farakostolna.sk\/index.php?rest_route=\/wp\/v2\/posts"}],"about":[{"href":"https:\/\/www.farakostolna.sk\/index.php?rest_route=\/wp\/v2\/types\/post"}],"author":[{"embeddable":true,"href":"https:\/\/www.farakostolna.sk\/index.php?rest_route=\/wp\/v2\/users\/1"}],"replies":[{"embeddable":true,"href":"https:\/\/www.farakostolna.sk\/index.php?rest_route=%2Fwp%2Fv2%2Fcomments&post=2252"}],"version-history":[{"count":0,"href":"https:\/\/www.farakostolna.sk\/index.php?rest_route=\/wp\/v2\/posts\/2252\/revisions"}],"wp:featuredmedia":[{"embeddable":true,"href":"https:\/\/www.farakostolna.sk\/index.php?rest_route=\/"}],"wp:attachment":[{"href":"https:\/\/www.farakostolna.sk\/index.php?rest_route=%2Fwp%2Fv2%2Fmedia&parent=2252"}],"wp:term":[{"taxonomy":"category","embeddable":true,"href":"https:\/\/www.farakostolna.sk\/index.php?rest_route=%2Fwp%2Fv2%2Fcategories&post=2252"},{"taxonomy":"post_tag","embeddable":true,"href":"https:\/\/www.farakostolna.sk\/index.php?rest_route=%2Fwp%2Fv2%2Ftags&post=2252"}],"curies":[{"name":"wp","href":"https:\/\/api.w.org\/{rel}","templated":true}]}}