{"id":2246,"date":"2015-02-14T15:00:04","date_gmt":"2015-02-14T15:00:04","guid":{"rendered":"http:\/\/kostolna.fara.sk\/?p=2246"},"modified":"2015-02-14T15:00:04","modified_gmt":"2015-02-14T15:00:04","slug":"ntm2015-on-a-ona-v-rozdielnosti","status":"publish","type":"post","link":"https:\/\/www.farakostolna.sk\/?p=2246","title":{"rendered":"NTM2015 &#8211; ON a ONA \/ Bozay Kriszti\u00e1n atya l\u00e1togat\u00e1sa"},"content":{"rendered":"<p>\t\t\t\t<a href=\"http:\/\/kostolna.fara.sk\/wp-content\/uploads\/2015\/02\/DSC04030.jpg\"><img loading=\"lazy\" decoding=\"async\" class=\"size-thumbnail wp-image-2247 alignleft\" alt=\"DSC04030\" src=\"http:\/\/kostolna.fara.sk\/wp-content\/uploads\/2015\/02\/DSC04030-150x150.jpg\" width=\"150\" height=\"150\" \/><\/a>Aj tento rok sme sa pridali v na\u0161ej farnosti k celosvetovej akcii N\u00e1rodn\u00fd t\u00fd\u017ede\u0148 man\u017eelstva. <!--more-->V sobot\u0148aj\u0161ie popoludnie 14. febru\u00e1ra na sviatok sv\u00e4t\u00e9ho Valent\u00edna sa nieko\u013eko man\u017eelsk\u00fdch p\u00e1rov z\u00fa\u010dastnilo duchovnej predn\u00e1\u0161ky, ktor\u00fa viedol <i>vdp. Marek Sit\u00e1r. <\/i>V pr\u00edhovore n\u00e1m pribl\u00ed\u017eil r\u00f4zne poh\u013eady na man\u017eelstvo, pri\u010dom \u010derpal zo svedectiev man\u017eelsk\u00fdch p\u00e1rov zo Slovenska ale aj z USA, kde p\u00e1ter Sit\u00e1r nieko\u013eko rokov p\u00f4sobil. V jednotliv\u00fdch pr\u00edkladoch n\u00e1m pouk\u00e1zal na to, ak\u00fdm sp\u00f4sobom m\u00f4\u017ee by\u0165 inakos\u0165 mu\u017ea a \u017eeny in\u0161piruj\u00faca a obohacuj\u00faca. Mu\u017e a \u017eena maj\u00fa by\u0165 predov\u0161etk\u00fdm partneri, nie s\u00faperi. R\u00f4znos\u0165 pov\u00e1ch, z\u00e1ujmov, poh\u013eadov, pr\u00edstupov,&#8230; m\u00e1 by\u0165 pr\u00ednosom pre toho druh\u00e9ho. Len takto m\u00f4\u017eu vytvori\u0165 jeden harmonick\u00fd celok, ktor\u00fd sa navz\u00e1jom dop\u013a\u0148a a podporuje. Celok, ktor\u00fd je viac ne\u017e jednoduch\u00fdm s\u00fa\u010dtom-l\u00e1ska a osobnos\u0165 sa v man\u017eelstve n\u00e1sobia, t.j. je d\u00f4le\u017eit\u00e9, aby obaja partneri na sebe pracovali a zvela\u010fovali sa. P\u00e1ter Marek n\u00e1m objasnil svedectvo Adama Smitha, ktor\u00fd tvrd\u00ed, \u017ee man\u017eelstvo nie je pre neho. My\u0161lienka p\u00e1na Smitha je viac ne\u017e in\u0161piruj\u00faca-jeho man\u017eelstvo je toti\u017e pre jeho man\u017eelku a naopak &#8211; man\u017eelstvo jeho man\u017eelky je pre neho. Len takto m\u00f4\u017eu dvaja vyst\u00fapi\u0165 zo svojho egoizmu, odda\u0165 sa plne svojmu partnerovi a jeho robi\u0165 \u0161\u0165astn\u00fdm. V tomto duchu sme \u010falej pokra\u010dovali vo vo\u013enej diskusii aj s na\u0161\u00edm p\u00e1nom far\u00e1rom Pavlom Gajdo\u0161om. V rozhovoroch sme sa dotkli viecer\u00fdch man\u017eelsk\u00fdch ot\u00e1zok, na ktor\u00e9 sme pod duchovn\u00fdm veden\u00edm h\u013eadali odpovede. Mysl\u00edm, \u017ee ka\u017ed\u00fd z n\u00e1s z tohoto stretnutia odch\u00e1dzal povzbuden\u00fd a motivovan\u00fd k osobn\u00e9mu rastu, ktor\u00fdm obdaruje svojho partnera.<\/p>\n<p>Len \u0165a\u017eko by sme si vedeli toto na\u0161e stretnutie predstavi\u0165 bez opatery na\u0161ich ratolest\u00ed. V\u010faka za pomoc\u00a0 s de\u0165mi patr\u00ed pani Gabike a sle\u010dne Diane, ktor\u00e9 sa im s trpezlivos\u0165ou a l\u00e1skou venovali. Deti spolo\u010dne pripravili cukr\u00e1\u0161e a\u00a0 tie\u017e hlavn\u00fd symbol N\u00e1rodn\u00e9ho t\u00fd\u017ed\u0148a man\u017eelstva, ktor\u00fd priniesli ako obetn\u00fd dar na sv\u00e4tej om\u0161i, ktor\u00e1 nasledovala pod duchovnom programe. Na spr\u00e1vne upe\u010denie kol\u00e1\u010dikov starostlivo dohliadla pani Gabrielov\u00e1.<\/p>\n<p>V r\u00e1mci om\u0161e odzneli prosby za man\u017eelstv\u00e1 na\u0161ej farnosti, pri\u010dom sme nezabudli ani na tie man\u017eelstv\u00e1, ktor\u00e9 s\u00fa sk\u00fa\u0161an\u00e9 kr\u00edzou, rozlukou, bezdetnos\u0165ou. Ve\u013emi siln\u00fdm momentom v r\u00e1mci prednesenia t\u00fdchto prosieb bolo, to, \u017ee v lektoroch mali zast\u00fapenie v\u0161etky gener\u00e1cie man\u017eelsk\u00fdch dvoj\u00edc. P\u00e1ter Marek predniesol hom\u00edliu, kde pouk\u00e1zal na to, \u017ee k\u0148az, aby mohol duchovne sprev\u00e1dza\u0165 man\u017eelov, nemus\u00ed by\u0165 nutne \u017eenat\u00fd, podobne, ako lek\u00e1r nemus\u00ed absolvova\u0165 v\u0161etky choroby, ktor\u00e9 lie\u010di. Duchovn\u00fd \u017eivot man\u017eelov je d\u00f4le\u017eit\u00fdm rozmerom spolo\u010dn\u00e9ho \u017eivota. Ak je spolo\u010dn\u00fdm centrom Boh, tak v\u0161etko, \u010do konaj\u00fa sl\u00fa\u017ei na ich vz\u00e1jomn\u00e9 zbl\u00ed\u017eenie. V opa\u010dnom pr\u00edpade sa m\u00f4\u017ee sta\u0165, \u017ee centr\u00e1 bud\u00fa dve, ktor\u00e9 nebud\u00fa tvori\u0165 vz\u00e1jomn\u00fa jednotu vo v\u0161etk\u00fdch rozmeroch-telo, duch, du\u0161a.<\/p>\n<p>Vyvrcholen\u00edm sv\u00e4tej om\u0161e bolo obnovenie si man\u017eelsk\u00fdch s\u013eubov. Ver\u00edm, \u017ee pr\u00edjemne pre\u017eit\u00e9 chv\u00edle nezostan\u00fa len spomienkou a zbierkou fotografi\u00ed, ale znovu n\u00e1m pripomen\u00fa hlbok\u00fa l\u00e1sku k man\u017eelsk\u00e9mu partnerovi, ktor\u00e1 je mo\u017eno zapr\u00e1\u0161en\u00e1 od povinnost\u00ed, starost\u00ed a v\u0161ednost\u00ed. Je na n\u00e1s, ako sa budeme stara\u0165 o pozemsk\u00fa z\u00e1hradu n\u00e1\u0161ho man\u017eelstva. Ak ju nenech\u00e1me zar\u00e1s\u0165 burinou p\u00fdchy, sebectva a pov\u00fd\u0161eneckosti, tak n\u00e1m v nej m\u00f4\u017eu vyr\u00e1s\u0165 \u00fa\u017easn\u00e9 plody l\u00e1sky: pokora, prajnos\u0165, zhovievavos\u0165, miernos\u0165, milosrdenstvo, &#8230; na ktor\u00fdch sa u\u017e d\u00e1 budova\u0165 \u0161\u0165astn\u00e9 man\u017eelstvo nasmerovan\u00e9 do nebeskej z\u00e1hrady. Nech je pozit\u00edvny pr\u00ednos tak\u00e9hoto duchovne veden\u00e9ho stretnutia v r\u00e1mci NTM povzbuden\u00edm na \u00fa\u010das\u0165 na podobn\u00fdch aktivit\u00e1ch v na\u0161ej farnosti, aby na\u0161e vz\u0165ahy mohli napredova\u0165 a r\u00e1s\u0165 nielen k \u013eu\u010fom, ale predov\u0161etk\u00fdm k Bohu-centru v\u0161etk\u00e9ho.<\/p>\n<p align=\"right\">Martin \u0160i\u0161ka<\/p>\n<p style=\"text-align: left;\" align=\"right\"><a title=\"Fotky\" href=\"https:\/\/plus.google.com\/u\/0\/photos\/113195793245664134546\/albums\/6117056730624946497\" target=\"_blank\" rel=\"noopener noreferrer\">Fotky<\/a><\/p>\n<p style=\"text-align: left;\" align=\"right\">&#8212;&#8212;&#8212;&#8212;&#8212;&#8212;&#8212;&#8212;&#8212;&#8212;&#8212;&#8212;&#8212;&#8212;&#8211;<\/p>\n<p><a href=\"http:\/\/kostolna.fara.sk\/wp-content\/uploads\/2015\/02\/Untitled.png\"><img loading=\"lazy\" decoding=\"async\" class=\"size-thumbnail wp-image-2260 alignleft\" alt=\"Untitled\" src=\"http:\/\/kostolna.fara.sk\/wp-content\/uploads\/2015\/02\/Untitled-150x150.png\" width=\"150\" height=\"150\" \/><\/a>NTM \/ Bozay Kriszti\u00e1n atya l\u00e1togat\u00e1sa a H\u00e1zass\u00e1g Hete alkalm\u00e1b\u00f3l<\/p>\n<p>15. febru\u00e1ra pri pr\u00edle\u017eitosti N\u00e1rodn\u00e9ho t\u00fd\u017ed\u0148a man\u017eelstva n\u00e1s na pozvanie n\u00e1\u0161ho p\u00e1na far\u00e1ra nav\u0161t\u00edvil vdp. Kriszti\u00e1n Bozay jel\u010dansk\u00fd far\u00e1r. P\u00e1n far\u00e1r Bozay celebroval sv. om\u0161u v\u00a0Kostolnej pri Dunaji o\u00a09:30 a vo svojom pr\u00edhovore sa zameral na t\u00e9mu man\u017eelstva a obohatil n\u00e1s\u00a0kr\u00e1snymi my\u0161lienkami. \u010eakujeme!<\/p>\n<p>&nbsp;<\/p>\n<p>2015. febru\u00e1r 15-\u00e9n, vas\u00e1rnap Gajdo\u0161 P\u00e1l atya megh\u00edv\u00e1s\u00e1ra elj\u00f6tt k\u00f6z\u00e9nk Bozay Kriszti\u00e1n j\u00f3kai pl\u00e9b\u00e1nos atya, hogy a H\u00e1zass\u00e1g Het\u00e9nek utols\u00f3 napj\u00e1n szentmis\u00e9t mutasson be, s szentbesz\u00e9d\u00e9vel buzd\u00edtsa a h\u00e1zass\u00e1gban \u00e9l\u0151ket \u00e9s az arra k\u00e9sz\u00fcl\u0151ket.<\/p>\n<p>Pr\u00e9dik\u00e1ci\u00f3j\u00e1ban Kriszti\u00e1n atya besz\u00e9lt arr\u00f3l, hogy a h\u00e1zass\u00e1g a leg\u0151sibb Isten \u00e1ltal alkotott int\u00e9zm\u00e9ny, amely egyben \u00f3ri\u00e1si kih\u00edv\u00e1s is. A h\u00e1zass\u00e1g \u00e9s a csal\u00e1d pedig \u00e9ppoly elv\u00e1laszthatatlan egym\u00e1st\u00f3l, mint a test \u00e9s a l\u00e9lek, hiszen Isten m\u00e1r kezdetben kifejezte, mi a sz\u00e1nd\u00e9ka az emberrel: <i>\u201eSzaporodjatok, sokasodjatok, t\u00f6lts\u00e9tek be a f\u00f6ldet!\u201d<\/i> (Ter 1,28). Majd a h\u00e1rom szeretetet kifejez\u0151 g\u00f6r\u00f6g sz\u00f3 magyar\u00e1zat\u00e1val folytatta: az <i>\u00e9rosz<\/i> az a szeretet, amely csak v\u00e1r valakire vagy valamire, nem tud aj\u00e1nd\u00e9kozni; a <i>f\u00edlia<\/i> az aj\u00e1nd\u00e9koz\u00e1son, a k\u00f6lcs\u00f6n\u00f6ss\u00e9gen alapul; az <i>agap\u00e9<\/i> pedig \u00f6nmagam aj\u00e1nd\u00e9koz\u00e1s\u00e1t jelenti, mikor cser\u00e9be nem v\u00e1rok semmit. Isten is ez\u00e9rt alkotta meg az embert: ny\u00fajtani akart, \u00e9s nem k\u00e9rt semmit. Erre a szintre jutnak el azok, akik h\u00e1zasodni akarnak. A h\u00e1zasuland\u00f3k sz\u00f6vets\u00e9get k\u00f6tnek, vagyis egy olyan meg\u00e1llapod\u00e1st, melyet egyik f\u00e9l se r\u00fag fel. Istenn\u00e9l nincs olyan, hogy valamit ne tudna megbocs\u00e1tani, ennek \u00edgy kell lennie a h\u00e1zass\u00e1gban is. A h\u00e1zass\u00e1g ugyanis \u00e1ldozat, kompromisszum, \u00f6sszhangra t\u00f6rekv\u00e9s, al\u00e1zat-iskola, s\u0151t P\u00e1zm\u00e1ny P\u00e9ter szavait id\u00e9zve: a legszigor\u00fabb szerzetesrend. A h\u00e1zass\u00e1gban egyvalakit v\u00e1lasztok, aki\u00e9rt az \u00e9letemet aj\u00e1nd\u00e9kozom, \u00edgy a h\u00e1zass\u00e1g olyan, mint a c\u00f6lib\u00e1tus. A h\u00e1zass\u00e1g szemben \u00e1ll a mai korszellemmel, hiszen \u00f6nmagam \u00f6nzetlen odaaj\u00e1nd\u00e9koz\u00e1s\u00e1t, a m\u00e1sik\u00e9rt val\u00f3 \u00e9letet jelenti, \u00e9s erre tan\u00edtani kell a fiatalokat. Aki ugyanis v\u00e1r valamit a h\u00e1zass\u00e1gban, az ki fog \u00e9gni. A h\u00e1zass\u00e1g olyan, mint a m\u00e9rleg: a serpeny\u0151knek \u00f6sszhangban kell lenni\u00fck, s ahhoz mindkett\u0151ben lennie kell valaminek. Ha pedig hi\u00e1nyzik az \u00f6sszhang a h\u00e1zast\u00e1rsak k\u00f6z\u00f6tt, akkor a gyerekek is zaklatottak lesznek. Az ember a h\u00e1zass\u00e1gban \u00e9li \u00e9lete l\u00e9nyeg\u00e9t, ez a legteljesebb emberi int\u00e9zm\u00e9ny, melynek kett\u0151s c\u00e9lja van: egy nem l\u00e1that\u00f3 \u00e9s egy l\u00e1that\u00f3: a h\u00e1zast\u00e1rsak java \u00e9s a gyermek\u00e1ld\u00e1s. Az \u00e9rdekess\u00e9g kedv\u00e9\u00e9rt az atya azt is megjegyezte, hogy az \u00e9let megfogan\u00e1s\u00e1hoz 248 fiziol\u00f3giai dolognak kell egybev\u00e1gnia, ami egy csoda, egy titok. Err\u0151l is besz\u00e9lgetni kell. A gyerekekkel is.\u00a0 A h\u00e1zass\u00e1g titok: a f\u00e9rfi \u00e9s a n\u0151 a titok hordoz\u00f3ja. Ketten egyet alkotnak: egy f\u00e9rfi \u00e9s egy n\u0151 \u2013 ez az egys\u00e9g z\u00e1loga. V\u00e9g\u00fcl a jegyesp\u00e1rok gyakori k\u00e9rd\u00e9s\u00e9re utalva az atya feltette a k\u00e9rd\u00e9st: Mi a garancia arra, hogy a h\u00e1zasuland\u00f3k kib\u00edrj\u00e1k egym\u00e1ssal? Az, hogy megel\u00e9gednek egym\u00e1ssal.<\/p>\n<p>A szentmise v\u00e9g\u00e9n Pali atya megk\u00f6sz\u00f6nte Kriszti\u00e1n aty\u00e1nak, hogy eleget tett a megh\u00edv\u00e1snak, s hogy sz\u00e9p szavakkal buzd\u00edtotta az egybegy\u0171lt h\u00edveket. K\u00e9rj\u00fck Isten \u00e1ld\u00e1s\u00e1t mindkett\u0151j\u00fckre, hogy tov\u00e1bbra is t\u00fcrelemmel vezess\u00e9k a r\u00e1juk b\u00edzottakat!<\/p>\n<p>&nbsp;<\/p>\n<p align=\"right\"><i>GZs<\/i><\/p>\n","protected":false},"excerpt":{"rendered":"<p>Aj tento rok sme sa pridali v na\u0161ej farnosti k celosvetovej akcii N\u00e1rodn\u00fd t\u00fd\u017ede\u0148 man\u017eelstva.<\/p>\n","protected":false},"author":1,"featured_media":2247,"comment_status":"closed","ping_status":"closed","sticky":false,"template":"","format":"standard","meta":{"footnotes":""},"categories":[6],"tags":[24],"class_list":{"0":"entry","1":"post","2":"publish","3":"author-marian-jasenoveceltras-sk","4":"has-excerpt","5":"has-more-link","6":"post-2246","8":"format-standard","9":"has-post-thumbnail","10":"category-aktuality-sk","11":"post_tag-aktuality"},"_links":{"self":[{"href":"https:\/\/www.farakostolna.sk\/index.php?rest_route=\/wp\/v2\/posts\/2246","targetHints":{"allow":["GET"]}}],"collection":[{"href":"https:\/\/www.farakostolna.sk\/index.php?rest_route=\/wp\/v2\/posts"}],"about":[{"href":"https:\/\/www.farakostolna.sk\/index.php?rest_route=\/wp\/v2\/types\/post"}],"author":[{"embeddable":true,"href":"https:\/\/www.farakostolna.sk\/index.php?rest_route=\/wp\/v2\/users\/1"}],"replies":[{"embeddable":true,"href":"https:\/\/www.farakostolna.sk\/index.php?rest_route=%2Fwp%2Fv2%2Fcomments&post=2246"}],"version-history":[{"count":0,"href":"https:\/\/www.farakostolna.sk\/index.php?rest_route=\/wp\/v2\/posts\/2246\/revisions"}],"wp:featuredmedia":[{"embeddable":true,"href":"https:\/\/www.farakostolna.sk\/index.php?rest_route=\/"}],"wp:attachment":[{"href":"https:\/\/www.farakostolna.sk\/index.php?rest_route=%2Fwp%2Fv2%2Fmedia&parent=2246"}],"wp:term":[{"taxonomy":"category","embeddable":true,"href":"https:\/\/www.farakostolna.sk\/index.php?rest_route=%2Fwp%2Fv2%2Fcategories&post=2246"},{"taxonomy":"post_tag","embeddable":true,"href":"https:\/\/www.farakostolna.sk\/index.php?rest_route=%2Fwp%2Fv2%2Ftags&post=2246"}],"curies":[{"name":"wp","href":"https:\/\/api.w.org\/{rel}","templated":true}]}}