{"id":2229,"date":"2015-02-08T21:29:29","date_gmt":"2015-02-08T21:29:29","guid":{"rendered":"http:\/\/kostolna.fara.sk\/?p=2229"},"modified":"2015-02-08T21:29:29","modified_gmt":"2015-02-08T21:29:29","slug":"dakujeme-za-vas-nazor-na-rodinu","status":"publish","type":"post","link":"https:\/\/www.farakostolna.sk\/?p=2229","title":{"rendered":"\u010eakujeme za V\u00e1\u0161 n\u00e1zor na rodinu\/K\u00f6sz\u00f6nj\u00fck, hogy kifejezte a csal\u00e1ddal kapcsolatos v\u00e9lem\u00e9ny\u00e9t!"},"content":{"rendered":"<p>\t\t\t\t<a href=\"http:\/\/kostolna.fara.sk\/wp-content\/uploads\/2015\/02\/2referendum.jpg\"><img loading=\"lazy\" decoding=\"async\" class=\"size-thumbnail wp-image-2230 alignleft\" alt=\"2referendum\" src=\"http:\/\/kostolna.fara.sk\/wp-content\/uploads\/2015\/02\/2referendum-150x150.jpg\" width=\"150\" height=\"150\" \/><\/a>Mil\u00ed veriaci, spoluob\u010dania,<!--more--><\/p>\n<p>ve\u013emi si v\u00e1\u017eim v\u0161etk\u00fdch, ktor\u00ed v\u00a0sobotu 7. 2. 2015 pri\u0161li vyjadri\u0165 svoj n\u00e1zor na hodnotu rodiny, det\u00ed a\u00a0man\u017eelstva v\u00a0dne\u0161nej spolo\u010dnosti. Z 1642 opr\u00e1vnen\u00fdch voli\u010dov na\u0161ej farnosti (Hrub\u00e1 Bor\u0161a, Hrub\u00fd \u0160\u00far, Kostoln\u00e1 pri Dunaji) pri\u0161lo hlasova\u0165 447 ob\u010danov, \u010do je 27,14 % (Hrub\u00e1 Bor\u0161a 20,2 %, Hrub\u00fd \u0160\u00far 28,44 %, Kostoln\u00e1 pri Dunaji 32,77 %). Je na ka\u017edom z\u00a0n\u00e1s, \u010di toto percento nemohlo by\u0165 aj\u00a0vy\u0161\u0161ie&#8230;<\/p>\n<p>Referendum bude st\u00e1le jedn\u00fdm z\u00a0najdemokratickej\u0161\u00edch n\u00e1strojov, ktor\u00fd sme z\u00edskali po 17. novembri 1989. K\u00fdm dovtedy sa n\u00e1s na n\u00e1zor nikto nep\u00fdtal, teraz m\u00e1me mo\u017enos\u0165 vyjadri\u0165 svoju v\u00f4\u013eu v\u00a0r\u00f4znych spolo\u010densko-politick\u00fdch t\u00e9mach. Nie je teraz d\u00f4le\u017eit\u00e9, ako referendum dopadlo, ove\u013ea d\u00f4le\u017eitej\u0161ie je zistenie, \u017ee tieto t\u00e9my h\u00fdbu spolo\u010dnos\u0165ou. Ver\u00edme, \u017ee aj na z\u00e1klade v\u00f4le takmer mili\u00f3na ob\u010danov, bude v bud\u00facnosti diskusia ove\u013ea vecnej\u0161ia a\u00a0slu\u0161nej\u0161ia.<\/p>\n<p>E\u0161te raz \u010fakujem, \u017ee ste sa nehanbili pr\u00eds\u0165 vyjadri\u0165 svoj n\u00e1zor.<\/p>\n<p>S\u00a0\u00factou<\/p>\n<p><i>Pavol Gajdo\u0161, far\u00e1r<\/i><\/p>\n<p>Kedves h\u00edvek, polg\u00e1rt\u00e1rsak!<\/p>\n<p>Nagyra \u00e9rt\u00e9kelek mindenkit, aki elj\u00f6tt 2015. 2. 7-\u00e9n, hogy kifejezze a v\u00e9lem\u00e9ny\u00e9t a csal\u00e1d, a gyerekek \u00e9s a h\u00e1zass\u00e1g \u00e9rt\u00e9k\u00e9r\u0151l mai t\u00e1rsadalmunkban. Az 1\u00a0642 v\u00e1laszt\u00e1sra jogosult szem\u00e9lyb\u0151l pl\u00e9b\u00e1niak\u00f6zs\u00e9g\u00fcnkben (Nagyborsa, Hegys\u00far, Egyh\u00e1zfa) 447-en \u00e9ltek ezzel a lehet\u0151s\u00e9ggel, ami 27,14 % (Nagyborsa 20,2 %, Hegys\u00far 28,44 %, Egyh\u00e1zfa 32,77 %). Rajtunk is m\u00falt, hogy ez a sz\u00e1m nem lett nagyobb\u2026<\/p>\n<p>A n\u00e9pszavaz\u00e1s mindig is az egyik legdemokratikusabb eszk\u00f6z lesz, melyre 1989. november 17-e ut\u00e1n tett\u00fcnk szert. M\u00edg azel\u0151tt sosem k\u00e9rdezt\u00e9k meg a v\u00e9lem\u00e9ny\u00fcnket, most van lehet\u0151s\u00e9g\u00fcnk arra, hogy v\u00e9lem\u00e9nyt nyilv\u00e1n\u00edtsunk k\u00fcl\u00f6nb\u00f6z\u0151 t\u00e1rsadalmi-politikai t\u00e9m\u00e1kban. Most nem az a fontos, hogy mi lett a n\u00e9pszavaz\u00e1s eredm\u00e9nye, hanem az, hogy ezek a t\u00e9m\u00e1k foglalkoztatj\u00e1k a k\u00f6zv\u00e9lem\u00e9nyt. Hissz\u00fck, hogy a csaknem egymilli\u00f3 v\u00e1laszt\u00f3polg\u00e1r v\u00e9lem\u00e9nye alapj\u00e1n a j\u00f6v\u0151ben t\u00e1rgyilagosabb \u00e9s tisztelettud\u00f3bb p\u00e1rbesz\u00e9d folyik majd.<\/p>\n<p>M\u00e9g egyszer k\u00f6sz\u00f6n\u00f6m, hogy nem sz\u00e9gyelltek elj\u00f6nni \u00e9s kinyilv\u00e1n\u00edtani a v\u00e9lem\u00e9ny\u00fcket!<\/p>\n<p>Tisztelettel,<\/p>\n<p><i>Gajdo\u0161 P\u00e1l pl\u00e9b\u00e1nos<\/i>\t\t\t\t<\/p>\n","protected":false},"excerpt":{"rendered":"<p>Mil\u00ed veriaci, spoluob\u010dania,<\/p>\n","protected":false},"author":1,"featured_media":2230,"comment_status":"closed","ping_status":"closed","sticky":false,"template":"","format":"standard","meta":{"footnotes":""},"categories":[6],"tags":[24],"class_list":{"0":"entry","1":"post","2":"publish","3":"author-marian-jasenoveceltras-sk","4":"has-excerpt","5":"has-more-link","6":"post-2229","8":"format-standard","9":"has-post-thumbnail","10":"category-aktuality-sk","11":"post_tag-aktuality"},"_links":{"self":[{"href":"https:\/\/www.farakostolna.sk\/index.php?rest_route=\/wp\/v2\/posts\/2229","targetHints":{"allow":["GET"]}}],"collection":[{"href":"https:\/\/www.farakostolna.sk\/index.php?rest_route=\/wp\/v2\/posts"}],"about":[{"href":"https:\/\/www.farakostolna.sk\/index.php?rest_route=\/wp\/v2\/types\/post"}],"author":[{"embeddable":true,"href":"https:\/\/www.farakostolna.sk\/index.php?rest_route=\/wp\/v2\/users\/1"}],"replies":[{"embeddable":true,"href":"https:\/\/www.farakostolna.sk\/index.php?rest_route=%2Fwp%2Fv2%2Fcomments&post=2229"}],"version-history":[{"count":0,"href":"https:\/\/www.farakostolna.sk\/index.php?rest_route=\/wp\/v2\/posts\/2229\/revisions"}],"wp:featuredmedia":[{"embeddable":true,"href":"https:\/\/www.farakostolna.sk\/index.php?rest_route=\/"}],"wp:attachment":[{"href":"https:\/\/www.farakostolna.sk\/index.php?rest_route=%2Fwp%2Fv2%2Fmedia&parent=2229"}],"wp:term":[{"taxonomy":"category","embeddable":true,"href":"https:\/\/www.farakostolna.sk\/index.php?rest_route=%2Fwp%2Fv2%2Fcategories&post=2229"},{"taxonomy":"post_tag","embeddable":true,"href":"https:\/\/www.farakostolna.sk\/index.php?rest_route=%2Fwp%2Fv2%2Ftags&post=2229"}],"curies":[{"name":"wp","href":"https:\/\/api.w.org\/{rel}","templated":true}]}}