{"id":2216,"date":"2015-01-26T15:41:39","date_gmt":"2015-01-26T15:41:39","guid":{"rendered":"http:\/\/kostolna.fara.sk\/?p=2216"},"modified":"2015-01-26T15:41:39","modified_gmt":"2015-01-26T15:41:39","slug":"modlitebne-trojdnie-mm","status":"publish","type":"post","link":"https:\/\/www.farakostolna.sk\/?p=2216","title":{"rendered":"Modlitebn\u00e9 trojdnie MM \/ \u00c9desany\u00e1k imah\u00e9tv\u00e9g\u00e9je"},"content":{"rendered":"<p>\t\t\t\t<a href=\"http:\/\/kostolna.fara.sk\/wp-content\/uploads\/2015\/02\/150125-027.jpg\"><img loading=\"lazy\" decoding=\"async\" class=\"size-thumbnail wp-image-2217 alignleft\" alt=\"150125 027\" src=\"http:\/\/kostolna.fara.sk\/wp-content\/uploads\/2015\/02\/150125-027-150x150.jpg\" width=\"150\" height=\"150\" \/><\/a><\/p>\n<p>V\u00a0t\u00fdchto d\u0148och hovor\u00edme o rodine viac ako inokedy. Rodinu dnes ohrozuje mno\u017estvo n\u00e1strah a\u00a0protivenstiev.<!--more-->My mamy, sme sa cez v\u00edkend od 23. do 25. 1. 2015 stretli, aby sme sa modlili nielen za svoje deti, ale aj za ochranu rodiny. Uvedomujeme si, \u017ee hoci n\u00e1m na nej ve\u013emi z\u00e1le\u017e\u00ed, \u010dasto sa aj nechtiac prehre\u0161ujeme pr\u00e1ve v rodine a proti rodine.<\/p>\n<p>Ka\u017ed\u00e1 matka je len \u010dlovek ako ka\u017ed\u00fd in\u00fd, a\u00a0je ve\u013emi oslobodzuj\u00face pr\u00eds\u0165 odprosi\u0165 Boha za svoje ka\u017edodenn\u00e9 slabosti a\u00a0nedokonalosti vo\u010di svojim najbli\u017e\u0161\u00edm. Nech sa akoko\u013evek sna\u017e\u00edme, n\u00e1jde sa toho mnoho, \u010do by sme mohli a\u00a0mali robi\u0165 lep\u0161ie, l\u00e1skavej\u0161ie, pokojnej\u0161ie, trpezlivej\u0161ie, m\u00fadrej\u0161ie. Tu pozn\u00e1vame odp\u00fa\u0161\u0165aj\u00facu l\u00e1sku n\u00e1\u0161ho P\u00e1na.<\/p>\n<p>Aj n\u00e1s alebo na\u0161e rodiny ranilo mnoho nel\u00e1skavosti, ne\u00faprimnosti, falo\u0161nosti a\u00a0zloby. Preto prich\u00e1dzame odovzda\u0165 tieto svoje zranenia, bolesti a\u00a0tr\u00e1penia P\u00e1novi a\u00a0pros\u00edme ho o\u00a0z\u00e1zrak. On je jedin\u00fd, ktor\u00fd ich dok\u00e1\u017ee vylie\u010di\u0165 prostredn\u00edctvom svojej uzdravuj\u00facej l\u00e1sky.<\/p>\n<p>Ka\u017ed\u00fd de\u0148 v\u0161ak v\u00a0rodine pre\u017e\u00edvame aj svoje radosti, \u0161\u0165astie, l\u00e1sku, prijatie. Za toto v\u0161etko prich\u00e1dzame Boha chv\u00e1li\u0165 a\u00a0\u010fakova\u0165 mu. Tu si uvedomujeme, \u017ee na\u0161e deti s\u00fa obrovsk\u00fdm a nezasl\u00fa\u017een\u00fdm darom, ktor\u00fd n\u00e1m P\u00e1n zveruje. Ukazuje n\u00e1m, \u017ee ich miluje viac ako my, \u017ee ich chce chr\u00e1ni\u0165 a\u00a0vies\u0165. \u010cak\u00e1 len na n\u00e1\u0161 pr\u00edhovor za ne: \u201e<i>Pane, tu s\u00fa moje deti, miluje\u0161 ich v\u00e4\u010d\u0161mi ako my, dok\u00e1\u017ee\u0161 zmeni\u0165 aj to, \u010do je nad na\u0161e sily, preto ich odovzd\u00e1vame do tvojej bezpe\u010dnej a\u00a0l\u00e1skyplnej opatery.\u201c<\/i><\/p>\n<p>Bo\u017ee, \u010fakujeme Ti za toto stretnutie a\u00a0te\u0161\u00edme sa na \u010fal\u0161ie.<\/p>\n<p align=\"right\"><i>mama M.<\/i><\/p>\n<p>&nbsp;<\/p>\n<p><a href=\"https:\/\/plus.google.com\/u\/0\/photos\/113195793245664134546\/albums\/6112378132024665121\" target=\"_blank\" rel=\"noopener noreferrer\">Fotky \/ F\u00e9nyk\u00e9pek:<\/a><\/p>\n<p>&nbsp;<\/p>\n<p>Ezekben a napokban t\u00f6bbet besz\u00e9l\u00fcnk a csal\u00e1dr\u00f3l, mint m\u00e1skor. Ma a csal\u00e1dot sz\u00e1mos vesz\u00e9ly fenyegeti. Mi, \u00e9desany\u00e1k a janu\u00e1r 23-t\u00f3l 25-ig tart\u00f3 h\u00e9tv\u00e9g\u00e9n tal\u00e1lkoztunk, hogy gyermekeink\u00e9rt \u00e9s a csal\u00e1d v\u00e9delm\u00e9\u00e9rt egyar\u00e1nt im\u00e1dkozzunk. Tudat\u00e1ban vagyunk, hogy b\u00e1r a csal\u00e1d nagyon is fontos sz\u00e1munkra, m\u00e9gis gyakran \u00e9ppen a csal\u00e1dban \u00e9s a csal\u00e1d ellen v\u00e9t\u00fcnk.<\/p>\n<p>Az \u00e9desanya is olyan, mint a t\u00f6bbi ember, ez\u00e9rt nagyon felszabad\u00edt\u00f3 elj\u00f6nni, \u00e9s bocs\u00e1natot k\u00e9rni Istent\u0151l a hozz\u00e1nk legk\u00f6zelebb \u00e1ll\u00f3kkal szembeni gyenges\u00e9geink\u00e9rt. B\u00e1rhogy igyekezz\u00fcnk is, mindig akad b\u0151ven olyan dolog, amelyet csin\u00e1lhatn\u00e1nk jobban, kedvesebben, nyugodtabban, t\u00fcrelmesebben, okosabban. Itt ismerj\u00fck meg a mi Urunk megbocs\u00e1t\u00f3 szeretet\u00e9t.<\/p>\n<p>Minket \u00e9s csal\u00e1djainkat is megsebzett a sok szeretetlens\u00e9g, \u0151szint\u00e9tlens\u00e9g, hamiss\u00e1g \u00e9s harag. Ez\u00e9rt j\u00f6v\u00fcnk el \u00e1tadni f\u00e1jdalmainkat \u00e9s szenved\u00e9seinket az \u00darnak, s k\u00e9rj\u00fck \u0151t, hogy tegyen csod\u00e1t. \u0150 az egyetlen, aki az \u0151 gy\u00f3gy\u00edt\u00f3 szeretete \u00e1ltal k\u00e9pes begy\u00f3gy\u00edtani sebeinket.<\/p>\n<p>Csal\u00e1djainkban azonban mindennap megtapasztaljuk az \u00f6r\u00f6m\u00f6t, boldogs\u00e1got, szeretetet \u00e9s elfogad\u00e1st is. Mindez\u00e9rt dics\u0151\u00edtj\u00fck az Istent, s h\u00e1l\u00e1t adunk neki. Tudatos\u00edtjuk, hogy gyermekeink, akiket az \u00dar b\u00edzott r\u00e1nk, hatalmas \u00e9s nem meg\u00e9rdemelt aj\u00e1nd\u00e9k. R\u00e1mutat arra, hogy \u0151 jobban szereti \u0151ket, mint mi, s hogy \u00f3vni \u00e9s vezetni akarja \u0151ket. Csak arra v\u00e1r, hogy k\u00f6ny\u00f6r\u00f6gj\u00fcnk \u00e9rt\u00fck: <i>\u201eUrunk, ezek itt a gyermekeink, te n\u00e1lunk sokkal jobban szereted \u0151ket, s k\u00e9pes vagy megv\u00e1ltoztatni azt is, ami a mi er\u0151inket meghaladja, ez\u00e9rt a te biztons\u00e1gos \u00e9s szeretetteljes gondoskod\u00e1sodra b\u00edzzuk \u0151ket.\u201d<\/i><\/p>\n<p>K\u00f6sz\u00f6nj\u00fck neked, Urunk, ezt a tal\u00e1lkoz\u00e1st, s \u00f6r\u00f6mmel v\u00e1rjuk a k\u00f6vetkez\u0151t.\t\t\t\t<\/p>\n","protected":false},"excerpt":{"rendered":"<p>V\u00a0t\u00fdchto d\u0148och hovor\u00edme o rodine viac ako inokedy. Rodinu dnes ohrozuje mno\u017estvo n\u00e1strah a\u00a0protivenstiev.<\/p>\n","protected":false},"author":1,"featured_media":2217,"comment_status":"closed","ping_status":"closed","sticky":false,"template":"","format":"standard","meta":{"footnotes":""},"categories":[6],"tags":[24],"class_list":{"0":"entry","1":"post","2":"publish","3":"author-marian-jasenoveceltras-sk","4":"has-excerpt","5":"has-more-link","6":"post-2216","8":"format-standard","9":"has-post-thumbnail","10":"category-aktuality-sk","11":"post_tag-aktuality"},"_links":{"self":[{"href":"https:\/\/www.farakostolna.sk\/index.php?rest_route=\/wp\/v2\/posts\/2216","targetHints":{"allow":["GET"]}}],"collection":[{"href":"https:\/\/www.farakostolna.sk\/index.php?rest_route=\/wp\/v2\/posts"}],"about":[{"href":"https:\/\/www.farakostolna.sk\/index.php?rest_route=\/wp\/v2\/types\/post"}],"author":[{"embeddable":true,"href":"https:\/\/www.farakostolna.sk\/index.php?rest_route=\/wp\/v2\/users\/1"}],"replies":[{"embeddable":true,"href":"https:\/\/www.farakostolna.sk\/index.php?rest_route=%2Fwp%2Fv2%2Fcomments&post=2216"}],"version-history":[{"count":0,"href":"https:\/\/www.farakostolna.sk\/index.php?rest_route=\/wp\/v2\/posts\/2216\/revisions"}],"wp:featuredmedia":[{"embeddable":true,"href":"https:\/\/www.farakostolna.sk\/index.php?rest_route=\/"}],"wp:attachment":[{"href":"https:\/\/www.farakostolna.sk\/index.php?rest_route=%2Fwp%2Fv2%2Fmedia&parent=2216"}],"wp:term":[{"taxonomy":"category","embeddable":true,"href":"https:\/\/www.farakostolna.sk\/index.php?rest_route=%2Fwp%2Fv2%2Fcategories&post=2216"},{"taxonomy":"post_tag","embeddable":true,"href":"https:\/\/www.farakostolna.sk\/index.php?rest_route=%2Fwp%2Fv2%2Ftags&post=2216"}],"curies":[{"name":"wp","href":"https:\/\/api.w.org\/{rel}","templated":true}]}}