{"id":2203,"date":"2015-01-15T13:06:52","date_gmt":"2015-01-15T13:06:52","guid":{"rendered":"http:\/\/kostolna.fara.sk\/?p=2203"},"modified":"2015-01-15T13:06:52","modified_gmt":"2015-01-15T13:06:52","slug":"2203","status":"publish","type":"post","link":"https:\/\/www.farakostolna.sk\/?p=2203","title":{"rendered":"Betlehemes j\u00e1t\u00e9k a legkisebbek el\u0151ad\u00e1s\u00e1ban"},"content":{"rendered":"<p>\t\t\t\t&nbsp;<\/p>\n<p>A kar\u00e1csonynak legjobban a gyerekek \u00f6r\u00fclnek. V\u00e1rj\u00e1k a kis J\u00e9zus elj\u00f6vetel\u00e9t, aki kicsi, mint \u0151k, \u00edgy meg tudj\u00e1k \u0151t \u00e9rteni. Sejtik, hogy nem \u00fcres k\u00e9zzel j\u00f6n, hanem sok-sok aj\u00e1nd\u00e9kkal. A j\u00e1t\u00e9kok mell\u00e9 szeretetet \u00e9s bar\u00e1ts\u00e1got hoz, s a sz\u00edv\u00e9t k\u00edn\u00e1lja nekik. A kar\u00e1csonyt megel\u0151z\u0151 id\u0151szakban n\u00e9h\u00e1ny hegys\u00fari gyerek t\u00f6bbsz\u00f6r is tal\u00e1lkozott, hogy \u0151k is k\u00e9sz\u00edtsenek aj\u00e1nd\u00e9kot a kis J\u00e9zusnak: betlehemes j\u00e1t\u00e9kot \u00e9nekekkel, versekkel. A gyerekek nagy \u00f6r\u00f6mmel, ugyanakkor felel\u0151ss\u00e9gteljesen alak\u00edtott\u00e1k Sz\u0171z M\u00e1ria, Szent J\u00f3zsef, az angyalok \u00e9s a\u00a0p\u00e1sztorok szerep\u00e9t. Az adventi id\u0151szak gyorsan eltelt, s el\u00e9rkezett a nap, amikor \u00e1tadhatt\u00e1k aj\u00e1nd\u00e9kukat a kis J\u00e9zusnak.<\/p>\n<p>A gyerekek 2014. december 17-\u00e9n l\u00e9ptek fel a hegys\u00fari Szenth\u00e1roms\u00e1g-k\u00e1poln\u00e1ban, majd a betlehemes j\u00e1t\u00e9kot megism\u00e9telt\u00e9k az egyh\u00e1zfai R\u00f3zsaf\u00fcz\u00e9r Kir\u00e1lyn\u0151je templomban is 2015. janu\u00e1r 3-\u00e1n. A jelenetet az egyik anyuka, \u013dubka \u0160i\u0161kov\u00e1 \u00e1ll\u00edtotta \u00f6ssze szlov\u00e1k n\u00e9pi mond\u00f3k\u00e1kb\u00f3l \u00e9s kar\u00e1csonyi \u00e9nekekb\u0151l, s ugyanakkor git\u00e1ron k\u00eds\u00e9rte a gyerekek el\u0151ad\u00e1s\u00e1t.<\/p>\n<p><a href=\"http:\/\/youtu.be\/0DNhyB7mKKk\" target=\"_blank\" rel=\"noopener noreferrer\">\u00a0Video<\/a><\/p>\n<p>Katar\u00edna Kraj\u010d\u00edrov\u00e1\t\t\t\t<\/p>\n","protected":false},"excerpt":{"rendered":"<p>&nbsp; A kar\u00e1csonynak legjobban a gyerekek \u00f6r\u00fclnek. V\u00e1rj\u00e1k a kis J\u00e9zus elj\u00f6vetel\u00e9t, aki kicsi, mint \u0151k, \u00edgy meg tudj\u00e1k \u0151t \u00e9rteni. Sejtik, hogy nem \u00fcres k\u00e9zzel j\u00f6n, hanem sok-sok aj\u00e1nd\u00e9kkal. A j\u00e1t\u00e9kok mell\u00e9 szeretetet \u00e9s bar\u00e1ts\u00e1got hoz, s a sz\u00edv\u00e9t k\u00edn\u00e1lja nekik. A kar\u00e1csonyt megel\u0151z\u0151 id\u0151szakban n\u00e9h\u00e1ny hegys\u00fari gyerek t\u00f6bbsz\u00f6r is tal\u00e1lkozott, hogy \u0151k is &#8230; <span class=\"more\"><a class=\"more-link\" href=\"https:\/\/www.farakostolna.sk\/?p=2203\">[\u010c\u00edta\u0165 \u010falej&#8230;]<\/a><\/span><\/p>\n","protected":false},"author":1,"featured_media":2079,"comment_status":"closed","ping_status":"closed","sticky":false,"template":"","format":"standard","meta":{"footnotes":""},"categories":[10],"tags":[29],"class_list":{"0":"entry","1":"post","2":"publish","3":"author-marian-jasenoveceltras-sk","4":"has-excerpt","5":"post-2203","7":"format-standard","8":"has-post-thumbnail","9":"category-hirek","10":"post_tag-hirek"},"_links":{"self":[{"href":"https:\/\/www.farakostolna.sk\/index.php?rest_route=\/wp\/v2\/posts\/2203","targetHints":{"allow":["GET"]}}],"collection":[{"href":"https:\/\/www.farakostolna.sk\/index.php?rest_route=\/wp\/v2\/posts"}],"about":[{"href":"https:\/\/www.farakostolna.sk\/index.php?rest_route=\/wp\/v2\/types\/post"}],"author":[{"embeddable":true,"href":"https:\/\/www.farakostolna.sk\/index.php?rest_route=\/wp\/v2\/users\/1"}],"replies":[{"embeddable":true,"href":"https:\/\/www.farakostolna.sk\/index.php?rest_route=%2Fwp%2Fv2%2Fcomments&post=2203"}],"version-history":[{"count":0,"href":"https:\/\/www.farakostolna.sk\/index.php?rest_route=\/wp\/v2\/posts\/2203\/revisions"}],"wp:featuredmedia":[{"embeddable":true,"href":"https:\/\/www.farakostolna.sk\/index.php?rest_route=\/"}],"wp:attachment":[{"href":"https:\/\/www.farakostolna.sk\/index.php?rest_route=%2Fwp%2Fv2%2Fmedia&parent=2203"}],"wp:term":[{"taxonomy":"category","embeddable":true,"href":"https:\/\/www.farakostolna.sk\/index.php?rest_route=%2Fwp%2Fv2%2Fcategories&post=2203"},{"taxonomy":"post_tag","embeddable":true,"href":"https:\/\/www.farakostolna.sk\/index.php?rest_route=%2Fwp%2Fv2%2Ftags&post=2203"}],"curies":[{"name":"wp","href":"https:\/\/api.w.org\/{rel}","templated":true}]}}