{"id":2078,"date":"2014-12-17T18:00:42","date_gmt":"2014-12-17T18:00:42","guid":{"rendered":"http:\/\/kostolna.fara.sk\/?p=2078"},"modified":"2014-12-17T18:00:42","modified_gmt":"2014-12-17T18:00:42","slug":"detska-jaslicova-slavnost-betlehemes-jatek-a-legkisebbek-eloadasaban","status":"publish","type":"post","link":"https:\/\/www.farakostolna.sk\/?p=2078","title":{"rendered":"Detsk\u00e1 Jasli\u010dkov\u00e1 sl\u00e1vnos\u0165 \/ Betlehemes j\u00e1t\u00e9k a legkisebbek el\u0151ad\u00e1s\u00e1ban"},"content":{"rendered":"<p>\t\t\t\t<a href=\"http:\/\/kostolna.fara.sk\/wp-content\/uploads\/2015\/01\/Screen-Shot-2015-01-07-at-9.16.46-PM.png\"><img loading=\"lazy\" decoding=\"async\" class=\"size-thumbnail wp-image-2079 alignleft\" alt=\"Screen Shot 2015-01-07 at 9.16.46 PM\" src=\"http:\/\/kostolna.fara.sk\/wp-content\/uploads\/2015\/01\/Screen-Shot-2015-01-07-at-9.16.46-PM-150x150.png\" width=\"150\" height=\"150\" \/><\/a>Najv\u00e4\u010d\u0161iu rados\u0165 z\u00a0Vianoc maj\u00fa deti. Te\u0161ia sa na pr\u00edchod Je\u017ei\u0161ka. Je mali\u010dk\u00fd ako ony, tak\u017ee mu dobre rozumej\u00fa. <!--more-->Tu\u0161ia, \u017ee nepr\u00edde napr\u00e1zdno, prinesie mno\u017estvo darov. Okrem hra\u010dek pod strom\u010dekom im nesie l\u00e1sku, priate\u013estvo a\u00a0pon\u00faka im cel\u00e9 svoje srdie\u010dko. Po\u010das predviano\u010dn\u00e9ho obdobia sa deti z\u00a0<i>Hrub\u00e9ho \u0160\u00faru<\/i> stret\u00e1vali, aby si pre Je\u017ei\u0161ka pripravili tie\u017e mal\u00fd dar\u010dek. Darova\u0165 mu chceli pesni\u010dky a\u00a0ver\u0161\u00edky v\u00a0Jasli\u010dkovej sl\u00e1vnosti. Deti sa zhostili svojich \u00faloh s\u00a0ve\u013ek\u00fdm pote\u0161en\u00edm, ale aj zodpovednos\u0165ou. Panna M\u00e1ria, sv\u00e4t\u00fd Jozef, anjeli aj pastieri, ka\u017ed\u00fd sa ujal svojej \u00falohy. Advent ubehol r\u00fdchlo a\u00a0pri\u0161iel de\u0148, kedy deti Je\u017ei\u0161kovi dali svoj dar\u010dek.<\/p>\n<p>V\u00a0\u0161\u00farskej kaplnke <i>Najsv\u00e4tej\u0161ej Trojice<\/i> vyst\u00fapili 17. decembra 2014 a vo farskom kostole <i>Ru\u017eencovej panny M\u00e1rie v\u00a0Kostolnej pri Dunaji<\/i> vyst\u00fapenie zopakovali e\u0161te 3. janu\u00e1ra 2015. Jasli\u010dkov\u00fa sl\u00e1vnos\u0165 zostavila pani <i>\u013dubka \u0160i\u0161kov\u00e1<\/i> z\u00a0\u013eudov\u00fdch ver\u0161ov a\u00a0kolied, ktor\u00e1 deti z\u00e1rove\u0148 sprev\u00e1dzala na gitare.<\/p>\n<p><a href=\"http:\/\/youtu.be\/0DNhyB7mKKk\" target=\"_blank\" rel=\"noopener noreferrer\">\u00a0Video<\/a><\/p>\n<p>A kar\u00e1csonynak legjobban a gyerekek \u00f6r\u00fclnek. V\u00e1rj\u00e1k a kis J\u00e9zus elj\u00f6vetel\u00e9t, aki kicsi, mint \u0151k, \u00edgy meg tudj\u00e1k \u0151t \u00e9rteni. Sejtik, hogy nem \u00fcres k\u00e9zzel j\u00f6n, hanem sok-sok aj\u00e1nd\u00e9kkal. A j\u00e1t\u00e9kok mell\u00e9 szeretetet \u00e9s bar\u00e1ts\u00e1got hoz, s a sz\u00edv\u00e9t k\u00edn\u00e1lja nekik. A kar\u00e1csonyt megel\u0151z\u0151 id\u0151szakban n\u00e9h\u00e1ny hegys\u00fari gyerek t\u00f6bbsz\u00f6r is tal\u00e1lkozott, hogy \u0151k is k\u00e9sz\u00edtsenek aj\u00e1nd\u00e9kot a kis J\u00e9zusnak: betlehemes j\u00e1t\u00e9kot \u00e9nekekkel, versekkel. A gyerekek nagy \u00f6r\u00f6mmel, ugyanakkor felel\u0151ss\u00e9gteljesen alak\u00edtott\u00e1k Sz\u0171z M\u00e1ria, Szent J\u00f3zsef, az angyalok \u00e9s a\u00a0p\u00e1sztorok szerep\u00e9t. Az adventi id\u0151szak gyorsan eltelt, s el\u00e9rkezett a nap, amikor \u00e1tadhatt\u00e1k aj\u00e1nd\u00e9kukat a kis J\u00e9zusnak.<\/p>\n<p>A gyerekek 2014. december 17-\u00e9n l\u00e9ptek fel a hegys\u00fari Szenth\u00e1roms\u00e1g-k\u00e1poln\u00e1ban, majd a betlehemes j\u00e1t\u00e9kot megism\u00e9telt\u00e9k az egyh\u00e1zfai R\u00f3zsaf\u00fcz\u00e9r Kir\u00e1lyn\u0151je templomban is 2015. janu\u00e1r 3-\u00e1n. A jelenetet az egyik anyuka, \u013dubka \u0160i\u0161kov\u00e1 \u00e1ll\u00edtotta \u00f6ssze szlov\u00e1k n\u00e9pi mond\u00f3k\u00e1kb\u00f3l \u00e9s kar\u00e1csonyi \u00e9nekekb\u0151l, s ugyanakkor git\u00e1ron k\u00eds\u00e9rte a gyerekek el\u0151ad\u00e1s\u00e1t.<\/p>\n<p>Katar\u00edna Kraj\u010d\u00edrov\u00e1\t\t\t\t<\/p>\n","protected":false},"excerpt":{"rendered":"<p>Najv\u00e4\u010d\u0161iu rados\u0165 z\u00a0Vianoc maj\u00fa deti. Te\u0161ia sa na pr\u00edchod Je\u017ei\u0161ka. Je mali\u010dk\u00fd ako ony, tak\u017ee mu dobre rozumej\u00fa.<\/p>\n","protected":false},"author":1,"featured_media":2079,"comment_status":"closed","ping_status":"closed","sticky":false,"template":"","format":"standard","meta":{"footnotes":""},"categories":[6],"tags":[24],"class_list":{"0":"entry","1":"post","2":"publish","3":"author-marian-jasenoveceltras-sk","4":"has-excerpt","5":"has-more-link","6":"post-2078","8":"format-standard","9":"has-post-thumbnail","10":"category-aktuality-sk","11":"post_tag-aktuality"},"_links":{"self":[{"href":"https:\/\/www.farakostolna.sk\/index.php?rest_route=\/wp\/v2\/posts\/2078","targetHints":{"allow":["GET"]}}],"collection":[{"href":"https:\/\/www.farakostolna.sk\/index.php?rest_route=\/wp\/v2\/posts"}],"about":[{"href":"https:\/\/www.farakostolna.sk\/index.php?rest_route=\/wp\/v2\/types\/post"}],"author":[{"embeddable":true,"href":"https:\/\/www.farakostolna.sk\/index.php?rest_route=\/wp\/v2\/users\/1"}],"replies":[{"embeddable":true,"href":"https:\/\/www.farakostolna.sk\/index.php?rest_route=%2Fwp%2Fv2%2Fcomments&post=2078"}],"version-history":[{"count":0,"href":"https:\/\/www.farakostolna.sk\/index.php?rest_route=\/wp\/v2\/posts\/2078\/revisions"}],"wp:featuredmedia":[{"embeddable":true,"href":"https:\/\/www.farakostolna.sk\/index.php?rest_route=\/"}],"wp:attachment":[{"href":"https:\/\/www.farakostolna.sk\/index.php?rest_route=%2Fwp%2Fv2%2Fmedia&parent=2078"}],"wp:term":[{"taxonomy":"category","embeddable":true,"href":"https:\/\/www.farakostolna.sk\/index.php?rest_route=%2Fwp%2Fv2%2Fcategories&post=2078"},{"taxonomy":"post_tag","embeddable":true,"href":"https:\/\/www.farakostolna.sk\/index.php?rest_route=%2Fwp%2Fv2%2Ftags&post=2078"}],"curies":[{"name":"wp","href":"https:\/\/api.w.org\/{rel}","templated":true}]}}