{"id":2062,"date":"2014-12-22T12:47:26","date_gmt":"2014-12-22T12:47:26","guid":{"rendered":"http:\/\/kostolna.fara.sk\/?p=2062"},"modified":"2014-12-22T12:47:26","modified_gmt":"2014-12-22T12:47:26","slug":"stavanie-vianocneho-stromu-karacsonyfa-allitas","status":"publish","type":"post","link":"https:\/\/www.farakostolna.sk\/?p=2062","title":{"rendered":"Stavanie viano\u010dn\u00e9ho stromu"},"content":{"rendered":"<p>\t\t\t\t<a href=\"http:\/\/kostolna.fara.sk\/wp-content\/uploads\/2014\/12\/P1020111.jpg\"><img loading=\"lazy\" decoding=\"async\" class=\"size-thumbnail wp-image-2066 alignleft\" alt=\"P1020111\" src=\"http:\/\/kostolna.fara.sk\/wp-content\/uploads\/2014\/12\/P1020111-150x150.jpg\" width=\"150\" height=\"150\" \/><\/a>Stalo sa u\u017e trad\u00edciou, \u017ee kr\u00e1tko pred Vianocami sa nieko\u013eko chlapov spolo\u010dne odhodl\u00e1 postavi\u0165 ve\u013ek\u00fd viano\u010dn\u00fd strom vo farskom kostole, ktor\u00fd aj tento rok darovala Bohu zn\u00e1ma rodina. <!--more-->Je to v\u017edy rados\u0165, ke\u010f sa po kr\u00e1tkej n\u00e1mahe roz\u017eiari ve\u013ek\u00fd strom, ktor\u00fd v\u00f4\u0148ou svojho ihli\u010dia prispieva k pravej viano\u010dnej atmosf\u00e9re.<\/p>\n<p>&nbsp;<\/p>\n<p><a href=\"https:\/\/plus.google.com\/u\/0\/photos\/113195793245664134546\/albums\/6095763668478751025\" target=\"_blank\" rel=\"noopener noreferrer\">Fotky<\/a>\t\t\t\t<\/p>\n","protected":false},"excerpt":{"rendered":"<p>Stalo sa u\u017e trad\u00edciou, \u017ee kr\u00e1tko pred Vianocami sa nieko\u013eko chlapov spolo\u010dne odhodl\u00e1 postavi\u0165 ve\u013ek\u00fd viano\u010dn\u00fd strom vo farskom kostole, ktor\u00fd aj tento rok darovala Bohu zn\u00e1ma rodina.<\/p>\n","protected":false},"author":1,"featured_media":2066,"comment_status":"closed","ping_status":"closed","sticky":false,"template":"","format":"standard","meta":{"footnotes":""},"categories":[6],"tags":[24],"class_list":{"0":"entry","1":"post","2":"publish","3":"author-marian-jasenoveceltras-sk","4":"has-excerpt","5":"has-more-link","6":"post-2062","8":"format-standard","9":"has-post-thumbnail","10":"category-aktuality-sk","11":"post_tag-aktuality"},"_links":{"self":[{"href":"https:\/\/www.farakostolna.sk\/index.php?rest_route=\/wp\/v2\/posts\/2062","targetHints":{"allow":["GET"]}}],"collection":[{"href":"https:\/\/www.farakostolna.sk\/index.php?rest_route=\/wp\/v2\/posts"}],"about":[{"href":"https:\/\/www.farakostolna.sk\/index.php?rest_route=\/wp\/v2\/types\/post"}],"author":[{"embeddable":true,"href":"https:\/\/www.farakostolna.sk\/index.php?rest_route=\/wp\/v2\/users\/1"}],"replies":[{"embeddable":true,"href":"https:\/\/www.farakostolna.sk\/index.php?rest_route=%2Fwp%2Fv2%2Fcomments&post=2062"}],"version-history":[{"count":0,"href":"https:\/\/www.farakostolna.sk\/index.php?rest_route=\/wp\/v2\/posts\/2062\/revisions"}],"wp:featuredmedia":[{"embeddable":true,"href":"https:\/\/www.farakostolna.sk\/index.php?rest_route=\/"}],"wp:attachment":[{"href":"https:\/\/www.farakostolna.sk\/index.php?rest_route=%2Fwp%2Fv2%2Fmedia&parent=2062"}],"wp:term":[{"taxonomy":"category","embeddable":true,"href":"https:\/\/www.farakostolna.sk\/index.php?rest_route=%2Fwp%2Fv2%2Fcategories&post=2062"},{"taxonomy":"post_tag","embeddable":true,"href":"https:\/\/www.farakostolna.sk\/index.php?rest_route=%2Fwp%2Fv2%2Ftags&post=2062"}],"curies":[{"name":"wp","href":"https:\/\/api.w.org\/{rel}","templated":true}]}}