{"id":2029,"date":"2014-11-29T17:00:56","date_gmt":"2014-11-29T17:00:56","guid":{"rendered":"http:\/\/kostolna.fara.sk\/?p=2029"},"modified":"2014-11-29T17:00:56","modified_gmt":"2014-11-29T17:00:56","slug":"adventne-pripravy-adventi-elokeszuletek","status":"publish","type":"post","link":"https:\/\/www.farakostolna.sk\/?p=2029","title":{"rendered":"Adventn\u00e9 pr\u00edpravy \/ Adventi el\u0151k\u00e9sz\u00fcletek"},"content":{"rendered":"<p>\t\t\t\t<a href=\"http:\/\/kostolna.fara.sk\/wp-content\/uploads\/2014\/12\/DSC03052.jpg\"><img loading=\"lazy\" decoding=\"async\" class=\"size-thumbnail wp-image-2030 alignleft\" alt=\"DSC03052\" src=\"http:\/\/kostolna.fara.sk\/wp-content\/uploads\/2014\/12\/DSC03052-150x150.jpg\" width=\"150\" height=\"150\" \/><\/a>Skauti zo zboru sv. Imricha sa zi\u0161li aj tento rok v\u00a0sobotu pred prvou adventnou nede\u013eou, aby si vyrobili adventn\u00e9 vence. <!--more-->V\u00a0Kostolnej sa stretli nielen skauti, ale aj ich rodi\u010dia a\u00a0in\u00ed z\u00e1ujemci v\u00a0pastora\u010dnom centre, v\u00a0Hrubom \u0160\u00fare sa konalo stretnutie v\u00a0telocvi\u010dni \u0161koly. V\u00a0prv\u00fa adventn\u00fa nede\u013eu v\u00a0r\u00e1mci sv\u00e4tej om\u0161e p\u00e1n far\u00e1r po\u017eehnal tieto vence.<\/p>\n<p><a href=\"https:\/\/plus.google.com\/u\/0\/photos\/113195793245664134546\/albums\/6093374554969791313\" target=\"_blank\" rel=\"noopener noreferrer\">Fotky \/ F\u00e9nyk\u00e9pek<\/a><\/p>\n<p>A hagyom\u00e1nyokhoz h\u00edven, ebben az \u00e9vben is egy\u00fctt k\u00e9sz\u00edtett\u00e9k a hegys\u00fari Sz\u00fcrkefarkask\u00f6ly\u00f6k raj cserk\u00e9szei az adventi koszor\u00fakat az advent els\u0151 vas\u00e1rnapja el\u0151tti szombaton. Term\u00e9szetesen nem csak a cserk\u00e9szek voltak hivatalosak erre az akci\u00f3ra.\u00a0Szebbn\u00e9l szebb koszor\u00fak k\u00e9sz\u00fcltek az id\u00e9n is, melyeket Pali atya meg\u00e1ldott a szentmise keret\u00e9n bel\u00fcl. Ennek az \u00e9vnek a jellegzetess\u00e9ge a koszor\u00fak\u00e9sz\u00edt\u00e9s k\u00f6zben spont\u00e1n ny\u00edlt gyereksarok \u2013 de err\u0151l t\u00f6bbet mondanak a k\u00e9pek.<i> GM<\/i><\/p>\n<p>Egyh\u00e1zf\u00e1n a pasztor\u00e1ci\u00f3s k\u00f6zpontban k\u00e9sz\u00fcltek az adventi koszor\u00fak szint\u00e9n az advent els\u0151 vas\u00e1rnapja el\u0151tti szombaton. Nemcsak a cserk\u00e9szek j\u00f6ttek el, hanem azok sz\u00fclei \u00e9s m\u00e1s \u00e9rdekl\u0151d\u0151k is.\t\t\t\t<\/p>\n","protected":false},"excerpt":{"rendered":"<p>Skauti zo zboru sv. Imricha sa zi\u0161li aj tento rok v\u00a0sobotu pred prvou adventnou nede\u013eou, aby si vyrobili adventn\u00e9 vence.<\/p>\n","protected":false},"author":1,"featured_media":2030,"comment_status":"closed","ping_status":"closed","sticky":false,"template":"","format":"standard","meta":{"footnotes":""},"categories":[6],"tags":[24],"class_list":{"0":"entry","1":"post","2":"publish","3":"author-marian-jasenoveceltras-sk","4":"has-excerpt","5":"has-more-link","6":"post-2029","8":"format-standard","9":"has-post-thumbnail","10":"category-aktuality-sk","11":"post_tag-aktuality"},"_links":{"self":[{"href":"https:\/\/www.farakostolna.sk\/index.php?rest_route=\/wp\/v2\/posts\/2029","targetHints":{"allow":["GET"]}}],"collection":[{"href":"https:\/\/www.farakostolna.sk\/index.php?rest_route=\/wp\/v2\/posts"}],"about":[{"href":"https:\/\/www.farakostolna.sk\/index.php?rest_route=\/wp\/v2\/types\/post"}],"author":[{"embeddable":true,"href":"https:\/\/www.farakostolna.sk\/index.php?rest_route=\/wp\/v2\/users\/1"}],"replies":[{"embeddable":true,"href":"https:\/\/www.farakostolna.sk\/index.php?rest_route=%2Fwp%2Fv2%2Fcomments&post=2029"}],"version-history":[{"count":0,"href":"https:\/\/www.farakostolna.sk\/index.php?rest_route=\/wp\/v2\/posts\/2029\/revisions"}],"wp:featuredmedia":[{"embeddable":true,"href":"https:\/\/www.farakostolna.sk\/index.php?rest_route=\/"}],"wp:attachment":[{"href":"https:\/\/www.farakostolna.sk\/index.php?rest_route=%2Fwp%2Fv2%2Fmedia&parent=2029"}],"wp:term":[{"taxonomy":"category","embeddable":true,"href":"https:\/\/www.farakostolna.sk\/index.php?rest_route=%2Fwp%2Fv2%2Fcategories&post=2029"},{"taxonomy":"post_tag","embeddable":true,"href":"https:\/\/www.farakostolna.sk\/index.php?rest_route=%2Fwp%2Fv2%2Ftags&post=2029"}],"curies":[{"name":"wp","href":"https:\/\/api.w.org\/{rel}","templated":true}]}}