{"id":2019,"date":"2014-12-06T18:43:24","date_gmt":"2014-12-06T18:43:24","guid":{"rendered":"http:\/\/kostolna.fara.sk\/?p=2019"},"modified":"2014-12-06T18:43:24","modified_gmt":"2014-12-06T18:43:24","slug":"svaty-mikulas-v-nasej-farnosti-szent-miklos","status":"publish","type":"post","link":"https:\/\/www.farakostolna.sk\/?p=2019","title":{"rendered":"Sv\u00e4t\u00fd Mikul\u00e1\u0161 v na\u0161ej farnosti \/ Szent Mikl\u00f3s"},"content":{"rendered":"<p>\t\t\t\tNa adventnom venci sa rozhorela druh\u00e1 svieca a\u00a0veriaci v\u00a0na\u0161ej farnosti\u00a0 op\u00e4\u0165, ako ka\u017ed\u00fa prv\u00fa sobotu v\u00a0mesiaci, sl\u00e1vili rodinn\u00fa sv\u00e4t\u00fa om\u0161u. <!--more-->T\u00e1 je v\u017edy ve\u013ek\u00fdm z\u00e1\u017eitkom a\u00a0duchovn\u00fdm posilnen\u00edm, mo\u017eno pr\u00e1ve preto, \u017ee na\u0161e deti, i\u00a0tie najmen\u0161ie, sa z\u00fa\u010dast\u0148uj\u00fa na \u010d\u00edtaniach, prednese prosieb \u010di nesen\u00ed obetn\u00fdch darov. Av\u0161ak v\u00a0t\u00fato sobotu v\u0161etk\u00fdm deti\u010dk\u00e1m svietili o\u010dk\u00e1 nedo\u010dkavos\u0165ou. Na chv\u00ed\u013eo\u010dku vymenili ot\u00e1zku \u201eMami, kedy u\u017e pr\u00edde ten Je\u017ei\u0161ko?\u201c za \u201eMami, kedy u\u017e pr\u00edde ten Mikul\u00e1\u0161?\u201c. A\u00a0veru sa i\u00a0do\u010dkali. Sv\u00e4t\u00fd Mikul\u00e1\u0161 s\u00a0perfektn\u00fdm na\u010dasovan\u00edm hne\u010f po po\u017eehnan\u00ed vkro\u010dil za zvuku zvon\u010dekov a\u00a0hne\u010f bol obk\u013e\u00fa\u010den\u00fd zo v\u0161etk\u00fdch str\u00e1n. Zop\u00e1r odv\u00e1\u017elivcov mu i\u00a0zaspievalo a\u00a0zarecitovalo. Zd\u00e1 sa, \u017ee ka\u017ed\u00e9 neposl\u00fachanie bolo odpusten\u00e9, lebo bal\u00ed\u010dek si odniesli i\u00a0t\u00ed najv\u00e4\u010d\u0161\u00ed nezbedn\u00edci. N\u00e1s dospel\u00fdch \u010dakalo strategicky hne\u010f pri v\u00fdchode z\u00a0kostola varen\u00e9 v\u00ednko a\u00a0\u010daj na zahriatie :o)<\/p>\n<p>Ve\u013ek\u00e9 P\u00e1n Boh zapla\u0165 v\u0161etk\u00fdm organiz\u00e1torom, n\u00e1\u0161mu p\u00e1nu far\u00e1rovi a\u00a0hlavne sv\u00e4t\u00e9mu Mikul\u00e1\u0161ovi, \u017ee si na\u0161iel \u010das, pri\u0161iel medzi n\u00e1s a\u00a0priniesol tak bohat\u00fa n\u00e1dielku.<i> ZH<\/i><\/p>\n<p>&nbsp;<\/p>\n<p><a href=\"https:\/\/plus.google.com\/u\/0\/photos\/113195793245664134546\/albums\/6091926289101317233\" target=\"_blank\" rel=\"noopener noreferrer\">Fotky \/ F\u00e9nyk\u00e9pek<\/a><\/p>\n<p>&nbsp;<\/p>\n<p>Az adventi koszor\u00fan m\u00e1r a m\u00e1sodik gyerty\u00e1t gy\u00fajtottuk meg, s pl\u00e9b\u00e1niak\u00f6zs\u00e9g\u00fcnkben, mint minden h\u00f3nap els\u0151 szombatj\u00e1n, csal\u00e1di szentmis\u00e9n vehett\u00fcnk r\u00e9szt. Ez a szentmise mindig nagy \u00e9lm\u00e9nyt jelent \u00e9s lelki meger\u0151s\u00f6d\u00e9s\u00fcnkre szolg\u00e1l, hiszen gyermekeink, m\u00e9g azok a legkisebbek is, bekapcsol\u00f3dnak az olvasm\u00e1nyok \u00e9s k\u00f6ny\u00f6rg\u00e9sek felolvas\u00e1s\u00e1ba vagy seg\u00edtenek az olt\u00e1rhoz vinni az \u00e1ldozati adom\u00e1nyokat. Ezen a szombaton azonban csupa t\u00fcrelmetlen gyermeki tekintettel tal\u00e1lkozhattunk. Az \u201eAnyu, mikor j\u00f6n m\u00e1r a J\u00e9zuska?\u201d k\u00e9rd\u00e9st egy pillanatra felv\u00e1ltotta az \u201eAnyu, mikor j\u00f6n m\u00e1r a Mikul\u00e1s?\u201d. \u00c9s bizony kiv\u00e1rt\u00e1k. Szent Mikl\u00f3s t\u00f6k\u00e9letes id\u0151z\u00edt\u00e9ssel az \u00e1ld\u00e1s ut\u00e1ni harangsz\u00f3ra toppant be, s r\u00f6gt\u00f6n k\u00f6r\u00fcl is fogt\u00e1k a gyerekek. Akadtak mer\u00e9szebbek is, akik \u00e9nekeltek \u00e9s szavaltak is neki. \u00dagy t\u0171nik, hogy minden sz\u00f3fogadatlans\u00e1g meg lett bocs\u00e1tva, mert m\u00e9g a leghuncutabbak is csomaggal t\u00e1voztak. Minket, feln\u0151tteket pedig r\u00f6gt\u00f6n az ajt\u00f3ban forralt bor \u00e9s meleg tea v\u00e1rt.<\/p>\n<p>&nbsp;<\/p>\n<p>Isten fizesse meg minden szervez\u0151nek, a pl\u00e9b\u00e1nos \u00farnak, legf\u0151k\u00e9ppen pedig Szent Mikl\u00f3snak, hogy id\u0151t tal\u00e1lt \u00e9s elj\u00f6tt k\u00f6z\u00e9nk, hogy ilyen gazdag csomaggal lepjen meg.\t\t\t\t<\/p>\n","protected":false},"excerpt":{"rendered":"<p>Na adventnom venci sa rozhorela druh\u00e1 svieca a\u00a0veriaci v\u00a0na\u0161ej farnosti\u00a0 op\u00e4\u0165, ako ka\u017ed\u00fa prv\u00fa sobotu v\u00a0mesiaci, sl\u00e1vili rodinn\u00fa sv\u00e4t\u00fa om\u0161u.<\/p>\n","protected":false},"author":1,"featured_media":2022,"comment_status":"closed","ping_status":"closed","sticky":false,"template":"","format":"standard","meta":{"footnotes":""},"categories":[6],"tags":[24],"class_list":{"0":"entry","1":"post","2":"publish","3":"author-marian-jasenoveceltras-sk","4":"has-excerpt","5":"has-more-link","6":"post-2019","8":"format-standard","9":"has-post-thumbnail","10":"category-aktuality-sk","11":"post_tag-aktuality"},"_links":{"self":[{"href":"https:\/\/www.farakostolna.sk\/index.php?rest_route=\/wp\/v2\/posts\/2019","targetHints":{"allow":["GET"]}}],"collection":[{"href":"https:\/\/www.farakostolna.sk\/index.php?rest_route=\/wp\/v2\/posts"}],"about":[{"href":"https:\/\/www.farakostolna.sk\/index.php?rest_route=\/wp\/v2\/types\/post"}],"author":[{"embeddable":true,"href":"https:\/\/www.farakostolna.sk\/index.php?rest_route=\/wp\/v2\/users\/1"}],"replies":[{"embeddable":true,"href":"https:\/\/www.farakostolna.sk\/index.php?rest_route=%2Fwp%2Fv2%2Fcomments&post=2019"}],"version-history":[{"count":0,"href":"https:\/\/www.farakostolna.sk\/index.php?rest_route=\/wp\/v2\/posts\/2019\/revisions"}],"wp:featuredmedia":[{"embeddable":true,"href":"https:\/\/www.farakostolna.sk\/index.php?rest_route=\/"}],"wp:attachment":[{"href":"https:\/\/www.farakostolna.sk\/index.php?rest_route=%2Fwp%2Fv2%2Fmedia&parent=2019"}],"wp:term":[{"taxonomy":"category","embeddable":true,"href":"https:\/\/www.farakostolna.sk\/index.php?rest_route=%2Fwp%2Fv2%2Fcategories&post=2019"},{"taxonomy":"post_tag","embeddable":true,"href":"https:\/\/www.farakostolna.sk\/index.php?rest_route=%2Fwp%2Fv2%2Ftags&post=2019"}],"curies":[{"name":"wp","href":"https:\/\/api.w.org\/{rel}","templated":true}]}}