{"id":2014,"date":"2014-11-16T20:19:56","date_gmt":"2014-11-16T20:19:56","guid":{"rendered":"http:\/\/kostolna.fara.sk\/?p=2014"},"modified":"2014-11-16T20:19:56","modified_gmt":"2014-11-16T20:19:56","slug":"skautske-narodeniny-cserkeszcsapatunk-szuletesnapja","status":"publish","type":"post","link":"https:\/\/www.farakostolna.sk\/?p=2014","title":{"rendered":"Skautsk\u00e9 narodeniny \/ Cserk\u00e9szcsapatunk \u201esz\u00fclet\u00e9snapja\u201c"},"content":{"rendered":"<p>\t\t\t\t<a href=\"http:\/\/kostolna.fara.sk\/wp-content\/uploads\/2014\/12\/DSC03266.jpg\"><img loading=\"lazy\" decoding=\"async\" class=\"size-thumbnail wp-image-2015 alignleft\" alt=\"DSC03266\" src=\"http:\/\/kostolna.fara.sk\/wp-content\/uploads\/2014\/12\/DSC03266-150x150.jpg\" width=\"150\" height=\"150\" \/><\/a>\u010eal\u0161\u00ed rok za nami<\/p>\n<p>Aj tento rok n\u00e1\u0161 11. skautsk\u00fd oddiel sv. Imricha oslavoval svoje narodeniny. 23. v\u00fdro\u010die oddielu, ktor\u00fd zalo\u017eil Mons. Ladislav Paxy v\u00a0na\u0161ej farnosti.<!--more--><\/p>\n<p>Po pr\u00edprav\u00e1ch a\u00a0dohadoch sme sa rozhodli osl\u00e1vi\u0165 t\u00fato udalos\u0165 16. novembra 2014 v kult\u00farnom dome v\u00a0Kostolnej pri Dunaji. Zi\u0161li sa tu skauti, rodi\u010dia a priatelia z\u00a0Kostolnej pri Dunaji a\u00a0z\u00a0Hrub\u00e9ho \u0160\u00fara.<\/p>\n<p>Na\u0161e stretnutie za\u010dalo sl\u00e1vnostn\u00fdm odovzd\u00e1van\u00edm \u0161atiek na\u0161im mal\u00fdm skautom. Po ofici\u00e1lnej \u010dasti pri\u0161la t\u00e1 z\u00e1bavnej\u0161ia \u010das\u0165 ve\u010dera. Kult\u00farny program zah\u00e1jili D\u00f3ri Sz\u0171cs a\u00a0D\u00e1vid Kiss (HU), ktor\u00ed n\u00e1m predviedli svoje hudobn\u00e9 nadanie, a\u00a0to spevom a\u00a0hrou na gitare a\u00a0husliach. Nielen, \u017ee sme si s\u00a0nimi zaspievali, ale aj zatancovali. Po tejto kult\u00farnej vlo\u017eke pri\u0161li na rad s\u00fa\u0165a\u017ee. Boli sme rozdelen\u00ed do skup\u00edn a\u00a0museli sme splni\u0165 r\u00f4zne \u00falohy, ktor\u00e9 n\u00e1m Tibor s\u00a0M\u00e1rkom pripravili. V\u00a0ka\u017edej \u00falohe nesmela ch\u00fdba\u0165 voda, a\u00a0tak niet divu, \u017ee niektor\u00ed z\u00a0n\u00e1s skon\u010dili mokr\u00ed. Nielen s\u00fa\u0165a\u017ee, ale aj \u013eudov\u00e9 hry obohatili n\u00e1\u0161 program.\u00a0 Na z\u00e1ver sme rozdelili deti do troch skup\u00edn, ktor\u00e9 sa po ur\u010dit\u00fdch intervaloch striedali na stanovisk\u00e1ch ako napr\u00edklad: pochodovanie, hry a\u00a0v\u00fdroba tu\u010dniakov.<\/p>\n<p>Po\u010das cel\u00e9ho ve\u010dera sme mali pripraven\u00e9 ob\u010derstvenie, ktor\u00e9 sme si doniesli.<\/p>\n<p>Touto cestou by som sa chcela po\u010fakova\u0165 p. Gitke Oro\u0161ovej, p. M\u00e1rii Bar\u00e1thovej a\u00a0p. Marte Szak\u00e1llovej za pomoc a\u00a0taktie\u017e v\u0161etk\u00fdm ved\u00facim, ktor\u00ed sa podujali na tejto udalosti.<\/p>\n<p align=\"right\">Silvia Leczkiov\u00e1<\/p>\n<p>&nbsp;<\/p>\n<p><a href=\"https:\/\/plus.google.com\/u\/0\/photos\/113195793245664134546\/albums\/6090191514303592481\" target=\"_blank\" rel=\"noopener noreferrer\">Fotky \/ F\u00e9nyk\u00e9pek<\/a><\/p>\n<p>&nbsp;<\/p>\n<p>A\u00a011. sz. Szent Imre Cserk\u00e9szcsapat ism\u00e9t meg\u00fcnnepelte megalakul\u00e1s\u00e1nak \u00e9vfordul\u00f3j\u00e1t. Az id\u00e9n 23 \u00e9ve annak, hogy Mons. Paxy L\u00e1szl\u00f3 atya megalap\u00edtotta.<\/p>\n<p>A rendezv\u00e9nyre 2014. november 16-\u00e1n ker\u00fclt sor az egyh\u00e1zfai kult\u00farh\u00e1zban az egyh\u00e1zfai \u00e9s hegys\u00fari cserk\u00e9szek, sz\u00fcl\u0151k \u00e9s bar\u00e1tok jelenl\u00e9t\u00e9ben.<\/p>\n<p>A tal\u00e1lkoz\u00f3 elej\u00e9n kiscserk\u00e9szeink \u00fcnnep\u00e9lyes keretek k\u00f6zt \u00e1tvehett\u00e9k nyakkend\u0151iket. A hivatalos r\u00e9szt sz\u00f3rakoztat\u00f3 m\u0171sor k\u00f6vette. A kult\u00farm\u0171sort a magyarorsz\u00e1gi Sz\u0171cs D\u00f3ri \u00e9s Kiss D\u00e1vid nyitott\u00e1k meg \u00e9nekkel, valamint git\u00e1r- \u00e9s heged\u0171j\u00e1t\u00e9kkal. Nemcsak egy\u00fctt \u00e9nekelt\u00fcnk vel\u00fck, hanem t\u00e1ncra is perd\u00fclt\u00fcnk. Majd k\u00fcl\u00f6nf\u00e9le j\u00e1t\u00e9kos vet\u00e9lked\u0151k k\u00f6vetkeztek. Csoportokban kellett a Tibi \u00e9s M\u00e1rk \u00e1ltal elk\u00e9sz\u00edtett feladatokat megoldanunk. Egyik feladatb\u00f3l sem hi\u00e1nyozhatott a v\u00edz, \u00edgy nem csoda, hogy n\u00e9melyek csuromvizesek lettek. A programot n\u00e9pi j\u00e1t\u00e9kok is tark\u00edtott\u00e1k. V\u00e9g\u00fcl h\u00e1rom csoportra osztottuk a gyerekeket, hogy k\u00fcl\u00f6nf\u00e9le \u00e1llom\u00e1sokon v\u00e1ltakozzanak (menetel\u00e9s, j\u00e1t\u00e9kok \u00e9s pingvink\u00e9sz\u00edt\u00e9s).<\/p>\n<p>Az est folyam\u00e1n rendelkez\u00e9s\u00fcnkre \u00e1ll\u00f3 friss\u00edt\u0151t otthonr\u00f3l hoztuk.<\/p>\n<p>Ez\u00faton szeretn\u00e9k k\u00f6sz\u00f6netet mondani Oro\u0161 Gita, Bar\u00e1th M\u00e1ria \u00e9s Szak\u00e1ll M\u00e1rta n\u00e9niknek a seg\u00edts\u00e9g\u00e9rt \u00e9s minden vezet\u0151nek, akik r\u00e9szt vettek ennek a rendezv\u00e9nynek az megszervez\u00e9s\u00e9ben.\t\t\t\t<\/p>\n","protected":false},"excerpt":{"rendered":"<p>\u010eal\u0161\u00ed rok za nami Aj tento rok n\u00e1\u0161 11. skautsk\u00fd oddiel sv. Imricha oslavoval svoje narodeniny. 23. v\u00fdro\u010die oddielu, ktor\u00fd zalo\u017eil Mons. Ladislav Paxy v\u00a0na\u0161ej farnosti.<\/p>\n","protected":false},"author":1,"featured_media":2015,"comment_status":"closed","ping_status":"closed","sticky":false,"template":"","format":"standard","meta":{"footnotes":""},"categories":[6],"tags":[24],"class_list":{"0":"entry","1":"post","2":"publish","3":"author-marian-jasenoveceltras-sk","4":"has-excerpt","5":"has-more-link","6":"post-2014","8":"format-standard","9":"has-post-thumbnail","10":"category-aktuality-sk","11":"post_tag-aktuality"},"_links":{"self":[{"href":"https:\/\/www.farakostolna.sk\/index.php?rest_route=\/wp\/v2\/posts\/2014","targetHints":{"allow":["GET"]}}],"collection":[{"href":"https:\/\/www.farakostolna.sk\/index.php?rest_route=\/wp\/v2\/posts"}],"about":[{"href":"https:\/\/www.farakostolna.sk\/index.php?rest_route=\/wp\/v2\/types\/post"}],"author":[{"embeddable":true,"href":"https:\/\/www.farakostolna.sk\/index.php?rest_route=\/wp\/v2\/users\/1"}],"replies":[{"embeddable":true,"href":"https:\/\/www.farakostolna.sk\/index.php?rest_route=%2Fwp%2Fv2%2Fcomments&post=2014"}],"version-history":[{"count":0,"href":"https:\/\/www.farakostolna.sk\/index.php?rest_route=\/wp\/v2\/posts\/2014\/revisions"}],"wp:featuredmedia":[{"embeddable":true,"href":"https:\/\/www.farakostolna.sk\/index.php?rest_route=\/"}],"wp:attachment":[{"href":"https:\/\/www.farakostolna.sk\/index.php?rest_route=%2Fwp%2Fv2%2Fmedia&parent=2014"}],"wp:term":[{"taxonomy":"category","embeddable":true,"href":"https:\/\/www.farakostolna.sk\/index.php?rest_route=%2Fwp%2Fv2%2Fcategories&post=2014"},{"taxonomy":"post_tag","embeddable":true,"href":"https:\/\/www.farakostolna.sk\/index.php?rest_route=%2Fwp%2Fv2%2Ftags&post=2014"}],"curies":[{"name":"wp","href":"https:\/\/api.w.org\/{rel}","templated":true}]}}