{"id":2004,"date":"2014-11-03T18:00:17","date_gmt":"2014-11-03T18:00:17","guid":{"rendered":"http:\/\/kostolna.fara.sk\/?p=2004"},"modified":"2014-11-03T18:00:17","modified_gmt":"2014-11-03T18:00:17","slug":"radost-zo-sebadarovania-az-onatadas-orome","status":"publish","type":"post","link":"https:\/\/www.farakostolna.sk\/?p=2004","title":{"rendered":"Rados\u0165 zo sebadarovania \/ Az \u00f6n\u00e1tad\u00e1s \u00f6r\u00f6me"},"content":{"rendered":"<p>\t\t\t\t<a href=\"http:\/\/kostolna.fara.sk\/wp-content\/uploads\/2014\/11\/Veronica2.jpg\"><img loading=\"lazy\" decoding=\"async\" class=\"size-thumbnail wp-image-2005 alignleft\" alt=\"Veronica2\" src=\"http:\/\/kostolna.fara.sk\/wp-content\/uploads\/2014\/11\/Veronica2-150x150.jpg\" width=\"150\" height=\"150\" \/><\/a> 3. okt\u00f3bra 2014 sme sa vo Veszpr\u00e9me (Ma\u010farsko) z\u00fa\u010dastnili na predn\u00e1\u0161ke zakladate\u013eky spolo\u010denstva Modlitby matiek Veronicou Williams z\u00a0Anglicka. <!--more-->Veronica je mil\u00e1 a bezprostredn\u00e1 star\u00e1 mama, ktor\u00e1 c\u00edtila, \u017ee Boh ju vol\u00e1, aby sa modlila za svoje deti. Za\u010dali sa modli\u0165 spolu so \u0161vagrinou a\u00a0s\u00a0Bo\u017e\u00edm veden\u00edm vznikli modlitby, ktor\u00e9 sa modlia matky v\u00a0mal\u00fdch skupink\u00e1ch. Spolo\u010denstvo sa roz\u0161\u00edrilo do viac ako 100 kraj\u00edn sveta.<\/p>\n<p>Okrem za\u010diatkoch MM Veronica vo svojej predn\u00e1\u0161ke hovorila o\u00a0v\u00fdzname sebadarovania, o\u00a0tom, ako sa m\u00e1me modli\u0165 v\u00a0skupink\u00e1ch, ako sa m\u00e1me modli\u0165 za svoje deti a\u00a0uviedla aj pr\u00edklady vypo\u010dut\u00fdch modlitieb. Zd\u00f4raz\u0148ovala v\u0161ak, \u017ee Boh v\u017edy odpovie na ka\u017ed\u00fa modlitbu, no \u010das a\u00a0sp\u00f4sob si vyber\u00e1 on s\u00e1m.<\/p>\n<p>Stretnutie sme ukon\u010dili modlitbami MM a\u00a0v\u0161etky sme mali mo\u017enos\u0165 odovzda\u0165 svoje \u00famysly do ko\u0161\u00edka, ktor\u00fd potom Veronica zobrala so sebou, aby sa potom v\u00a0skupinke modlili aj za n\u00e1s. Silne na n\u00e1s sp\u00f4sobilo vidie\u0165, \u017ee po\u010das predn\u00e1\u0161ky, k\u00fdm Veronica hovorila, jej spolupracovn\u00ed\u010dka sa neprestajne modlila. Mali sme mo\u017enos\u0165 zaobstara\u0165 si Veronicinu knihu v\u00a0ma\u010farskom preklade, ktor\u00fa n\u00e1m aj dedikovala. Na stretnut\u00ed bola pr\u00edtomn\u00e1 (okrem \u010fal\u0161\u00edch m\u00e1m zo Slovenska) aj Jana Pajanov\u00e1, koordin\u00e1torka MM na Slovensku, ktor\u00e1 n\u00e1s tie\u017e povzbudila mal\u00fdm svedectvom.<\/p>\n<p>\u010eakujeme P\u00e1nu Bohu za hlbok\u00fd z\u00e1\u017eitok z\u00a0tohto v\u00fdnimo\u010dn\u00e9ho stretnutia.<\/p>\n<p>&nbsp;<\/p>\n<p><a href=\"https:\/\/plus.google.com\/u\/0\/photos\/113195793245664134546\/albums\/6084654005390175297\" target=\"_blank\" rel=\"noopener noreferrer\">Fotky \/ F\u00e9nyk\u00e9pek<\/a><\/p>\n<p>Okt\u00f3ber elej\u00e9n Magyarorsz\u00e1gra l\u00e1togatott Veronica Williams, az \u00c9desany\u00e1k Im\u00e1i elnevez\u00e9s\u0171 imak\u00f6z\u00f6ss\u00e9g alap\u00edt\u00f3ja, s h\u00e1rom helysz\u00ednen ima\u00f3r\u00e1val egybek\u00f6t\u00f6tt el\u0151ad\u00e1sokat tartott. Mivel Szlov\u00e1ki\u00e1ban m\u00e1r \u00e9vek \u00f3ta m\u0171k\u00f6dik ez a k\u00f6z\u00f6ss\u00e9g szlov\u00e1k \u00e9s magyar nyelven egyar\u00e1nt, t\u00f6bb itteni \u00e9desanya \u00e9lt a lehet\u0151s\u00e9ggel, hogy szem\u00e9lyesen tal\u00e1lkozhasson Veronic\u00e1val. Az okt\u00f3ber 3-\u00e1n Veszpr\u00e9mben megrendezett tal\u00e1lkoz\u00f3n magam is r\u00e9szt vehettem.<\/p>\n<p>Veronica egy egyszer\u0171 angol nagymama, aki kedvess\u00e9g\u00e9vel \u00e9s k\u00f6zvetlens\u00e9g\u00e9vel r\u00f6gt\u00f6n belopta mag\u00e1t a sz\u00edv\u00fcnkbe. Besz\u00e9lt, term\u00e9szetesen, az \u00c9desany\u00e1k Im\u00e1i kezdeteir\u0151l. \u00dagy \u00e9rezte, hogy tennie kell valamit a gyermekek\u00e9rt, s mikor kez\u00e9be ker\u00fclt a <i>Mit tesz\u00fcnk a gyermekeinkkel?<\/i> c\u00edm\u0171 kiadv\u00e1ny a fiatalokat manaps\u00e1g fenyeget\u0151 vesz\u00e9lyekr\u0151l, az im\u00e1ds\u00e1g t\u0171nt a legjobb megold\u00e1snak. S\u00f3gorn\u0151j\u00e9vel kezdtek el az Istenre hagyatkozva im\u00e1dkozni, aki szint\u00e9n \u00fagy \u00e9rezte, hogy im\u00e1dkoznia kell a gyermekei\u00e9rt. Ezek voltak a ma a vil\u00e1g kb. 100 orsz\u00e1g\u00e1ban elterjedt imak\u00f6z\u00f6ss\u00e9g kezdetei.<\/p>\n<p>Az \u00c9desany\u00e1k Im\u00e1i lelkis\u00e9ge az \u00f6n\u00e1tad\u00e1son alapul. Veronica szerint ahhoz, hogy Isten Isten lehessen az \u00e9let\u00fcnkben 100 sz\u00e1zal\u00e9kos \u00f6n\u00e1tad\u00e1sra van sz\u00fcks\u00e9g, arra, hogy Isten kez\u00e9be adjuk az \u00e9let\u00fcnket. Ett\u0151l azonban f\u00e9l\u00fcnk, hiszen azt gondoljuk, tudjuk, mi a legjobb nek\u00fcnk \u00e9s gyermekeinknek. Hiszen gyermekeinknek csak a legjobbat akarjuk, de \u0151k nem hallgatnak r\u00e1nk. Besz\u00e9ln\u00fcnk kell nekik arr\u00f3l, mi a j\u00f3, \u00e9s mi nem, s el kell engedn\u00fcnk \u0151ket. Ez a legnehezebb. S mikor elindulnak az \u00fatjukon, im\u00e1dkoznunk kell, hiszen megv\u00e1ltoztatni nem tudjuk \u0151ket. El kell engedni \u0151ket, hagyni, hogy Isten Istenk\u00e9nt m\u0171k\u00f6dhessen gyermekeink \u00e9let\u00e9ben is. Terheinket pedig oda kell vinni Isten el\u00e9, \u00e1tadni neki a probl\u00e9m\u00e1kat, hiszen \u0151 ezt mondja: \u201eK\u00e9rjetek, \u00e9s kaptok.\u201d<\/p>\n<p>Veronica elmagyar\u00e1zta, mi\u00e9rt fontosak a heti ima\u00f3r\u00e1k kell\u00e9kei, s mit szimboliz\u00e1lnak. Az \u00f6sszej\u00f6vetel sor\u00e1n kilenc im\u00e1t mondunk el, ide tartozik a Szent\u00edr\u00e1s olvas\u00e1sa s a dics\u0151\u00edt\u0151 \u00e9nek is. Ezek az im\u00e1k l\u00e9p\u00e9sr\u0151l l\u00e9p\u00e9sre k\u00e9sz\u00edtik fel sz\u00edv\u00fcnket az ima\u00f3ra legfontosabb pillanat\u00e1ra, mikor \u00e1tadjuk gyermekeinket. Neveiket pap\u00edrb\u00f3l kiv\u00e1gott karik\u00e1kra \u00edrjuk \u2013 a k\u00f6r a v\u00e9gtelen anyai szeretetet jelenti. Ezeket a k\u00f6r\u00f6ket a J\u00e9zus tenyer\u00e9t szimboliz\u00e1l\u00f3 kos\u00e1rba helyezz\u00fck. Az \u00e1tad\u00e1s pillanat\u00e1ig k\u00f6z\u00f6sen im\u00e1dkozunk a csoport t\u00f6bbi tagj\u00e1val \u2013 2\u20138 \u00e9desanya alkothat egy csoportot \u2013, mikor azonban let\u00e9rdel\u00fcnk a kereszt el\u00e9, csak ketten vagyunk J\u00e9zussal, s elmondunk egy sz\u00edv\u00fcnkb\u0151l j\u00f6v\u0151 im\u00e1t. Ebben az im\u00e1ban azt hangs\u00falyozzuk, hogy J\u00e9zus jobban szereti gyermekeinket, mint mi valaha is tudn\u00e1nk szeretni, azt\u00e1n elengedj\u00fck \u0151ket. Arra is figyeln\u00fcnk kell, hogy im\u00e1nk ne bev\u00e1s\u00e1rl\u00e1si list\u00e1hoz hasonl\u00edtson, hanem b\u00edzzuk r\u00e1 magunkat, s hagyjuk, hogy az \u0151 szent akarata \u00e9rv\u00e9nyes\u00fclj\u00f6n \u00e9let\u00fcnkben. Hiszen Isten tudja, mi a legjobb nek\u00fcnk \u00e9s gyermekinknek \u2013 a kegyelem\u00e9rt kell im\u00e1dkoznunk, hogy ez megt\u00f6rt\u00e9njen. Mi sokszor csak azt l\u00e1tjuk, mit csin\u00e1lnak rosszul gyermekeink, azt mondjuk nekik, mit ne csin\u00e1ljanak \u2013 mintha a gonosz el akarn\u00e1 venni az anyai szeretetet.<\/p>\n<p>Az \u00c9desany\u00e1k Im\u00e1ihoz sok imameghallgat\u00e1s f\u0171z\u0151dik. Veronica hangs\u00falyozta, hogy minden ima meghallgat\u00e1sra tal\u00e1l a maga idej\u00e9ben. Isten kiv\u00e1lasztja a megfelel\u0151 id\u0151t \u00e9s m\u00f3dot. Ez\u00e9rt fontos, hogy mikor \u00e1tadjuk neki az im\u00e1t, k\u00f6sz\u00f6nj\u00fck is meg, m\u00e9g miel\u0151tt meghallgatn\u00e1. Az \u00f6sszej\u00f6veteleken nemcsak gyermekeink\u00e9rt im\u00e1dkozunk, hanem magunk\u00e9rt, h\u00e1zast\u00e1rsunk\u00e9rt, gyermekeink h\u00e1zast\u00e1rsai\u00e9rt, kereszt- \u00e9s b\u00e9rmagyermekeink\u00e9rt, valamint papjaink\u00e9rt is. Ugyanakkor im\u00e1inkban egyes\u00fcl\u00fcnk a t\u00f6bbi imacsoporttal vil\u00e1gszerte. Szinte elk\u00e9peszt\u0151 belegondolni, hogy m\u00edg mi alszunk, az ausztr\u00e1l \u00e9desany\u00e1k \u00e9rt\u00fcnk im\u00e1dkoznak.<\/p>\n<p>Az \u00c9desany\u00e1k Im\u00e1in bel\u00fcl k\u00e9t szigor\u00fa szab\u00e1lyra h\u00edvta fel a figyelm\u00fcnket Veronica: a titoktart\u00e1sra, s arra, hogy nem adunk egym\u00e1snak tan\u00e1csot. Fontos, hogy teljesen J\u00e9zus fel\u00e9 forduljunk, s hogy 100 sz\u00e1zal\u00e9kig megb\u00edzzunk benne.<\/p>\n<p>Veronica megosztotta vel\u00fcnk azt is, hogy r\u00e9gebben elk\u00e9pzelhetetlennek tartotta, hogy ki\u00e1lljon az olt\u00e1r el\u00e9, s elmondjon egy im\u00e1t, ma pedig a Szentl\u00e9lekre hagyatkozva k\u00e9pes jegyzetek \u00e9s el\u0151k\u00e9sz\u00fcletek n\u00e9lk\u00fcl besz\u00e9lni. S m\u00edg \u0151 besz\u00e9l, egy munkat\u00e1rsa sz\u00fcntelen\u00fcl im\u00e1dkozik, \u00edgy tal\u00e1lkoz\u00f3nk minden pillanat\u00e1t \u00e1thatotta az ima. Az el\u0151ad\u00e1s ima\u00f3r\u00e1val z\u00e1rult, vagyis a gyakorlatban is \u00e1t\u00e9lhett\u00fck, kipr\u00f3b\u00e1lhattuk a hallottakat. V\u00e9g\u00fcl Veronica <i>Az \u00f6n\u00e1tad\u00e1s \u00f6r\u00f6me<\/i> c\u00edm\u0171 k\u00f6nyv\u00e9hez is hozz\u00e1juthattunk, melyet term\u00e9szetesen dedik\u00e1ltatni is lehetett. H\u00e1la a j\u00f3 Istennek ez\u00e9rt a tal\u00e1lkoz\u00f3\u00e9rt, s k\u00fcl\u00f6n k\u00f6sz\u00f6net annak az \u00e9desany\u00e1nak, akinek a seg\u00edts\u00e9g\u00e9vel \u00e9n is r\u00e9szese lehettem!<\/p>\n<p align=\"right\"><i>GZs<\/i><\/p>\n","protected":false},"excerpt":{"rendered":"<p>3. okt\u00f3bra 2014 sme sa vo Veszpr\u00e9me (Ma\u010farsko) z\u00fa\u010dastnili na predn\u00e1\u0161ke zakladate\u013eky spolo\u010denstva Modlitby matiek Veronicou Williams z\u00a0Anglicka.<\/p>\n","protected":false},"author":1,"featured_media":2005,"comment_status":"closed","ping_status":"closed","sticky":false,"template":"","format":"standard","meta":{"footnotes":""},"categories":[6],"tags":[24],"class_list":{"0":"entry","1":"post","2":"publish","3":"author-marian-jasenoveceltras-sk","4":"has-excerpt","5":"has-more-link","6":"post-2004","8":"format-standard","9":"has-post-thumbnail","10":"category-aktuality-sk","11":"post_tag-aktuality"},"_links":{"self":[{"href":"https:\/\/www.farakostolna.sk\/index.php?rest_route=\/wp\/v2\/posts\/2004","targetHints":{"allow":["GET"]}}],"collection":[{"href":"https:\/\/www.farakostolna.sk\/index.php?rest_route=\/wp\/v2\/posts"}],"about":[{"href":"https:\/\/www.farakostolna.sk\/index.php?rest_route=\/wp\/v2\/types\/post"}],"author":[{"embeddable":true,"href":"https:\/\/www.farakostolna.sk\/index.php?rest_route=\/wp\/v2\/users\/1"}],"replies":[{"embeddable":true,"href":"https:\/\/www.farakostolna.sk\/index.php?rest_route=%2Fwp%2Fv2%2Fcomments&post=2004"}],"version-history":[{"count":0,"href":"https:\/\/www.farakostolna.sk\/index.php?rest_route=\/wp\/v2\/posts\/2004\/revisions"}],"wp:featuredmedia":[{"embeddable":true,"href":"https:\/\/www.farakostolna.sk\/index.php?rest_route=\/"}],"wp:attachment":[{"href":"https:\/\/www.farakostolna.sk\/index.php?rest_route=%2Fwp%2Fv2%2Fmedia&parent=2004"}],"wp:term":[{"taxonomy":"category","embeddable":true,"href":"https:\/\/www.farakostolna.sk\/index.php?rest_route=%2Fwp%2Fv2%2Fcategories&post=2004"},{"taxonomy":"post_tag","embeddable":true,"href":"https:\/\/www.farakostolna.sk\/index.php?rest_route=%2Fwp%2Fv2%2Ftags&post=2004"}],"curies":[{"name":"wp","href":"https:\/\/api.w.org\/{rel}","templated":true}]}}