{"id":1991,"date":"2014-09-26T09:30:11","date_gmt":"2014-09-26T09:30:11","guid":{"rendered":"http:\/\/kostolna.fara.sk\/?p=1991"},"modified":"2014-09-26T09:30:11","modified_gmt":"2014-09-26T09:30:11","slug":"modlitbove-trojdnie-edesanyak-imahetvegeje","status":"publish","type":"post","link":"https:\/\/www.farakostolna.sk\/?p=1991","title":{"rendered":"Modlitbov\u00e9 trojdnie \/ \u00c9desany\u00e1k imah\u00e9tv\u00e9g\u00e9je"},"content":{"rendered":"<p>\t\t\t\t<a href=\"http:\/\/kostolna.fara.sk\/wp-content\/uploads\/2014\/11\/140928-039.jpg\"><img loading=\"lazy\" decoding=\"async\" class=\"size-thumbnail wp-image-1992 alignleft\" alt=\"140928 039\" src=\"http:\/\/kostolna.fara.sk\/wp-content\/uploads\/2014\/11\/140928-039-150x150.jpg\" width=\"150\" height=\"150\" \/><\/a>V posledn\u00fd septembrov\u00fd t\u00fd\u017ede\u0148 sme sa op\u00e4\u0165 stretli na modlitbovom trojdn\u00ed spolo\u010denstva Modlitby matiek.<b><i> <!--more--><\/i><\/b>Modlitbov\u00e9 trojdnie je pripomenut\u00edm Ve\u013ekono\u010dn\u00e9ho trojdnia, a v\u00a0na\u0161ej farnosti sa\u00a0ka\u017ed\u00fd de\u0148 sp\u00e1ja s\u00a0in\u00fdm miestom. Hodinov\u00e9 ador\u00e1cie s\u00fa spojen\u00e9 s\u00a0modlitbou a\u00a0spevom. \u00damysly na jednotliv\u00e9 dni sa st\u00e1le opakuj\u00fa, men\u00ed sa \u00faryvok z\u00a0P\u00edsma. Na z\u00e1klade toho vznikaj\u00fa symboly.<\/p>\n<p>V\u00a0piatok sme v\u00a0Hrubom \u0160\u00fare odovzd\u00e1vali kamene symbolizuj\u00face na\u0161e hriechy k\u00a0ve\u013ek\u00e9mu srdcu pred olt\u00e1rom, aby sme prosili o\u00a0nov\u00e9 srdce a\u00a0nov\u00e9ho ducha, ktor\u00e9 nebud\u00fa za\u0165a\u017een\u00e9 kame\u0148mi na\u0161ich hriechov (Ez 18,27-32). V\u00a0sobotu v\u00a0Hrubej Bor\u0161i dominovali ovocie, nielen kv\u00f4li v\u00fdstave pred kaplnkou, a\u00a0spolu so \u017ealmistom sme prosili o\u00a0hojn\u00e9 po\u017eehnanie (\u017d 144,11-15). Modlili sme za t\u00fdch, ktor\u00ed ubl\u00ed\u017eili n\u00e1m a na\u0161im de\u0165om. Pred olt\u00e1r sme prin\u00e1\u0161ali ovocie vystrihnut\u00e9 z\u00a0papiera.<\/p>\n<p>Modlitbov\u00e9 trojdnie sme ukon\u010dili v\u00a0Kostolnej. Chv\u00e1lili sme Boha za v\u0161etky dobrodenia v\u00a0na\u0161ich \u017eivotoch a\u00a0mohli sme sa zamyslie\u0165 nad\u00a0 podobenstvom o\u00a0farizejovi a\u00a0m\u00fdtnikovi (Lk 18,9-14). K\u00a0ve\u013ek\u00e9mu srdcu, symbolu nekone\u010dnej Bo\u017eej l\u00e1sky sme prin\u00e1\u0161ali mince, kde boli nap\u00edsan\u00e9 pozit\u00edvne vlastnosti a\u00a0cnosti. Prosili sme o\u00a0to, aby na\u0161a modlitba sa nepodobala na farizejove vyvy\u0161ovanie sa, ktor\u00e9 sa sp\u00e1ja s\u00a0posudzovan\u00edm in\u00fdch, ale aby sme skrz pokoru m\u00fdtnika mohli r\u00e1s\u0165 bli\u017e\u0161ie k\u00a0P\u00e1novi.<\/p>\n<p>Jednotliv\u00e9 dni modlitbov\u00e9ho trojdnia sme ukon\u010dili s\u00a0agap\u00e9, v\u00a0nede\u013eu sa na farskom dvore mohli zahra\u0165 aj na\u0161e deti.<\/p>\n<p>&nbsp;<\/p>\n<p><a href=\"https:\/\/plus.google.com\/u\/0\/photos\/113195793245664134546\/albums\/6080949024287706593\" target=\"_blank\" rel=\"noopener noreferrer\">Fotky \/ F\u00e9nyk\u00e9pek<\/a><\/p>\n<p>&nbsp;<\/p>\n<p>Szeptember utols\u00f3 h\u00e9tv\u00e9g\u00e9j\u00e9n m\u00e1r negyedik alkalommal tartottuk meg az \u00e9desany\u00e1k imah\u00e9tv\u00e9g\u00e9j\u00e9t pl\u00e9b\u00e1niak\u00f6zs\u00e9g\u00fcnkben. Az imah\u00e9tv\u00e9ge h\u00e1rom napja a h\u00fasv\u00e9ti szent h\u00e1rom napot jelk\u00e9pezi, s a mi eset\u00fcnkben a h\u00e1rmas sz\u00e1m a pl\u00e9b\u00e1niak\u00f6zs\u00e9g\u00fcnket alkot\u00f3 h\u00e1rom falut is jelenti. Az egy\u00f3r\u00e1s szents\u00e9gim\u00e1d\u00e1sokat ima \u00e9s \u00e9nek k\u00eds\u00e9ri. Az egyes napok imasz\u00e1nd\u00e9kai minden alkalommal ism\u00e9tl\u0151dnek, melyekhez mindig m\u00e1s szent\u00edr\u00e1si id\u00e9zet kapcsol\u00f3dik. Ezek alapj\u00e1n sz\u00fcletnek a jelk\u00e9pek.<\/p>\n<p>Ez alkalommal p\u00e9nteken a hegys\u00fari k\u00e1poln\u00e1ban a v\u00e9tkeinket szimboliz\u00e1l\u00f3 k\u00f6veket helyezt\u00fck az olt\u00e1r el\u00e9 k\u00e9sz\u00edtett nagy sz\u00edvhez, hogy \u00faj sz\u00edvet \u00e9s lelket k\u00e9rj\u00fcnk (Ez 18, 27\u201332), melyet majd nem nyomnak b\u0171neink k\u00f6vei. Szombaton Nagybors\u00e1n a gy\u00fcm\u00f6lcs\u00f6k domin\u00e1ltak nem csak a k\u00e1polna el\u0151tt megrendezett ki\u00e1ll\u00edt\u00e1s miatt. A zsolt\u00e1rossal Isten b\u0151s\u00e9ges \u00e1ld\u00e1s\u00e1t k\u00e9rt\u00fck (Zsolt 144, 11\u201315), s bocs\u00e1nat\u00e9rt k\u00f6ny\u00f6r\u00f6gt\u00fcnk azok sz\u00e1m\u00e1ra, akik megb\u00e1ntottak minket \u00e9s gyermekeinket. Az olt\u00e1r el\u00e9 pap\u00edrb\u00f3l kiv\u00e1gott gy\u00fcm\u00f6lcs\u00f6ket helyezt\u00fcnk.<\/p>\n<p>Az imah\u00e9tv\u00e9g\u00e9t vas\u00e1rnap Egyh\u00e1zf\u00e1n a pl\u00e9b\u00e1niatemplomban z\u00e1rtuk le. Dics\u0151\u00edtett\u00fck Istent minden j\u00f3t\u00e9tem\u00e9ny\u00e9\u00e9rt, melyet \u00e9let\u00fcnkben v\u00e9ghezvitt, s a farizeusr\u00f3l \u00e9s a v\u00e1mosr\u00f3l sz\u00f3l\u00f3 p\u00e9ldabesz\u00e9den elm\u00e9lkedt\u00fcnk (Lk 18, 9\u201314). Az olt\u00e1rn\u00e1l elhelyezett nagy piros sz\u00edvhez, a v\u00e9gtelen isteni szeretet szimb\u00f3lum\u00e1hoz pap\u00edrb\u00f3l kiv\u00e1gott \u00e9rm\u00e9ket vitt\u00fcnk, melyek egy-egy pozit\u00edv tulajdons\u00e1got, er\u00e9nyt jelk\u00e9peztek. K\u00e9rt\u00fck, hogy im\u00e1nk ne a farizeus \u00f6nt\u00f6mj\u00e9nez\u00e9s\u00e9re hasonl\u00edtson, amely m\u00e1sok len\u00e9z\u00e9s\u00e9vel j\u00e1r, hanem a v\u00e1mos al\u00e1zat\u00e1t magunkra \u00f6ltve feln\u0151hess\u00fcnk az \u00darhoz.<\/p>\n<p>Az imah\u00e9tv\u00e9ge egyes napjait ism\u00e9t agap\u00e9val z\u00e1rtuk, s vas\u00e1rnap a pl\u00e9b\u00e1niaudvaron a gyerekeink is kij\u00e1tszhatt\u00e1k magukat. <i>GZs<\/i>\t\t\t\t<\/p>\n","protected":false},"excerpt":{"rendered":"<p>V posledn\u00fd septembrov\u00fd t\u00fd\u017ede\u0148 sme sa op\u00e4\u0165 stretli na modlitbovom trojdn\u00ed spolo\u010denstva Modlitby matiek.<\/p>\n","protected":false},"author":1,"featured_media":1992,"comment_status":"closed","ping_status":"closed","sticky":false,"template":"","format":"standard","meta":{"footnotes":""},"categories":[6],"tags":[24],"class_list":{"0":"entry","1":"post","2":"publish","3":"author-marian-jasenoveceltras-sk","4":"has-excerpt","5":"has-more-link","6":"post-1991","8":"format-standard","9":"has-post-thumbnail","10":"category-aktuality-sk","11":"post_tag-aktuality"},"_links":{"self":[{"href":"https:\/\/www.farakostolna.sk\/index.php?rest_route=\/wp\/v2\/posts\/1991","targetHints":{"allow":["GET"]}}],"collection":[{"href":"https:\/\/www.farakostolna.sk\/index.php?rest_route=\/wp\/v2\/posts"}],"about":[{"href":"https:\/\/www.farakostolna.sk\/index.php?rest_route=\/wp\/v2\/types\/post"}],"author":[{"embeddable":true,"href":"https:\/\/www.farakostolna.sk\/index.php?rest_route=\/wp\/v2\/users\/1"}],"replies":[{"embeddable":true,"href":"https:\/\/www.farakostolna.sk\/index.php?rest_route=%2Fwp%2Fv2%2Fcomments&post=1991"}],"version-history":[{"count":0,"href":"https:\/\/www.farakostolna.sk\/index.php?rest_route=\/wp\/v2\/posts\/1991\/revisions"}],"wp:featuredmedia":[{"embeddable":true,"href":"https:\/\/www.farakostolna.sk\/index.php?rest_route=\/"}],"wp:attachment":[{"href":"https:\/\/www.farakostolna.sk\/index.php?rest_route=%2Fwp%2Fv2%2Fmedia&parent=1991"}],"wp:term":[{"taxonomy":"category","embeddable":true,"href":"https:\/\/www.farakostolna.sk\/index.php?rest_route=%2Fwp%2Fv2%2Fcategories&post=1991"},{"taxonomy":"post_tag","embeddable":true,"href":"https:\/\/www.farakostolna.sk\/index.php?rest_route=%2Fwp%2Fv2%2Ftags&post=1991"}],"curies":[{"name":"wp","href":"https:\/\/api.w.org\/{rel}","templated":true}]}}