{"id":1987,"date":"2014-11-01T09:33:46","date_gmt":"2014-11-01T09:33:46","guid":{"rendered":"http:\/\/kostolna.fara.sk\/?p=1987"},"modified":"2014-11-01T09:33:46","modified_gmt":"2014-11-01T09:33:46","slug":"den-vsetkych-svatych-mindenszentek-napja","status":"publish","type":"post","link":"https:\/\/www.farakostolna.sk\/?p=1987","title":{"rendered":"De\u0148 V\u0161etk\u00fdch sv\u00e4t\u00fdch \/ Mindenszentek napja"},"content":{"rendered":"<p>\t\t\t\t<a href=\"http:\/\/kostolna.fara.sk\/wp-content\/uploads\/2014\/11\/Densvatych_a35.jpg\"><img loading=\"lazy\" decoding=\"async\" class=\"size-thumbnail wp-image-1995 alignleft\" alt=\"Densvatych_a35\" src=\"http:\/\/kostolna.fara.sk\/wp-content\/uploads\/2014\/11\/Densvatych_a35-150x150.jpg\" width=\"150\" height=\"150\" \/><\/a>Aj tento rok sme si uctili v\u0161etk\u00fdch sv\u00e4tcov a v my\u0161lienkach sme spom\u00ednali (a st\u00e1le spom\u00edname) na<\/p>\n<p>na\u0161ich zosnul\u00fdch: bl\u00edzkych, priate\u013eov a milovan\u00fdch. Na oboch obradoch, ktor\u00fdch som sa z\u00fa\u010dastnila sa<!--more--><\/p>\n<p>odohr\u00e1valo aj nie\u010do nov\u00e9, netradi\u010dn\u00e9. Na cintor\u00edne v Hrubom \u0160\u00fare p\u00e1n far\u00e1r po\u017eehnal nov\u00fd chodn\u00edk ved\u00faci k hlavn\u00e9mu kr\u00ed\u017eu, po ktorom u\u017e nasledoval sviato\u010dn\u00fd obrad. V Kostolnej pri Dunaji bol tento obrad doplnen\u00fd pochodom so svie\u010dkami, ktor\u00fd prebiehal po rodinnej sv\u00e4tej om\u0161i celebrovanou salezi\u00e1nom Jozefom Lusco\u0148om, ktor\u00fd formou s\u00fa\u0165a\u017e\u00ed pribl\u00ed\u017eil tento kr\u00e1sny sviatok i t\u00fdm najmen\u0161\u00edm deti\u010dk\u00e1m. Mal\u00fdmi odmenami vy\u010daril \u00fasmev na ich drobn\u00fdch tv\u00e1rach, ktor\u00e9 roz\u017eiarili cel\u00fd kostol. Napokon sme sa vybrali na cintor\u00edn so svie\u010dkami a lamp\u00e1\u0161ikmi v ruke a spolo\u010dne sme sa modlili za v\u0161etky du\u0161e. Nakoniec sme sa s po\u017eehnan\u00edm pobrali do na\u0161ich domovov. <i>MSz<\/i><\/p>\n<p>&nbsp;<\/p>\n<p><a href=\"https:\/\/plus.google.com\/u\/0\/photos\/113195793245664134546\/albums\/6080947797855369409\" target=\"_blank\" rel=\"noopener noreferrer\">Fotky \/ F\u00e9nyk\u00e9pek<\/a><\/p>\n<p>&nbsp;<\/p>\n<p>Id\u00e9n is megeml\u00e9kezt\u00fcnk \u00f6sszes szent\u00fcnkr\u0151l, s im\u00e1inkban gondoltunk elhunyt csal\u00e1dtagjainkra, bar\u00e1tainkra \u00e9s szeretteinkre. Az \u00fcnnepi szentmis\u00e9k hagyom\u00e1nyosan a vas\u00e1rnapi rend szerint voltak, ez\u00e9rt a temet\u0151kben tartott szertart\u00e1sokat emeln\u00e9m ki. Mindk\u00e9t faluban volt valami k\u00fcl\u00f6nleges az idei szertart\u00e1sban, \u00e9s ez nem csak a hangulat volt. Hegys\u00faron Pali atya meg\u00e1ldotta az \u00faj j\u00e1rd\u00e1t, amely a kereszthez vezet, m\u00edg Egyh\u00e1zf\u00e1n gyerty\u00e1s menettel eg\u00e9sz\u00fclt ki ez a sz\u00e9p szok\u00e1s a d\u00e9lut\u00e1ni csal\u00e1dos szentmise ut\u00e1n. Ezt a mis\u00e9t Jozef Lusco\u0148 szal\u00e9zi atya celebr\u00e1lta, aki verseny form\u00e1j\u00e1ban k\u00f6zel\u00edtette meg mindenszentek \u00fcnnep\u00e9t, hogy a legkisebbeknek is \u00e9rthet\u0151 legyen. Elmagyar\u00e1zta, mit jelent szentnek lenni \u00e9s azt is, hogyan v\u00e1lhatunk azokk\u00e1. A feltett k\u00e9rd\u00e9sekre adott helyes v\u00e1laszok\u00e9rt motiv\u00e1ci\u00f3k\u00e9nt apr\u00f3 d\u00edjak j\u00e1rtak. Mondanom se kell, hogy nagy \u00e9rdekl\u0151d\u00e9st v\u00e1ltott ki benn\u00fcnk a pr\u00e9dik\u00e1ci\u00f3. Az eg\u00e9sz templomot boldog kisfi\u00fak \u00e9s kisl\u00e1nyok arca ragyogta be. A szentmise v\u00e9g\u00e9n \u2013 az \u00f6r\u00f6k vil\u00e1goss\u00e1g f\u00e9ny\u00e9t jelk\u00e9pez\u0151 lobog\u00f3 gyertyaf\u00e9nyn\u00e9l \u2013 boldogan \u00e9s felk\u00e9sz\u00fclten indulhattunk a temet\u0151be. K\u00f6z\u00f6sen im\u00e1dkoztunk halottaink\u00e9rt, v\u00e9g\u00fcl \u00e1ld\u00e1ssal t\u00e1voztunk otthonainkba. <i>SzM<\/i>\t\t\t\t<\/p>\n","protected":false},"excerpt":{"rendered":"<p>Aj tento rok sme si uctili v\u0161etk\u00fdch sv\u00e4tcov a v my\u0161lienkach sme spom\u00ednali (a st\u00e1le spom\u00edname) na na\u0161ich zosnul\u00fdch: bl\u00edzkych, priate\u013eov a milovan\u00fdch. Na oboch obradoch, ktor\u00fdch som sa z\u00fa\u010dastnila sa<\/p>\n","protected":false},"author":1,"featured_media":1995,"comment_status":"closed","ping_status":"closed","sticky":false,"template":"","format":"standard","meta":{"footnotes":""},"categories":[6],"tags":[24],"class_list":{"0":"entry","1":"post","2":"publish","3":"author-marian-jasenoveceltras-sk","4":"has-excerpt","5":"has-more-link","6":"post-1987","8":"format-standard","9":"has-post-thumbnail","10":"category-aktuality-sk","11":"post_tag-aktuality"},"_links":{"self":[{"href":"https:\/\/www.farakostolna.sk\/index.php?rest_route=\/wp\/v2\/posts\/1987","targetHints":{"allow":["GET"]}}],"collection":[{"href":"https:\/\/www.farakostolna.sk\/index.php?rest_route=\/wp\/v2\/posts"}],"about":[{"href":"https:\/\/www.farakostolna.sk\/index.php?rest_route=\/wp\/v2\/types\/post"}],"author":[{"embeddable":true,"href":"https:\/\/www.farakostolna.sk\/index.php?rest_route=\/wp\/v2\/users\/1"}],"replies":[{"embeddable":true,"href":"https:\/\/www.farakostolna.sk\/index.php?rest_route=%2Fwp%2Fv2%2Fcomments&post=1987"}],"version-history":[{"count":0,"href":"https:\/\/www.farakostolna.sk\/index.php?rest_route=\/wp\/v2\/posts\/1987\/revisions"}],"wp:featuredmedia":[{"embeddable":true,"href":"https:\/\/www.farakostolna.sk\/index.php?rest_route=\/"}],"wp:attachment":[{"href":"https:\/\/www.farakostolna.sk\/index.php?rest_route=%2Fwp%2Fv2%2Fmedia&parent=1987"}],"wp:term":[{"taxonomy":"category","embeddable":true,"href":"https:\/\/www.farakostolna.sk\/index.php?rest_route=%2Fwp%2Fv2%2Fcategories&post=1987"},{"taxonomy":"post_tag","embeddable":true,"href":"https:\/\/www.farakostolna.sk\/index.php?rest_route=%2Fwp%2Fv2%2Ftags&post=1987"}],"curies":[{"name":"wp","href":"https:\/\/api.w.org\/{rel}","templated":true}]}}