{"id":1976,"date":"2014-11-07T07:50:23","date_gmt":"2014-11-07T07:50:23","guid":{"rendered":"http:\/\/kostolna.fara.sk\/?p=1976"},"modified":"2014-11-07T07:50:23","modified_gmt":"2014-11-07T07:50:23","slug":"posadnuty-diablom-ordogtol-megszallva","status":"publish","type":"post","link":"https:\/\/www.farakostolna.sk\/?p=1976","title":{"rendered":"Posadnut\u00fd diablom \/ \u00d6rd\u00f6gt\u0151l megsz\u00e1llva"},"content":{"rendered":"<p>\t\t\t\t<a href=\"http:\/\/kostolna.fara.sk\/wp-content\/uploads\/2014\/10\/Screen-Shot-2014-10-25-at-1.21.20-AM-e1415346558506.png\"><img loading=\"lazy\" decoding=\"async\" class=\"size-thumbnail wp-image-1960 alignleft\" alt=\"Screen Shot 2014-10-25 at 1.21.20 AM\" src=\"http:\/\/kostolna.fara.sk\/wp-content\/uploads\/2014\/10\/Screen-Shot-2014-10-25-at-1.21.20-AM-e1415346558506-150x150.png\" width=\"150\" height=\"150\" \/><\/a>V nede\u013eu 2. novembra 2014 sa vo farskom kostole v Kostolnej pri Dunaji uskuto\u010dnilo osobn\u00e9 stretnutie s Francescom Vaiasusom a jeho man\u017eelkou Danielou.<!--more-->\u00a0 Francesco bol dlh\u00e9 roky posadnut\u00fd diablom. O svojom skuto\u010dnom pr\u00edbehu sa rozhodol nap\u00edsa\u0165 knihu s n\u00e1zvom \u201ePosadnut\u00fd diablom\u201c. Francesco vyrozpr\u00e1val svoj pr\u00edbeh formou svedectva, n\u00e1sledn\u00e9ho rozhovoru a potom\u00a0 nasledovala autogrami\u00e1da. Stretnutie s\u00a0 autorom knihy pripravil a zabezpe\u010doval n\u00e1\u0161 farn\u00edk Mgr. Janko Mi\u0161ko prostredn\u00edctvom Vydavate\u013estva Don Bosco. V\u0161etk\u00fdm by som chcel po\u010fakova\u0165 za pr\u00edle\u017eitos\u0165\u00a0 spozna\u0165 t\u00fdchto hlboko veriacich \u013eud\u00ed. Ver\u00edm, \u017ee pre pr\u00edtomn\u00fdch to bola konfront\u00e1cia a aj pr\u00edle\u017eitos\u0165 ako zmeni\u0165 mnoh\u00e9 veci vo svojich \u017eivotoch. E\u0161te raz \u010fakujeme. <i>I\u0160<\/i><\/p>\n<p><a href=\"https:\/\/plus.google.com\/u\/0\/photos\/113195793245664134546\/albums\/6078605037948388097\">Fotky \/ F\u00e9nyk\u00e9pek<\/a><\/p>\n<p>Video si mo\u017eete pozrie\u0165 ni\u017e\u0161ie<\/p>\n<p>2014. november 2-\u00e1n, vas\u00e1rnap Egyh\u00e1zf\u00e1n a pl\u00e9b\u00e1niatemplomban szem\u00e9lyes tal\u00e1lkoz\u00f3ra ker\u00fclt sor Francesco Vaiasusoval \u00e9s feles\u00e9g\u00e9vel, Daniel\u00e1val. Francesco hossz\u00fa \u00e9vekig volt \u00f6rd\u00f6gt\u0151l megsz\u00e1llott, s \u00fagy d\u00f6nt\u00f6tt, hogy k\u00f6nyvet \u00edr igaz t\u00f6rt\u00e9net\u00e9r\u0151l, amely most jelent meg szlov\u00e1k nyelven \u201e\u00d6rd\u00f6gt\u0151l megsz\u00e1llva\u201d c\u00edmmel. A tal\u00e1lkoz\u00f3 tan\u00fas\u00e1gt\u00e9tel \u00e9s egyben besz\u00e9lget\u00e9s is volt, melynek sor\u00e1n elmes\u00e9lte t\u00f6rt\u00e9net\u00e9t, majd autogramoszt\u00e1s k\u00f6vetkezett. A rendezv\u00e9nyt pl\u00e9b\u00e1niak\u00f6zs\u00e9g\u00fcnk tagja, Mgr. J\u00e1n Mi\u0161ko szervezte a Don Bosco Kiad\u00f3 \u00e1ltal. Szeretn\u00e9k mindenkinek k\u00f6sz\u00f6netet mondani, hogy lehet\u0151s\u00e9g\u00fcnk ny\u00edlt megismerni ezeket a m\u00e9lyen h\u00edv\u0151 embereket. Hiszem, hogy a jelenlev\u0151k sz\u00e1m\u00e1ra nagy szembes\u00fcl\u00e9st jelentett a tal\u00e1lkoz\u00f3, s egyben lehet\u0151s\u00e9get is arra, hogy sz\u00e1mos dolgot megv\u00e1ltoztassanak \u00e9let\u00fckben. M\u00e9g egyszer k\u00f6sz\u00f6nj\u00fck!<\/p>\n<p>&nbsp;<\/p>\n<p><iframe loading=\"lazy\" src=\"\/\/www.youtube.com\/embed\/M3R-brkZybM?list=UUgsIjuqkIL6dyn-6xSr_Aqg\" height=\"315\" width=\"560\" allowfullscreen=\"\" frameborder=\"0\"><\/iframe>\t\t\t\t<\/p>\n","protected":false},"excerpt":{"rendered":"<p>V nede\u013eu 2. novembra 2014 sa vo farskom kostole v Kostolnej pri Dunaji uskuto\u010dnilo osobn\u00e9 stretnutie s Francescom Vaiasusom a jeho man\u017eelkou Danielou.<\/p>\n","protected":false},"author":1,"featured_media":1960,"comment_status":"closed","ping_status":"closed","sticky":false,"template":"","format":"standard","meta":{"footnotes":""},"categories":[6],"tags":[24],"class_list":{"0":"entry","1":"post","2":"publish","3":"author-marian-jasenoveceltras-sk","4":"has-excerpt","5":"has-more-link","6":"post-1976","8":"format-standard","9":"has-post-thumbnail","10":"category-aktuality-sk","11":"post_tag-aktuality"},"_links":{"self":[{"href":"https:\/\/www.farakostolna.sk\/index.php?rest_route=\/wp\/v2\/posts\/1976","targetHints":{"allow":["GET"]}}],"collection":[{"href":"https:\/\/www.farakostolna.sk\/index.php?rest_route=\/wp\/v2\/posts"}],"about":[{"href":"https:\/\/www.farakostolna.sk\/index.php?rest_route=\/wp\/v2\/types\/post"}],"author":[{"embeddable":true,"href":"https:\/\/www.farakostolna.sk\/index.php?rest_route=\/wp\/v2\/users\/1"}],"replies":[{"embeddable":true,"href":"https:\/\/www.farakostolna.sk\/index.php?rest_route=%2Fwp%2Fv2%2Fcomments&post=1976"}],"version-history":[{"count":0,"href":"https:\/\/www.farakostolna.sk\/index.php?rest_route=\/wp\/v2\/posts\/1976\/revisions"}],"wp:featuredmedia":[{"embeddable":true,"href":"https:\/\/www.farakostolna.sk\/index.php?rest_route=\/"}],"wp:attachment":[{"href":"https:\/\/www.farakostolna.sk\/index.php?rest_route=%2Fwp%2Fv2%2Fmedia&parent=1976"}],"wp:term":[{"taxonomy":"category","embeddable":true,"href":"https:\/\/www.farakostolna.sk\/index.php?rest_route=%2Fwp%2Fv2%2Fcategories&post=1976"},{"taxonomy":"post_tag","embeddable":true,"href":"https:\/\/www.farakostolna.sk\/index.php?rest_route=%2Fwp%2Fv2%2Ftags&post=1976"}],"curies":[{"name":"wp","href":"https:\/\/api.w.org\/{rel}","templated":true}]}}