{"id":1964,"date":"2014-10-26T22:24:55","date_gmt":"2014-10-26T22:24:55","guid":{"rendered":"http:\/\/kostolna.fara.sk\/?p=1964"},"modified":"2014-10-26T22:24:55","modified_gmt":"2014-10-26T22:24:55","slug":"posvatenie-novej-kuchyne","status":"publish","type":"post","link":"https:\/\/www.farakostolna.sk\/?p=1964","title":{"rendered":"Po\u017eehnanie novej kuchyne \/ Az \u00faj konyha meg\u00e1ld\u00e1sa"},"content":{"rendered":"<p>\t\t\t\t<a href=\"http:\/\/kostolna.fara.sk\/wp-content\/uploads\/2014\/10\/DSC02936.jpg\"><img loading=\"lazy\" decoding=\"async\" class=\"size-thumbnail wp-image-1966 alignleft\" alt=\"DSC02936\" src=\"http:\/\/kostolna.fara.sk\/wp-content\/uploads\/2014\/10\/DSC02936-150x150.jpg\" width=\"150\" height=\"150\" \/><\/a>D\u0148a 26. okt\u00f3bra n\u00e1s nav\u0161t\u00edvil vz\u00e1cny hos\u0165 Mons. J\u00e1n Majern\u00edk. <!--more-->Vo v\u0161etk\u00fdch troch obciach n\u00e1s povzbudil svojimi slovami po\u010das k\u00e1zn\u00ed.\u00a0 Po sv\u00e4tej om\u0161i vo farskom kostole po\u017eehnal nov\u00fa kuchy\u0148u v\u00a0pastora\u010dnom centre, ktor\u00e1 bola vybudovan\u00e1 z\u00e1sluhou sponzorsk\u00e9ho daru. Nov\u00e1 kuchy\u0148a bude sl\u00fa\u017ei\u0165 veriacim z\u00a0celej farnosti a\u00a0okolia. P\u00e1n Boh zapla\u0165 za v\u0161etky dobr\u00e1.<\/p>\n<p><a href=\"https:\/\/plus.google.com\/u\/0\/photos\/113195793245664134546\/albums\/6076119719149776513\" target=\"_blank\" rel=\"noopener noreferrer\">Fotky \/ F\u00e9nyk\u00e9pek<\/a><\/p>\n<p>Okt\u00f3ber 26-\u00e1n \u00e9rt\u00e9kes vend\u00e9g l\u00e1togatott el hozz\u00e1nk Mons. J\u00e1n Majern\u00edk szem\u00e9ly\u00e9ben. Mindh\u00e1rom k\u00f6zs\u00e9gben meghallgathattuk buzd\u00edt\u00f3 szavait a pr\u00e9dik\u00e1ci\u00f3k sor\u00e1n. Az egyh\u00e1zfai szentmise ut\u00e1n meg\u00e1ldotta az \u00faj konyh\u00e1t a pasztor\u00e1ci\u00f3s k\u00f6zpontban, melyet szponzoradom\u00e1nyb\u00f3l alak\u00edtottunk ki. Az \u00faj konyha az eg\u00e9sz pl\u00e9b\u00e1niak\u00f6zs\u00e9g \u00e9s a k\u00f6rny\u00e9k h\u00edveit szolg\u00e1lja majd. A j\u00f3 Isten fizessen meg minden j\u00f3t\u00e9tem\u00e9nyt!\t\t\t\t<\/p>\n","protected":false},"excerpt":{"rendered":"<p>D\u0148a 26. okt\u00f3bra n\u00e1s nav\u0161t\u00edvil vz\u00e1cny hos\u0165 Mons. J\u00e1n Majern\u00edk.<\/p>\n","protected":false},"author":1,"featured_media":1966,"comment_status":"closed","ping_status":"closed","sticky":false,"template":"","format":"standard","meta":{"footnotes":""},"categories":[6],"tags":[24],"class_list":{"0":"entry","1":"post","2":"publish","3":"author-marian-jasenoveceltras-sk","4":"has-excerpt","5":"has-more-link","6":"post-1964","8":"format-standard","9":"has-post-thumbnail","10":"category-aktuality-sk","11":"post_tag-aktuality"},"_links":{"self":[{"href":"https:\/\/www.farakostolna.sk\/index.php?rest_route=\/wp\/v2\/posts\/1964","targetHints":{"allow":["GET"]}}],"collection":[{"href":"https:\/\/www.farakostolna.sk\/index.php?rest_route=\/wp\/v2\/posts"}],"about":[{"href":"https:\/\/www.farakostolna.sk\/index.php?rest_route=\/wp\/v2\/types\/post"}],"author":[{"embeddable":true,"href":"https:\/\/www.farakostolna.sk\/index.php?rest_route=\/wp\/v2\/users\/1"}],"replies":[{"embeddable":true,"href":"https:\/\/www.farakostolna.sk\/index.php?rest_route=%2Fwp%2Fv2%2Fcomments&post=1964"}],"version-history":[{"count":0,"href":"https:\/\/www.farakostolna.sk\/index.php?rest_route=\/wp\/v2\/posts\/1964\/revisions"}],"wp:featuredmedia":[{"embeddable":true,"href":"https:\/\/www.farakostolna.sk\/index.php?rest_route=\/"}],"wp:attachment":[{"href":"https:\/\/www.farakostolna.sk\/index.php?rest_route=%2Fwp%2Fv2%2Fmedia&parent=1964"}],"wp:term":[{"taxonomy":"category","embeddable":true,"href":"https:\/\/www.farakostolna.sk\/index.php?rest_route=%2Fwp%2Fv2%2Fcategories&post=1964"},{"taxonomy":"post_tag","embeddable":true,"href":"https:\/\/www.farakostolna.sk\/index.php?rest_route=%2Fwp%2Fv2%2Ftags&post=1964"}],"curies":[{"name":"wp","href":"https:\/\/api.w.org\/{rel}","templated":true}]}}