{"id":1950,"date":"2014-10-11T17:00:21","date_gmt":"2014-10-11T17:00:21","guid":{"rendered":"http:\/\/kostolna.fara.sk\/?p=1950"},"modified":"2014-10-11T17:00:21","modified_gmt":"2014-10-11T17:00:21","slug":"put-do-marianky-mariavolgyi-zarandoklat","status":"publish","type":"post","link":"https:\/\/www.farakostolna.sk\/?p=1950","title":{"rendered":"P\u00fa\u0165 do Marianky \/ M\u00e1riav\u00f6lgyi zar\u00e1ndoklat"},"content":{"rendered":"<p>\t\t\t\t<a href=\"http:\/\/kostolna.fara.sk\/wp-content\/uploads\/2014\/10\/DSC02522.jpg\"><img loading=\"lazy\" decoding=\"async\" class=\"size-thumbnail wp-image-1951 alignleft\" alt=\"DSC02522\" src=\"http:\/\/kostolna.fara.sk\/wp-content\/uploads\/2014\/10\/DSC02522-150x150.jpg\" width=\"150\" height=\"150\" \/><\/a>Tak ako po in\u00e9 roky, aj tento rok sa 11. okt\u00f3bra 2014 uskuto\u010dnila farsk\u00e1 p\u00fa\u0165\u00a0 do Marianky pri pr\u00edle\u017eitosti sviatku Patr\u00f3nky Ma\u010farov. <!--more-->P\u00fate sa z\u00fa\u010dastnili hlavne ma\u010farsk\u00fd veriaci z celej farnosti. Po pr\u00edchode do Marianky pokra\u010doval program na\u0161ej p\u00fate vlastnou\u00a0 kr\u00ed\u017eovou cestou a n\u00e1sledne sme sa z\u00fa\u010dastnili na spolo\u010dnej sv\u00e4tej om\u0161i. T\u00ed, ktor\u00ed pri\u0161li, ur\u010dite neo\u013eutovali, bolo kr\u00e1sne po\u010dasie a boli sme s\u00fa\u010das\u0165ou hlbok\u00e9ho duchovn\u00e9ho z\u00e1\u017eitku.\u00a0 Te\u0161\u00edme sa z \u00fa\u010dasti ka\u017ed\u00e9ho, kto sa z\u00fa\u010dastnil, i kto sprev\u00e1dzal t\u00fato p\u00fa\u0165 z\u00e1ujmom, duchovn\u00fdm spolo\u010denstvom a modlitbou. <i>I. \u0160.<\/i><\/p>\n<p><a href=\"https:\/\/plus.google.com\/u\/0\/photos\/113195793245664134546\/albums\/6071608330492821761\" target=\"_blank\" rel=\"noopener noreferrer\">Fotky \/ F\u00e9nyk\u00e9pek<\/a><\/p>\n<p>Az el\u0151z\u0151 \u00e9vekhez hasonl\u00f3an, okt\u00f3ber 11-\u00e9n, Magyarok Nagyasszonya \u00fcnnep\u00e9nek alkalm\u00e1b\u00f3l pl\u00e9b\u00e1niak\u00f6zs\u00e9g\u00fcnk tagjai az id\u00e9n is elzar\u00e1ndokoltak M\u00e1riav\u00f6lgybe. A zar\u00e1ndoklaton f\u0151k\u00e9nt a magyar h\u00edvek vettek r\u00e9szt eg\u00e9sz pl\u00e9b\u00e1niak\u00f6zs\u00e9g\u00fcnkb\u0151l. Miut\u00e1n meg\u00e9rkezt\u00fcnk, saj\u00e1t kereszt\u00fattal folytattuk programunkat, majd r\u00e9szt vett\u00fcnk a k\u00f6z\u00f6s szentmis\u00e9n. Akik elj\u00f6ttek, biztosan nem b\u00e1nt\u00e1k meg, hiszen gy\u00f6ny\u00f6r\u0171 id\u0151nk volt, s m\u00e9ly lelki \u00e9lm\u00e9nyben lehetett r\u00e9sz\u00fcnk. \u00d6r\u00fcl\u00fcnk minden jelenl\u00e9v\u0151nek, s azoknak is, akik vel\u00fcnk l\u00e9lekben egyes\u00fclve \u00e9rdekl\u0151d\u00e9ssel \u00e9s im\u00e1ikkal k\u00eds\u00e9rt\u00e9k ezt a zar\u00e1ndoklatot.\t\t\t\t<\/p>\n","protected":false},"excerpt":{"rendered":"<p>Tak ako po in\u00e9 roky, aj tento rok sa 11. okt\u00f3bra 2014 uskuto\u010dnila farsk\u00e1 p\u00fa\u0165\u00a0 do Marianky pri pr\u00edle\u017eitosti sviatku Patr\u00f3nky Ma\u010farov.<\/p>\n","protected":false},"author":1,"featured_media":1951,"comment_status":"closed","ping_status":"closed","sticky":false,"template":"","format":"standard","meta":{"footnotes":""},"categories":[6],"tags":[24],"class_list":{"0":"entry","1":"post","2":"publish","3":"author-marian-jasenoveceltras-sk","4":"has-excerpt","5":"has-more-link","6":"post-1950","8":"format-standard","9":"has-post-thumbnail","10":"category-aktuality-sk","11":"post_tag-aktuality"},"_links":{"self":[{"href":"https:\/\/www.farakostolna.sk\/index.php?rest_route=\/wp\/v2\/posts\/1950","targetHints":{"allow":["GET"]}}],"collection":[{"href":"https:\/\/www.farakostolna.sk\/index.php?rest_route=\/wp\/v2\/posts"}],"about":[{"href":"https:\/\/www.farakostolna.sk\/index.php?rest_route=\/wp\/v2\/types\/post"}],"author":[{"embeddable":true,"href":"https:\/\/www.farakostolna.sk\/index.php?rest_route=\/wp\/v2\/users\/1"}],"replies":[{"embeddable":true,"href":"https:\/\/www.farakostolna.sk\/index.php?rest_route=%2Fwp%2Fv2%2Fcomments&post=1950"}],"version-history":[{"count":0,"href":"https:\/\/www.farakostolna.sk\/index.php?rest_route=\/wp\/v2\/posts\/1950\/revisions"}],"wp:featuredmedia":[{"embeddable":true,"href":"https:\/\/www.farakostolna.sk\/index.php?rest_route=\/"}],"wp:attachment":[{"href":"https:\/\/www.farakostolna.sk\/index.php?rest_route=%2Fwp%2Fv2%2Fmedia&parent=1950"}],"wp:term":[{"taxonomy":"category","embeddable":true,"href":"https:\/\/www.farakostolna.sk\/index.php?rest_route=%2Fwp%2Fv2%2Fcategories&post=1950"},{"taxonomy":"post_tag","embeddable":true,"href":"https:\/\/www.farakostolna.sk\/index.php?rest_route=%2Fwp%2Fv2%2Ftags&post=1950"}],"curies":[{"name":"wp","href":"https:\/\/api.w.org\/{rel}","templated":true}]}}