{"id":1942,"date":"2014-09-27T16:10:48","date_gmt":"2014-09-27T16:10:48","guid":{"rendered":"http:\/\/kostolna.fara.sk\/?p=1942"},"modified":"2014-09-27T16:10:48","modified_gmt":"2014-09-27T16:10:48","slug":"podakovanie-za-urodu-halat-adtunk-a-termesert","status":"publish","type":"post","link":"https:\/\/www.farakostolna.sk\/?p=1942","title":{"rendered":"Po\u010fakovanie za \u00farodu \/ H\u00e1l\u00e1t adtunk a term\u00e9s\u00e9rt"},"content":{"rendered":"<p>\t\t\t\t<a href=\"http:\/\/kostolna.fara.sk\/wp-content\/uploads\/2014\/10\/140927-034.jpg\"><img loading=\"lazy\" decoding=\"async\" class=\"size-thumbnail wp-image-1944 alignleft\" alt=\"140927 034\" src=\"http:\/\/kostolna.fara.sk\/wp-content\/uploads\/2014\/10\/140927-034-150x150.jpg\" width=\"150\" height=\"150\" \/><\/a>V\u00fdstava ovocia, zeleniny a\u00a0kvetov\u00a0Hrubom \u0160\u00fare sa u\u017e tradi\u010dne za\u010d\u00edna po\u017eehnan\u00edm \u00farody v\u00a0sobotu, a\u00a0v\u00a0nede\u013eu sa sl\u00e1vi sv\u00e4t\u00e1 om\u0161a, na ktorej z\u00e1stupcovia miestnych z\u00e1hradk\u00e1rov <!--more--><!--more-->nes\u00fa obetn\u00e9 dary zo svojej \u00farody na znak v\u010fakyvzdania a\u00a0prosby o\u00a0po\u017eehnanie. Tento rok na sv\u00e4tej om\u0161i bol pr\u00edtomn\u00fd vz\u00e1cny hos\u0165, salezi\u00e1n Jozef T\u00f3th, ktor\u00fd sl\u00fa\u017ei ako mision\u00e1r na \u010falekej Sib\u00edri, v\u00a0Jakutsku. Vo svojej k\u00e1zni prirovnal \u00farodu zeme k\u00a0ovociu vychov\u00e1vate\u013eskej pr\u00e1ci a\u00a0ovociu mision\u00e1rskej pr\u00e1ce.<\/p>\n<p><a href=\"https:\/\/plus.google.com\/u\/0\/photos\/113195793245664134546\/albums\/6072295521757116257\" target=\"_blank\" rel=\"noopener noreferrer\">Fotky \/ F\u00e9nyk\u00e9pek:<\/a><\/p>\n<p>Sz\u00e9p hagyom\u00e1nny\u00e1 v\u00e1lt Hegys\u00faron, hogy a faluban megrendezett gy\u00fcm\u00f6lcs- z\u00f6lds\u00e9g- \u00e9s vir\u00e1gki\u00e1ll\u00edt\u00e1s szombaton a term\u00e9s meg\u00e1ld\u00e1s\u00e1val kezd\u0151dik, a vas\u00e1rnapi szentmis\u00e9t pedig h\u00e1l\u00e1b\u00f3l aj\u00e1nljuk fel a j\u00f3 Istennek a term\u00e9s\u00e9rt. Ez alkalomb\u00f3l a helyi kiskert\u00e9szek szervezet\u00e9nek k\u00e9pvisel\u0151i adj\u00e1k \u00e1t az \u00e1ldozati adom\u00e1nyokat, melyek k\u00f6z\u00f6tt szerepelnek a friss gy\u00fcm\u00f6lcs\u00f6k \u00e9s z\u00f6lds\u00e9gek is. 2014. szeptember 28-\u00e1n ezen a h\u00e1laad\u00f3 szentmis\u00e9n vehett\u00fcnk r\u00e9szt, melyet m\u00e9g \u00fcnnep\u00e9lyesebb\u00e9 tett a helyieknek oly kedves T\u00f3th J\u00f3zsef szal\u00e9zi misszi\u00f3s atya jelenl\u00e9te. J\u00f3zsef atya besz\u00e9d\u00e9ben p\u00e1rhuzamot vont a term\u00e9s\u00e9rt val\u00f3 h\u00e1laad\u00e1s, az oktat\u00f3-nevel\u0151 munka gy\u00fcm\u00f6lcse \u00e9s a misszi\u00f3s munka gy\u00fcm\u00f6lcse k\u00f6z\u00f6tt. Term\u00e9szetesen nem maradhatott el egy r\u00f6vid besz\u00e1mol\u00f3 a t\u00e1voli Jakutf\u00f6ld\u00f6n \u00e9vtizedeken \u00e1t v\u00e9gzett misszi\u00f3s munk\u00e1r\u00f3l. A szentmise v\u00e9g\u00e9n Gajdo\u0161 P\u00e1l pl\u00e9b\u00e1nos atya megk\u00f6sz\u00f6nte J\u00f3zsef aty\u00e1nak, hogy ism\u00e9t elj\u00f6tt k\u00f6z\u00e9nk, s terjesztette azt a nyugalmat, amely bel\u0151le \u00e1rad. K\u00e9rj\u00fck a j\u00f3 Istent\u0151l, hogy kitart\u00f3 munk\u00e1ja hozzon majd b\u0151s\u00e9ges gy\u00fcm\u00f6lcs\u00f6t a zord Szib\u00e9ri\u00e1ban! G. Zs.\t\t\t\t<\/p>\n","protected":false},"excerpt":{"rendered":"<p>V\u00fdstava ovocia, zeleniny a\u00a0kvetov\u00a0Hrubom \u0160\u00fare sa u\u017e tradi\u010dne za\u010d\u00edna po\u017eehnan\u00edm \u00farody v\u00a0sobotu, a\u00a0v\u00a0nede\u013eu sa sl\u00e1vi sv\u00e4t\u00e1 om\u0161a, na ktorej z\u00e1stupcovia miestnych z\u00e1hradk\u00e1rov<\/p>\n","protected":false},"author":1,"featured_media":1944,"comment_status":"closed","ping_status":"closed","sticky":false,"template":"","format":"standard","meta":{"footnotes":""},"categories":[6],"tags":[24],"class_list":{"0":"entry","1":"post","2":"publish","3":"author-marian-jasenoveceltras-sk","4":"has-excerpt","5":"has-more-link","6":"post-1942","8":"format-standard","9":"has-post-thumbnail","10":"category-aktuality-sk","11":"post_tag-aktuality"},"_links":{"self":[{"href":"https:\/\/www.farakostolna.sk\/index.php?rest_route=\/wp\/v2\/posts\/1942","targetHints":{"allow":["GET"]}}],"collection":[{"href":"https:\/\/www.farakostolna.sk\/index.php?rest_route=\/wp\/v2\/posts"}],"about":[{"href":"https:\/\/www.farakostolna.sk\/index.php?rest_route=\/wp\/v2\/types\/post"}],"author":[{"embeddable":true,"href":"https:\/\/www.farakostolna.sk\/index.php?rest_route=\/wp\/v2\/users\/1"}],"replies":[{"embeddable":true,"href":"https:\/\/www.farakostolna.sk\/index.php?rest_route=%2Fwp%2Fv2%2Fcomments&post=1942"}],"version-history":[{"count":0,"href":"https:\/\/www.farakostolna.sk\/index.php?rest_route=\/wp\/v2\/posts\/1942\/revisions"}],"wp:featuredmedia":[{"embeddable":true,"href":"https:\/\/www.farakostolna.sk\/index.php?rest_route=\/"}],"wp:attachment":[{"href":"https:\/\/www.farakostolna.sk\/index.php?rest_route=%2Fwp%2Fv2%2Fmedia&parent=1942"}],"wp:term":[{"taxonomy":"category","embeddable":true,"href":"https:\/\/www.farakostolna.sk\/index.php?rest_route=%2Fwp%2Fv2%2Fcategories&post=1942"},{"taxonomy":"post_tag","embeddable":true,"href":"https:\/\/www.farakostolna.sk\/index.php?rest_route=%2Fwp%2Fv2%2Ftags&post=1942"}],"curies":[{"name":"wp","href":"https:\/\/api.w.org\/{rel}","templated":true}]}}