{"id":1932,"date":"2014-10-05T15:08:32","date_gmt":"2014-10-05T15:08:32","guid":{"rendered":"http:\/\/kostolna.fara.sk\/?p=1932"},"modified":"2014-10-05T15:08:32","modified_gmt":"2014-10-05T15:08:32","slug":"farske-hody-2014plebaniakozsegi-bucsu","status":"publish","type":"post","link":"https:\/\/www.farakostolna.sk\/?p=1932","title":{"rendered":"Farsk\u00e9 hody 2014\/Pl\u00e9b\u00e1niak\u00f6zs\u00e9gi b\u00facs\u00fa"},"content":{"rendered":"<p>\t\t\t\t<a href=\"http:\/\/kostolna.fara.sk\/wp-content\/uploads\/2014\/10\/Andaluzia-IMG_2992.jpg\"><img loading=\"lazy\" decoding=\"async\" class=\"size-thumbnail wp-image-1938 alignleft\" alt=\"Andaluzia IMG_2992\" src=\"http:\/\/kostolna.fara.sk\/wp-content\/uploads\/2014\/10\/Andaluzia-IMG_2992-150x150.jpg\" width=\"150\" height=\"150\" \/><\/a>5. okt\u00f3bra 2014 sme v\u00a0kostole Ru\u017eencovej Panny M\u00e1rie sl\u00e1vili farsk\u00e9 hody. <!--more-->Pred samotnou sl\u00e1vnostnou sv\u00e4tou om\u0161ou bol po\u017eehnan\u00fd novovybudovan\u00fd par\u010d\u00edk, ktor\u00fd bol takmer celkom financovan\u00fd a\u00a0realizovan\u00fd len v\u010faka ochotn\u00fdm sponzorom a\u00a0dobrovo\u013en\u00edkom. Na sv\u00e4tej om\u0161i sa z\u00fa\u010dastnil aj vdp. Rudolf Hudek, \u010destn\u00fd dekan, ktor\u00fd sa veriacim prihovoril v\u00a0k\u00e1zni dvojjazy\u010dne. Prin\u00e1\u0161anie obetn\u00fdch darov v\u00a0podobe pln\u00fdch ko\u0161ov vypestovan\u00e9ho ovocia a\u00a0zeleniny v\u00a0na\u0161ich z\u00e1hrad\u00e1ch bolo z\u00e1rove\u0148 vyjadren\u00edm v\u010faky P\u00e1nu Bohu za \u0161tedr\u00fa tohtoro\u010dn\u00fa \u00farodu. Po sv\u00e4tej om\u0161i n\u00e1s miestny p\u00e1n far\u00e1r u\u017e tradi\u010dne v\u0161etk\u00fdch pozval na grinavsk\u00fd bur\u010diak, deti a\u00a0\u0161of\u00e9rov na sladk\u00fd mu\u0161t.<\/p>\n<p><a href=\"https:\/\/plus.google.com\/u\/0\/photos\/113195793245664134546\/albums\/6070903989841332769\" target=\"_blank\" rel=\"noopener noreferrer\">Fotky\u00a0\/ F\u00e9nyk\u00e9pek<\/a><\/p>\n<p>2014. okt\u00f3ber 5-\u00e9n a R\u00f3zsaf\u00fcz\u00e9r Kir\u00e1lyn\u0151je-templomban \u00fcnnepelt\u00fck a pl\u00e9b\u00e1niak\u00f6zs\u00e9gi b\u00facs\u00fat.\u00a0 M\u00e9g az \u00fcnnepi szentmise el\u0151tt sor ker\u00fclt az \u00fajonnan l\u00e9tes\u00edtett kis park megszentel\u00e9s\u00e9re, melyet majdnem teljes m\u00e9rt\u00e9kben szponzoroknak \u00e9s \u00f6nk\u00e9nteseknek k\u00f6sz\u00f6nhet\u00fcnk. A szentmis\u00e9n r\u00e9szt vett Hudek Rudolf tiszteletbeli esperes atya is, aki k\u00e9t nyelven pr\u00e9dik\u00e1lt a h\u00edveknek. Az \u00e1ldozati adom\u00e1nyk\u00e9nt \u00e1tadott, kertjeinkben termesztett z\u00f6lds\u00e9gekkel \u00e9s gy\u00fcm\u00f6lcs\u00f6kkel teli kosarakkal fejezt\u00fck ki h\u00e1l\u00e1nkat az j\u00f3 Istennek az idei b\u0151s\u00e9ges term\u00e9s\u00e9rt. A szentmise ut\u00e1n pl\u00e9b\u00e1nos urunk m\u00e1r hagyom\u00e1nyosan grinavai murcira invit\u00e1lta az egybegy\u0171lteket, a gyerekeket \u00e9s a sof\u0151r\u00f6ket pedig \u00e9des must v\u00e1rta.\t\t\t\t<\/p>\n","protected":false},"excerpt":{"rendered":"<p>5. okt\u00f3bra 2014 sme v\u00a0kostole Ru\u017eencovej Panny M\u00e1rie sl\u00e1vili farsk\u00e9 hody.<\/p>\n","protected":false},"author":1,"featured_media":1938,"comment_status":"closed","ping_status":"closed","sticky":false,"template":"","format":"standard","meta":{"footnotes":""},"categories":[6],"tags":[24],"class_list":{"0":"entry","1":"post","2":"publish","3":"author-marian-jasenoveceltras-sk","4":"has-excerpt","5":"has-more-link","6":"post-1932","8":"format-standard","9":"has-post-thumbnail","10":"category-aktuality-sk","11":"post_tag-aktuality"},"_links":{"self":[{"href":"https:\/\/www.farakostolna.sk\/index.php?rest_route=\/wp\/v2\/posts\/1932","targetHints":{"allow":["GET"]}}],"collection":[{"href":"https:\/\/www.farakostolna.sk\/index.php?rest_route=\/wp\/v2\/posts"}],"about":[{"href":"https:\/\/www.farakostolna.sk\/index.php?rest_route=\/wp\/v2\/types\/post"}],"author":[{"embeddable":true,"href":"https:\/\/www.farakostolna.sk\/index.php?rest_route=\/wp\/v2\/users\/1"}],"replies":[{"embeddable":true,"href":"https:\/\/www.farakostolna.sk\/index.php?rest_route=%2Fwp%2Fv2%2Fcomments&post=1932"}],"version-history":[{"count":0,"href":"https:\/\/www.farakostolna.sk\/index.php?rest_route=\/wp\/v2\/posts\/1932\/revisions"}],"wp:featuredmedia":[{"embeddable":true,"href":"https:\/\/www.farakostolna.sk\/index.php?rest_route=\/"}],"wp:attachment":[{"href":"https:\/\/www.farakostolna.sk\/index.php?rest_route=%2Fwp%2Fv2%2Fmedia&parent=1932"}],"wp:term":[{"taxonomy":"category","embeddable":true,"href":"https:\/\/www.farakostolna.sk\/index.php?rest_route=%2Fwp%2Fv2%2Fcategories&post=1932"},{"taxonomy":"post_tag","embeddable":true,"href":"https:\/\/www.farakostolna.sk\/index.php?rest_route=%2Fwp%2Fv2%2Ftags&post=1932"}],"curies":[{"name":"wp","href":"https:\/\/api.w.org\/{rel}","templated":true}]}}