{"id":1879,"date":"2014-09-05T05:00:19","date_gmt":"2014-09-05T05:00:19","guid":{"rendered":"http:\/\/kostolna.fara.sk\/?p=1879"},"modified":"2014-09-05T05:00:19","modified_gmt":"2014-09-05T05:00:19","slug":"zelezny-skaut-vascserkesz","status":"publish","type":"post","link":"https:\/\/www.farakostolna.sk\/?p=1879","title":{"rendered":"\u201e\u017delezn\u00fd skaut\u201d \/ Vascserk\u00e9sz"},"content":{"rendered":"<p>\t\t\t\t<a href=\"http:\/\/kostolna.fara.sk\/wp-content\/uploads\/2014\/09\/P1020648.jpg\"><img loading=\"lazy\" decoding=\"async\" class=\"size-thumbnail wp-image-1885 alignleft\" alt=\"P1020648\" src=\"http:\/\/kostolna.fara.sk\/wp-content\/uploads\/2014\/09\/P1020648-150x150.jpg\" width=\"150\" height=\"150\" \/><\/a><\/p>\n<p>Od 29. do\u00a0 31. augusta 2014 sa po nieko\u013ekoro\u010dnej pauze uskuto\u010dnila s\u00fa\u0165a\u017e \u201e\u017delezn\u00fd skaut\u201c. <!--more-->13 skautsk\u00fdch zborov Zv\u00e4zu skautov ma\u010farskej n\u00e1rodnosti na Slovensku sa stretlo v pr\u00edrode pri Limbachu, aby si zmerali sily v\u00a0discipl\u00ednach ako bicyklovanie (47 km), beh (2 km), kajak (1 km), pl\u00e1vanie (800 m), stre\u013eba na 20 m. S\u00fa\u0165a\u017eilo sa v\u00a0max. \u0161es\u0165\u010dlenn\u00fdch skupin\u00e1ch, kde ka\u017ed\u00fd \u010dlen si zobral jednu discipl\u00ednu. Jednotliv\u00e9 skupiny mali 24 hod\u00edn na absolvovanie 50 kilometrovej trate s\u00a010 kilogramov\u00fdmi ruksakmi na chrbte (jedlo a\u00a0pitie sa ner\u00e1talo). Hlavn\u00fdm organiz\u00e1torom bol Ladislav Oro\u0161 ml. z\u00a011. skautsk\u00e9ho zboru Szent Imre.<\/p>\n<p>&nbsp;<\/p>\n<p><a href=\"https:\/\/plus.google.com\/u\/0\/photos\/113195793245664134546\/albums\/6058629575138826177\" target=\"_blank\" rel=\"noopener noreferrer\">Fotky \/ F\u00e9nyk\u00e9pek:<\/a><\/p>\n<p>&nbsp;<\/p>\n<p>Csapatunk k\u00e9t fiatal vezet\u0151je m\u00falt \u00e9ve azzal a gondolattal j\u00f6tt el\u0151 a vezet\u0151i megbesz\u00e9l\u00e9sen, hogy szervezz\u00fck meg a Vascserk\u00e9sz elnevez\u00e9s\u0171 versenyt. Sokat hallottak r\u00f3la, mivel magam is k\u00e9tszer sikeresen r\u00e9szt vettem rajta, de sajnos m\u00e1r csaknem t\u00edz \u00e9ve nem szervezt\u00e9k meg.<\/p>\n<p>S hogy mi lett ennek az \u00f6tletnek a v\u00e9ge? Augusztus 29-e \u00e9s 31-e k\u00f6z\u00f6tt a Szlov\u00e1kiai Magyar Cserk\u00e9szsz\u00f6vets\u00e9g 13 csapata tal\u00e1lkozott Limpak (Limbach) falu mellett a term\u00e9szetben, \u00e9s elkezd\u0151d\u00f6tt a Vascserk\u00e9sz.<\/p>\n<p>Mir\u0151l is volt sz\u00f3? A maximum hattag\u00fa csapatoknak 24 \u00f3r\u00e1juk volt arra, hogy gyalog teljes\u00edts\u00e9k az 50 kilom\u00e9teres t\u00e1vot a\u00a0Kis-K\u00e1rp\u00e1tokban kijel\u00f6lt \u00fatvonalon 10 kil\u00f3s h\u00e1tizs\u00e1kkal a h\u00e1tukon, amelybe a v\u00edz \u00e9s az \u00e9tel nem sz\u00e1m\u00edt\u00f3dik bele. A teljes t\u00e1von k\u00fcl\u00f6nb\u00f6z\u0151 versenysz\u00e1mok v\u00e1rt\u00e1k \u0151ket, amelyeket a csapat egy-egy tagja k\u00fcl\u00f6n teljes\u00edtett: 47 kilom\u00e9ter ker\u00e9kp\u00e1roz\u00e1s, 2 kilom\u00e9ter fut\u00e1s, 1 kilom\u00e9ter kajakoz\u00e1s, 800 m\u00e9ter \u00fasz\u00e1s, c\u00e9lba l\u00f6v\u00e9s 20 m\u00e9terr\u0151l.<\/p>\n<p>Ki nyert? \u00a0Szepsi csapata lett az els\u0151. Az egyh\u00e1zfai \u00f6regcserk\u00e9szek, nevezetesen: Matus Valter, Hidegh\u00e9ty R\u00f3bert, Szikhart Kriszti\u00e1n (eg\u00e9szs\u00e9gi okok miatt nem fejezte be), Ruman Andrej, \u00e9s Csenkei \u00c1d\u00e1m a\u00a08. helyen v\u00e9geztek. A\u00a0fiatalok: Szak\u00e1ll Tibor, Ruman Bernard, Oro\u0161 D\u00e1vid, Bar\u00e1th M\u00e1rk a\u00a07. helyen z\u00e1rtak. Cserk\u00e9szeink sikeresen befejezt\u00e9k a\u00a0versenyt, \u00e9s b\u00fcszk\u00e9k lehet\u00fcnk r\u00e1juk. Ez ugyanis nem siker\u00fclt minden csapatnak: a\u00a0szakad\u00f3 es\u0151, a\u00a0gyenge felk\u00e9sz\u00fcl\u00e9s, a kificamodott bok\u00e1k, t\u00f6nkrement t\u00e9rdek, a rossz t\u00e1j\u00e9koz\u00f3d\u00e1s stb. j\u00f3l megtizedelt\u00e9k a versenyz\u0151ket.<\/p>\n<p>A\u00a0csapat nev\u00e9ben szeretn\u00e9k k\u00f6sz\u00f6netet mondani ifj. Oro\u0161 L\u00e1szl\u00f3 seg\u00e9dtisztnek (st.) mint f\u0151szervez\u0151nek \u00e9s minden seg\u00edt\u0151nknek. K\u00fcl\u00f6n k\u00f6sz\u00f6net a\u00a0pl\u00e9b\u00e1nos \u00farnak, aki balesetet szenvedett.<\/p>\n<p>U.i.:<\/p>\n<p>Szervez\u0151: \u2013 Mi\u00e9rt mentetek jobbra, ha a\u00a0t\u00e9rk\u00e9p a\u00a0s\u00e1rg\u00e1val jelzett \u00faton balra k\u00fcld benneteket? Versenyz\u0151: \u2013 Mert a jobb oldalon tal\u00e1ltunk s\u00e1rga jelet. Gondoltuk, rossz a\u00a0t\u00e9rk\u00e9p.<\/p>\n<p><i>Bor\u0161 Ervin st.<\/i>\t\t\t\t<\/p>\n","protected":false},"excerpt":{"rendered":"<p>Od 29. do\u00a0 31. augusta 2014 sa po nieko\u013ekoro\u010dnej pauze uskuto\u010dnila s\u00fa\u0165a\u017e \u201e\u017delezn\u00fd skaut\u201c.<\/p>\n","protected":false},"author":1,"featured_media":1885,"comment_status":"closed","ping_status":"closed","sticky":false,"template":"","format":"standard","meta":{"footnotes":""},"categories":[6],"tags":[24],"class_list":{"0":"entry","1":"post","2":"publish","3":"author-marian-jasenoveceltras-sk","4":"has-excerpt","5":"has-more-link","6":"post-1879","8":"format-standard","9":"has-post-thumbnail","10":"category-aktuality-sk","11":"post_tag-aktuality"},"_links":{"self":[{"href":"https:\/\/www.farakostolna.sk\/index.php?rest_route=\/wp\/v2\/posts\/1879","targetHints":{"allow":["GET"]}}],"collection":[{"href":"https:\/\/www.farakostolna.sk\/index.php?rest_route=\/wp\/v2\/posts"}],"about":[{"href":"https:\/\/www.farakostolna.sk\/index.php?rest_route=\/wp\/v2\/types\/post"}],"author":[{"embeddable":true,"href":"https:\/\/www.farakostolna.sk\/index.php?rest_route=\/wp\/v2\/users\/1"}],"replies":[{"embeddable":true,"href":"https:\/\/www.farakostolna.sk\/index.php?rest_route=%2Fwp%2Fv2%2Fcomments&post=1879"}],"version-history":[{"count":0,"href":"https:\/\/www.farakostolna.sk\/index.php?rest_route=\/wp\/v2\/posts\/1879\/revisions"}],"wp:featuredmedia":[{"embeddable":true,"href":"https:\/\/www.farakostolna.sk\/index.php?rest_route=\/"}],"wp:attachment":[{"href":"https:\/\/www.farakostolna.sk\/index.php?rest_route=%2Fwp%2Fv2%2Fmedia&parent=1879"}],"wp:term":[{"taxonomy":"category","embeddable":true,"href":"https:\/\/www.farakostolna.sk\/index.php?rest_route=%2Fwp%2Fv2%2Fcategories&post=1879"},{"taxonomy":"post_tag","embeddable":true,"href":"https:\/\/www.farakostolna.sk\/index.php?rest_route=%2Fwp%2Fv2%2Ftags&post=1879"}],"curies":[{"name":"wp","href":"https:\/\/api.w.org\/{rel}","templated":true}]}}