{"id":1877,"date":"2014-09-20T04:58:18","date_gmt":"2014-09-20T04:58:18","guid":{"rendered":"http:\/\/kostolna.fara.sk\/?p=1877"},"modified":"2014-09-20T04:58:18","modified_gmt":"2014-09-20T04:58:18","slug":"put-do-sastina-sasvari-zarandoklat-2","status":"publish","type":"post","link":"https:\/\/www.farakostolna.sk\/?p=1877","title":{"rendered":"P\u00fa\u0165 do \u0160a\u0161t\u00edna \/ Sasv\u00e1ri zar\u00e1ndoklat"},"content":{"rendered":"<p>\t\t\t\t<a href=\"http:\/\/kostolna.fara.sk\/wp-content\/uploads\/2014\/09\/P1020740.jpg\"><img loading=\"lazy\" decoding=\"async\" class=\"size-thumbnail wp-image-1882 alignleft\" alt=\"P1020740\" src=\"http:\/\/kostolna.fara.sk\/wp-content\/uploads\/2014\/09\/P1020740-150x150.jpg\" width=\"150\" height=\"150\" \/><\/a><\/p>\n<p>15. septembra sme absolvovali p\u00fa\u0165 do \u0160a\u0161t\u00edna. K na\u0161im farn\u00edkom sa pridali aj z farnosti Kr\u00e1\u013eov\u00e1 pri Senci. Po\u010das cesty sme sa modlili, spievali si a niektor\u00ed aj spali. <!--more-->Ke\u010f sme dorazili, uvideli sme ve\u013ek\u00fa \u0160a\u0161t\u00ednsku baziliku, okolo ktorej u\u017e vtedy st\u00e1lo mnoho veriacich. Na om\u0161i, ktor\u00fa celebroval kardin\u00e1l Jozef Tomko bolo pribli\u017ene 50 tis\u00edc \u013eud\u00ed. V jej z\u00e1vere sme spolo\u010dne predniesli modlitbu zverenia Slovenska Sedembolestnej Panne M\u00e1rii.<\/p>\n<p>Po skon\u010den\u00ed om\u0161e sa mi podarilo \u00eds\u0165 aj do vn\u00fatra baziliky. Pri hlavnom vchode n\u00e1s p\u00fa\u0161\u0165ali dnu, ale iba men\u0161ie skupinky, tak\u017ee to chcelo ve\u013ea trpezlivosti. No st\u00e1lo to za to, je tam naozaj kr\u00e1sne. Posilnen\u00ed na duchu, a z vlastn\u00fdch z\u00e1sob aj na tele, sme sa v\u0161etci \u0161\u0165astne vr\u00e1tili domov. Som ve\u013emi spokojn\u00e1 s p\u00fa\u0165ou a ur\u010dite p\u00f4jdem aj nabud\u00face.<i> <\/i><\/p>\n<p><i>Rebeka Baricov\u00e1<\/i><\/p>\n<p><a href=\"https:\/\/plus.google.com\/u\/0\/photos\/113195793245664134546\/albums\/6060505513429204049\" target=\"_blank\" rel=\"noopener noreferrer\">Fotky \/ F\u00e9nyk\u00e9pek:<\/a><\/p>\n<p>Szeptember 15-\u00e9n sasv\u00e1ri zar\u00e1ndoklaton vett\u00fcnk r\u00e9szt. Pl\u00e9b\u00e1niak\u00f6zs\u00e9g\u00fcnk tagjaihoz csatlakoztak szenckir\u00e1lyfai zar\u00e1ndokok is. Az utat im\u00e1val, \u00e9nekkel, pihen\u00e9ssel t\u00f6lt\u00f6tt\u00fck. Mire oda\u00e9rt\u00fcnk, a bazilika k\u00f6r\u00fcl m\u00e1r sokan v\u00e1rakoztak. A szentmis\u00e9n, melyet Jozef Tomko b\u00edboros celebr\u00e1lt, kb. 50 ezer ember vett r\u00e9szt. A szentmise v\u00e9g\u00e9n k\u00f6z\u00f6s im\u00e1ban a F\u00e1jdalmas Sz\u0171zanya oltalm\u00e1ba aj\u00e1nlottuk orsz\u00e1gunkat.<\/p>\n<p>A szentmise ut\u00e1n a bazilik\u00e1ba is siker\u00fclt bejutnunk. Kis csoportokat engedtek csak be egyszerre, \u00edgy sok t\u00fcrelemre volt sz\u00fcks\u00e9g, m\u00edg kiv\u00e1rtuk a sorunkat, de meg\u00e9rte, hiszen a bazilika gy\u00f6ny\u00f6r\u0171 bel\u00fclr\u0151l. Testben \u00e9s l\u00e9lekben meger\u0151s\u00f6dve szerencs\u00e9sen haza\u00e9rkezt\u00fcnk. \u00d6r\u00fcl\u00f6k, hogy r\u00e9szt vehettem ezen a zar\u00e1ndoklaton, j\u00f6v\u0151re is biztosan elmegyek.\t\t\t\t<\/p>\n","protected":false},"excerpt":{"rendered":"<p>15. septembra sme absolvovali p\u00fa\u0165 do \u0160a\u0161t\u00edna. K na\u0161im farn\u00edkom sa pridali aj z farnosti Kr\u00e1\u013eov\u00e1 pri Senci. Po\u010das cesty sme sa modlili, spievali si a niektor\u00ed aj spali.<\/p>\n","protected":false},"author":1,"featured_media":1882,"comment_status":"closed","ping_status":"closed","sticky":false,"template":"","format":"standard","meta":{"footnotes":""},"categories":[6],"tags":[24],"class_list":{"0":"entry","1":"post","2":"publish","3":"author-marian-jasenoveceltras-sk","4":"has-excerpt","5":"has-more-link","6":"post-1877","8":"format-standard","9":"has-post-thumbnail","10":"category-aktuality-sk","11":"post_tag-aktuality"},"_links":{"self":[{"href":"https:\/\/www.farakostolna.sk\/index.php?rest_route=\/wp\/v2\/posts\/1877","targetHints":{"allow":["GET"]}}],"collection":[{"href":"https:\/\/www.farakostolna.sk\/index.php?rest_route=\/wp\/v2\/posts"}],"about":[{"href":"https:\/\/www.farakostolna.sk\/index.php?rest_route=\/wp\/v2\/types\/post"}],"author":[{"embeddable":true,"href":"https:\/\/www.farakostolna.sk\/index.php?rest_route=\/wp\/v2\/users\/1"}],"replies":[{"embeddable":true,"href":"https:\/\/www.farakostolna.sk\/index.php?rest_route=%2Fwp%2Fv2%2Fcomments&post=1877"}],"version-history":[{"count":0,"href":"https:\/\/www.farakostolna.sk\/index.php?rest_route=\/wp\/v2\/posts\/1877\/revisions"}],"wp:featuredmedia":[{"embeddable":true,"href":"https:\/\/www.farakostolna.sk\/index.php?rest_route=\/"}],"wp:attachment":[{"href":"https:\/\/www.farakostolna.sk\/index.php?rest_route=%2Fwp%2Fv2%2Fmedia&parent=1877"}],"wp:term":[{"taxonomy":"category","embeddable":true,"href":"https:\/\/www.farakostolna.sk\/index.php?rest_route=%2Fwp%2Fv2%2Fcategories&post=1877"},{"taxonomy":"post_tag","embeddable":true,"href":"https:\/\/www.farakostolna.sk\/index.php?rest_route=%2Fwp%2Fv2%2Ftags&post=1877"}],"curies":[{"name":"wp","href":"https:\/\/api.w.org\/{rel}","templated":true}]}}