{"id":1858,"date":"2014-09-19T18:53:19","date_gmt":"2014-09-19T18:53:19","guid":{"rendered":"http:\/\/kostolna.fara.sk\/?p=1858"},"modified":"2014-09-19T18:53:19","modified_gmt":"2014-09-19T18:53:19","slug":"40-dnovy-post-za-knazov-2014","status":"publish","type":"post","link":"https:\/\/www.farakostolna.sk\/?p=1858","title":{"rendered":"40-d\u0148ov\u00fd P\u00f4st za k\u0148azov 2014"},"content":{"rendered":"<p>\t\t\t\t<a href=\"http:\/\/kostolna.fara.sk\/wp-content\/uploads\/2014\/09\/Screen-Shot-2014-09-19-at-8.38.38-PM.png\"><img loading=\"lazy\" decoding=\"async\" class=\"size-thumbnail wp-image-1861 alignleft\" alt=\"Screen Shot 2014-09-19 at 8.38.38 PM\" src=\"http:\/\/kostolna.fara.sk\/wp-content\/uploads\/2014\/09\/Screen-Shot-2014-09-19-at-8.38.38-PM-150x150.png\" width=\"150\" height=\"150\" \/><\/a><\/p>\n<p>&nbsp;<\/p>\n<h2>PRIDAJ SA K N\u00c1M!<\/h2>\n<p>Aj v\u00a0tomto roku Sedembolestnej Panny M\u00e1rie poz\u00fdvame k\u00a0p\u00f4stu a\u00a0modlitb\u00e1m za k\u0148azov. <!--more-->40-d\u0148ov\u00e1 re\u0165az p\u00f4stu a\u00a0modlitieb bude trva\u0165 od sviatku Sedembolestnej Panny M\u00e1rie, teda od 15.9. do 24.10.2014. Ak sa zapoj\u00ed\u0161, m\u00f4\u017ee\u0161 si vybra\u0165 \u013eubovo\u013en\u00fd de\u0148 (pr\u00edpadne aj viac) v\u00a0tomto obdob\u00ed a\u00a0obetova\u0165 ho za na\u0161ich duchovn\u00fdch otcov.<\/p>\n<h2>ZA \u010cO SA POSTI\u0164 A MODLI\u0164?<\/h2>\n<p>P\u00f4stne \u00famysly m\u00f4\u017eu by\u0165 r\u00f4zne. Na\u0161e obety a\u00a0modlitby potrebuj\u00fa aj k\u0148azi star\u00ed a chor\u00ed. K\u0148azi so zranen\u00fdm srdcom, sp\u00fatan\u00ed r\u00f4znymi z\u00e1vislos\u0165ami, alebo tak\u00ed, ktor\u00ed sa c\u00edtia vyhoren\u00ed. P\u00f4st m\u00f4\u017ee\u0161 obetova\u0165 za pastiera vo svojej farnosti, za k\u0148aza, ktor\u00fd \u0165a krstil, \u010di vysl\u00fa\u017eil a aj dnes vysluhuje sviatosti. Ale aj za t\u00fdch k\u0148azov, ktor\u00ed ti najviac pomohli na ceste k\u00a0Bohu. M\u00f4\u017ee\u0161 ho tie\u017e obetova\u0165 za nov\u00e9 povolania do k\u0148azstva, \u010di za odvahu pre chlapcov urobi\u0165 konkr\u00e9tne rozhodnutie ako reakciu na Bo\u017eie povolanie.<\/p>\n<h2>AKO SA POSTI\u0164?<\/h2>\n<p>Odpor\u00fa\u010dame p\u00f4st, ako ho v\u00a0Katol\u00edckej cirkvi pre\u017e\u00edvame na Popolcov\u00fa stredu a\u00a0Ve\u013ek\u00fd piatok. To znamen\u00e1, \u017ee iba raz za de\u0148 sa dos\u00fdta najes\u0165 a\u00a0zdr\u017ea\u0165 sa m\u00e4sit\u00e9ho jedla. Ak m\u00e1\u0161 zdravotn\u00e9 obmedzenia a\u00a0nem\u00f4\u017ee\u0161 sa t\u00fdmto sp\u00f4sobom posti\u0165, m\u00f4\u017ee\u0161 si vybra\u0165 in\u00fa, tebe primeran\u00fa, formu p\u00f4stu..<\/p>\n<h2>PROSBA K\u0147AZOM<\/h2>\n<p>Spolo\u010denstvo Modlitby za k\u0148azov pros\u00ed aj samotn\u00fdch k\u0148azov, aby sa k\u00a0p\u00f4stu pripojili a\u00a0odsl\u00fa\u017eili na tento \u00famysel sv\u00e4t\u00e9 om\u0161e.<\/p>\n<h2>PO\u017dEHNANIE<\/h2>\n<p>Akciu podporuj\u00fa obaja metropoliti &#8211; o. arcibiskup Mons. Stanislav Zvolensk\u00fd, aj o. arcibiskup Mons. Bernard Bober a dali jej svoje po\u017eehnanie. Rovnako tak aj bratislavsk\u00fd eparcha Gr\u00e9ckokatol\u00edckej cirkvi vladyka Peter Rusn\u00e1k.<\/p>\n<p><a title=\"PZK2014\" href=\"http:\/\/mzk.sk\/postaput\/post.html\" target=\"_blank\" rel=\"noopener noreferrer\">Viac inform\u00e1ci\u00ed n\u00e1jdete tu:<\/a><\/p>\n<table cellspacing=\"0\" cellpadding=\"0\">\n<tbody>\n<tr>\n<td valign=\"top\">D\u00e1tum<\/td>\n<td valign=\"top\">De\u0148<\/td>\n<td valign=\"top\">Meno a priezvisko<\/td>\n<\/tr>\n<tr>\n<td valign=\"top\">15.9.<\/td>\n<td valign=\"top\">pondelok<\/td>\n<td valign=\"top\"><\/td>\n<\/tr>\n<tr>\n<td valign=\"top\">16.9.<\/td>\n<td valign=\"top\">utorok<\/td>\n<td valign=\"top\"><\/td>\n<\/tr>\n<tr>\n<td valign=\"top\">17.9.<\/td>\n<td valign=\"top\">streda<\/td>\n<td valign=\"top\"><\/td>\n<\/tr>\n<tr>\n<td valign=\"top\">18.9.<\/td>\n<td valign=\"top\">\u0161tvrtok<\/td>\n<td valign=\"top\"><\/td>\n<\/tr>\n<tr>\n<td valign=\"top\">19.9.<\/td>\n<td valign=\"top\">piatok<\/td>\n<td valign=\"top\"><\/td>\n<\/tr>\n<tr>\n<td valign=\"top\">20.9.<\/td>\n<td valign=\"top\">sobota<\/td>\n<td valign=\"top\"><\/td>\n<\/tr>\n<tr>\n<td valign=\"top\">21.9.<\/td>\n<td valign=\"top\">nede\u013ea<\/td>\n<td valign=\"top\">Jasenovcovi<\/td>\n<\/tr>\n<tr>\n<td valign=\"top\">22.9.<\/td>\n<td valign=\"top\">pondelok<\/td>\n<td valign=\"top\">\u00a0P.G.<\/td>\n<\/tr>\n<tr>\n<td valign=\"top\">23.9.<\/td>\n<td valign=\"top\">utorok<\/td>\n<td valign=\"top\">\u00a0KM<\/td>\n<\/tr>\n<tr>\n<td valign=\"top\">24.9.<\/td>\n<td valign=\"top\">streda<\/td>\n<td valign=\"top\">Jasenovcovi,G.Zs.<\/td>\n<\/tr>\n<tr>\n<td valign=\"top\">25.9.<\/td>\n<td valign=\"top\">\u0161tvrtok<\/td>\n<td valign=\"top\">\u0160illovci<\/td>\n<\/tr>\n<tr>\n<td valign=\"top\">26.9.<\/td>\n<td valign=\"top\">piatok<\/td>\n<td valign=\"top\">E.G.<\/td>\n<\/tr>\n<tr>\n<td valign=\"top\">27.9.<\/td>\n<td valign=\"top\">sobota<\/td>\n<td valign=\"top\">Jasenovcovi<\/td>\n<\/tr>\n<tr>\n<td valign=\"top\">28.9.<\/td>\n<td valign=\"top\">nede\u013ea<\/td>\n<td valign=\"top\"><\/td>\n<\/tr>\n<tr>\n<td valign=\"top\">29.9.<\/td>\n<td valign=\"top\">pondelok<\/td>\n<td valign=\"top\">E.G.<\/td>\n<\/tr>\n<tr>\n<td valign=\"top\">30.9.<\/td>\n<td valign=\"top\">utorok<\/td>\n<td valign=\"top\"><\/td>\n<\/tr>\n<tr>\n<td valign=\"top\">1.10.<\/td>\n<td valign=\"top\">streda<\/td>\n<td valign=\"top\">E.G.,M.J.<\/td>\n<\/tr>\n<tr>\n<td valign=\"top\">2.10.<\/td>\n<td valign=\"top\">\u0161tvrtok<\/td>\n<td valign=\"top\">T.Cs.<\/td>\n<\/tr>\n<tr>\n<td valign=\"top\">3.10.<\/td>\n<td valign=\"top\">piatok<\/td>\n<td valign=\"top\">E.G.<\/td>\n<\/tr>\n<tr>\n<td valign=\"top\">4.10.<\/td>\n<td valign=\"top\">sobota<\/td>\n<td valign=\"top\">Snincakovci<\/td>\n<\/tr>\n<tr>\n<td valign=\"top\">5.10.<\/td>\n<td valign=\"top\">nede\u013ea<\/td>\n<td valign=\"top\">bohuzn\u00e1ma<\/td>\n<\/tr>\n<tr>\n<td valign=\"top\">6.10.<\/td>\n<td valign=\"top\">pondelok<\/td>\n<td valign=\"top\">EFR,E.G.<\/td>\n<\/tr>\n<tr>\n<td valign=\"top\">7.10.<\/td>\n<td valign=\"top\">utorok<\/td>\n<td valign=\"top\">M<\/td>\n<\/tr>\n<tr>\n<td valign=\"top\">8.10.<\/td>\n<td valign=\"top\">streda<\/td>\n<td valign=\"top\">M.J,E.G.<\/td>\n<\/tr>\n<tr>\n<td valign=\"top\">9.10.<\/td>\n<td valign=\"top\">\u0161tvrtok<\/td>\n<td valign=\"top\">M.J.<\/td>\n<\/tr>\n<tr>\n<td valign=\"top\">10.10.<\/td>\n<td valign=\"top\">piatok<\/td>\n<td valign=\"top\">Jasenovcovi,E.G.<\/td>\n<\/tr>\n<tr>\n<td valign=\"top\">11.10.<\/td>\n<td valign=\"top\">sobota<\/td>\n<td valign=\"top\">\u00a0<span class=\"Apple-style-span\" style=\"font-family: Consolas, Monaco, monospace; font-size: 12px; line-height: 18px; white-space: pre;\">Snincakovci<\/span><\/td>\n<\/tr>\n<tr>\n<td valign=\"top\">12.10.<\/td>\n<td valign=\"top\">nede\u013ea<\/td>\n<td valign=\"top\">m<\/td>\n<\/tr>\n<tr>\n<td valign=\"top\">13.10.<\/td>\n<td valign=\"top\">pondelok<\/td>\n<td valign=\"top\">E.G.<\/td>\n<\/tr>\n<tr>\n<td valign=\"top\">14.10.<\/td>\n<td valign=\"top\">utorok<\/td>\n<td valign=\"top\">Jasenovcovi<\/td>\n<\/tr>\n<tr>\n<td valign=\"top\">15.10.<\/td>\n<td valign=\"top\">streda<\/td>\n<td valign=\"top\">E.G.<\/td>\n<\/tr>\n<tr>\n<td valign=\"top\">16.10.<\/td>\n<td valign=\"top\">\u0161tvrtok<\/td>\n<td valign=\"top\">P.G.,M.J<\/td>\n<\/tr>\n<tr>\n<td valign=\"top\">17.10.<\/td>\n<td valign=\"top\">piatok<\/td>\n<td valign=\"top\">A.G,Matu\u0161 Ferdinand,E.G.<\/td>\n<\/tr>\n<tr>\n<td valign=\"top\">18.10.<\/td>\n<td valign=\"top\">sobota<\/td>\n<td valign=\"top\">\u00a0Monika Barisova<\/td>\n<\/tr>\n<tr>\n<td valign=\"top\">19.10.<\/td>\n<td valign=\"top\">nede\u013ea<\/td>\n<td valign=\"top\"><\/td>\n<\/tr>\n<tr>\n<td valign=\"top\">20.10.<\/td>\n<td valign=\"top\">pondelok<\/td>\n<td valign=\"top\">E.G.<\/td>\n<\/tr>\n<tr>\n<td valign=\"top\">21.10.<\/td>\n<td valign=\"top\">utorok<\/td>\n<td valign=\"top\">\u010dlenovia M\u00e1ra L\u00e9gie,M.J<\/td>\n<\/tr>\n<tr>\n<td valign=\"top\">22.10.<\/td>\n<td valign=\"top\">streda<\/td>\n<td valign=\"top\">Karol a Anna Gajdo\u0161ov\u00ed,E.G.<\/td>\n<\/tr>\n<tr>\n<td valign=\"top\">23.10.<\/td>\n<td valign=\"top\">\u0161tvrtok<\/td>\n<td valign=\"top\">Mi\u0161kovci<\/td>\n<\/tr>\n<tr>\n<td valign=\"top\">24.10.<\/td>\n<td valign=\"top\">piatok<\/td>\n<td valign=\"top\">E.G.,M.J<\/td>\n<\/tr>\n<\/tbody>\n<\/table>\n<p>&nbsp;<\/p>\n<p>Formular na zapisanie sa na p\u00f4st.<\/p>\n<p><a href=\"http:\/\/kostolna.fara.sk\/wp-content\/uploads\/2014\/09\/tab_post_20141.pdf\">tab_post_2014<\/a><\/p>\n<p><em><strong>Formul\u00e1r prihl\u00e1senia k modlitbe za k\u0148azov<\/strong><\/em><\/p>\n<p class=\"wpcf7-contact-form-not-found\"><strong>Error:<\/strong> Contact form not found.<\/p>\n","protected":false},"excerpt":{"rendered":"<p>&nbsp; PRIDAJ SA K N\u00c1M! Aj v\u00a0tomto roku Sedembolestnej Panny M\u00e1rie poz\u00fdvame k\u00a0p\u00f4stu a\u00a0modlitb\u00e1m za k\u0148azov.<\/p>\n","protected":false},"author":1,"featured_media":1861,"comment_status":"closed","ping_status":"closed","sticky":false,"template":"","format":"standard","meta":{"footnotes":""},"categories":[6],"tags":[24],"class_list":{"0":"entry","1":"post","2":"publish","3":"author-marian-jasenoveceltras-sk","4":"has-excerpt","5":"has-more-link","6":"post-1858","8":"format-standard","9":"has-post-thumbnail","10":"category-aktuality-sk","11":"post_tag-aktuality"},"_links":{"self":[{"href":"https:\/\/www.farakostolna.sk\/index.php?rest_route=\/wp\/v2\/posts\/1858","targetHints":{"allow":["GET"]}}],"collection":[{"href":"https:\/\/www.farakostolna.sk\/index.php?rest_route=\/wp\/v2\/posts"}],"about":[{"href":"https:\/\/www.farakostolna.sk\/index.php?rest_route=\/wp\/v2\/types\/post"}],"author":[{"embeddable":true,"href":"https:\/\/www.farakostolna.sk\/index.php?rest_route=\/wp\/v2\/users\/1"}],"replies":[{"embeddable":true,"href":"https:\/\/www.farakostolna.sk\/index.php?rest_route=%2Fwp%2Fv2%2Fcomments&post=1858"}],"version-history":[{"count":0,"href":"https:\/\/www.farakostolna.sk\/index.php?rest_route=\/wp\/v2\/posts\/1858\/revisions"}],"wp:featuredmedia":[{"embeddable":true,"href":"https:\/\/www.farakostolna.sk\/index.php?rest_route=\/"}],"wp:attachment":[{"href":"https:\/\/www.farakostolna.sk\/index.php?rest_route=%2Fwp%2Fv2%2Fmedia&parent=1858"}],"wp:term":[{"taxonomy":"category","embeddable":true,"href":"https:\/\/www.farakostolna.sk\/index.php?rest_route=%2Fwp%2Fv2%2Fcategories&post=1858"},{"taxonomy":"post_tag","embeddable":true,"href":"https:\/\/www.farakostolna.sk\/index.php?rest_route=%2Fwp%2Fv2%2Ftags&post=1858"}],"curies":[{"name":"wp","href":"https:\/\/api.w.org\/{rel}","templated":true}]}}