{"id":1853,"date":"2014-08-20T21:28:31","date_gmt":"2014-08-20T21:28:31","guid":{"rendered":"http:\/\/kostolna.fara.sk\/?p=1853"},"modified":"2014-08-20T21:28:31","modified_gmt":"2014-08-20T21:28:31","slug":"put-do-rima-irany-roma","status":"publish","type":"post","link":"https:\/\/www.farakostolna.sk\/?p=1853","title":{"rendered":"P\u00fa\u0165 do R\u00edma \/ Ir\u00e1ny R\u00f3ma!"},"content":{"rendered":"<p>\t\t\t\t<a href=\"http:\/\/kostolna.fara.sk\/wp-content\/uploads\/2014\/09\/P8182228.jpg\"><img loading=\"lazy\" decoding=\"async\" class=\"size-thumbnail wp-image-1854 alignleft\" alt=\"P8182228\" src=\"http:\/\/kostolna.fara.sk\/wp-content\/uploads\/2014\/09\/P8182228-150x150.jpg\" width=\"150\" height=\"150\" \/><\/a>V auguste sa na\u0161i skautsk\u00fd ved\u00faci a\u00a0skautsk\u00fd ved\u00faci z\u00a0Gab\u010d\u00edkova spolu s\u00a0mlad\u00fdmi z\u00a0farnosti Kuchy\u0148a z\u00fa\u010dastnili na p\u00fati v\u00a0R\u00edme. Okrem ve\u010dn\u00e9ho mesta nav\u0161t\u00edvili aj Ben\u00e1tky, Assisi \u2013 mesto sv. Franti\u0161ka a\u00a0sv. Kl\u00e1ry a\u00a0San Marino. <!--more-->Po\u010das audencie na N\u00e1mest\u00ed sv. Petra sa ocitli v\u00a0bl\u00edzkosti p\u00e1pe\u017ea Franti\u0161ka. Okrem n\u00e1v\u0161tevy sv\u00e4t\u00fd\u0148, pamiatok a zauj\u00edmavost\u00ed Vatik\u00e1nu a\u00a0R\u00edma sa ok\u00fapali aj v\u00a0mori. Sprev\u00e1dzali ich o. Pali a\u00a0o. Marek, ktor\u00fdm patr\u00ed ve\u013ek\u00e1 v\u010faka za nezabudnute\u013en\u00e9 spomienky!<\/p>\n<p><a title=\"s mladymi v Rime 2014\" href=\"https:\/\/plus.google.com\/u\/0\/photos\/113195793245664134546\/albums\/6058642280222783537\" target=\"_blank\" rel=\"noopener noreferrer\">Fotky \/ F\u00e9nyk\u00e9pek:<\/a><\/p>\n<p>V\u00e9gre el\u00e9rkezett a\u00a0v\u00e1rva v\u00e1rt nap, pontosabban augusztus 17. A nap, amikor R\u00f3ma fel\u00e9 vett\u00fck az ir\u00e1nyt. Az egyh\u00e1zfai mise ut\u00e1n t\u00edzen (Pali atya, Szaky, Andy, Moncsi, D\u00e1vid, J\u00f3zsi, Gyuri, Szabi, Jarka \u00e9s \u00e9n) besz\u00e1lltunk Pali atya \u00e9s Tibi aut\u00f3j\u00e1ba, \u00e9s indulhatott a nagy kaland. B\u00e9cs ut\u00e1n m\u00e9g \u00f6ten csatlakoztak hozz\u00e1nk Kuchy\u0148\u00e1b\u00f3l Marek atya vezet\u00e9s\u00e9vel.<\/p>\n<p>Miut\u00e1n v\u00e9gigaut\u00f3ztunk eg\u00e9sz Ausztri\u00e1n, el\u00e9rt\u00fck els\u0151 \u00e1llom\u00e1sunkat, m\u00e9gpedig Velenc\u00e9t. Csod\u00e1latos kil\u00e1t\u00e1s ny\u00edlt a Szent M\u00e1rk t\u00e9rr\u0151l, pont naplement\u00e9re \u00e9rt\u00fcnk oda. Nem hi\u00e1nyozhattak az er\u0151szakos r\u00f3zsa\u00e1rusok sem, \u00edgy h\u00e1t mi, l\u00e1nyok nem \u00fasztuk meg az ottl\u00e9tet v\u00f6r\u00f6s r\u00f3zs\u00e1k n\u00e9lk\u00fcl. Majd Pali atya elvitte a fi\u00fakat cs\u00f3nak\u00e1zni, amit biztos nem fognak egy ideig elfelejteni. Visszafel\u00e9 a parkol\u00f3n\u00e1l r\u00f6gt\u00f6n \u201ej\u00f3\u201d h\u00edr v\u00e1rt benn\u00fcnket: b\u00fcntet\u00e9st kapott mindh\u00e1rom kocsi. Szerencs\u00e9re nem volt nagy \u00f6sszeg. Ezut\u00e1n folytathattuk utunkat Assisi fel\u00e9. K\u00e9t \u00e9s f\u00e9l \u00f3r\u00e1nyi alv\u00e1s ut\u00e1n nem csod\u00e1lkoztam, hogy sokunknak kiss\u00e9 morcos kedve volt. Ha azonban l\u00e1tni akartunk valamit, az\u00e9rt meg kellett k\u00fczdeni. Reggel h\u00e9tkor r\u00e9szt vett\u00fcnk egy olasz szentmis\u00e9n, majd bej\u00e1rtuk az Assisi Szent Ferenchez kapcsol\u00f3d\u00f3 helyeket. A reggelire csak valahogy 11 k\u00f6r\u00fcl siker\u00fclt id\u0151t sz\u00e1nnunk, a sok l\u00e1tnival\u00f3 mellett nem jutott id\u0151 az ev\u00e9sre. Bej\u00e1rtuk Assisit, ezt a csod\u00e1latos, hangulatos v\u00e1rost. Megn\u00e9zt\u00fck a Szent Kl\u00e1ra-kolostort \u00e9s a pl\u00e9b\u00e1nos \u00far elmondta Assisi Szent Ferenc \u00e9s Szent Kl\u00e1ra t\u00f6rt\u00e9net\u00e9t.<\/p>\n<p>H\u00e9tf\u0151 d\u00e9lut\u00e1n \u00e9rkezt\u00fcnk meg R\u00f3m\u00e1ba. El\u0151sz\u00f6r megpihent\u00fcnk kicsit a Szent P\u00e9ter t\u00e9ren, majd elfoglaltuk sz\u00e1ll\u00e1shely\u00fcnket, amely k\u00f6zvetlen\u00fcl a Vatik\u00e1n falai mellett volt. K\u00f6zben a h\u00e1rom sof\u0151r elvitte az aut\u00f3kat leparkolni, ahogy Szaky fogalmazott: a \u201er\u00f3mai Bronxba\u201d.<\/p>\n<p>Kedden a Szent P\u00e9ter-bazilik\u00e1ban vett\u00fcnk r\u00e9szt szentmis\u00e9n, ahol csatlakozott hozz\u00e1nk egy m\u00e1sik csoport is Szlov\u00e1ki\u00e1b\u00f3l. A bazilika hatalmas, az eg\u00e9sz d\u00e9lel\u0151tt\u00f6t ott t\u00f6lt\u00f6tt\u00fck. Felment\u00fcnk a kupol\u00e1ba, ahonnan csod\u00e1latos l\u00e1tv\u00e1ny t\u00e1rult el\u00e9nk: bel\u00e1thattuk szinte eg\u00e9sz R\u00f3m\u00e1t. Eb\u00e9d ut\u00e1n bejutottunk a Vatik\u00e1ni M\u00fazeumba, s megcsod\u00e1ltuk a Sixtus-k\u00e1poln\u00e1t; azt sem tudtam, hov\u00e1 n\u00e9zzek, hisz az ott tal\u00e1lhat\u00f3 festm\u00e9nyek gy\u00f6ny\u00f6r\u0171ek! \u00cdgy h\u00e1t nem is csoda, hogy J\u00f3zsival kicsit elkeveredt\u00fcnk a t\u00f6bbiekt\u0151l. Ez nem lett volna probl\u00e9ma, ha tudjuk, hogy mikor \u00e9s hol tal\u00e1lkozunk, a mobiljaink meg persze felmondt\u00e1k a szolg\u00e1latot. Szerencs\u00e9re szlov\u00e1k sz\u00f3t hallottam, tudtam telefont k\u00e9rni, \u00e9s felh\u00edvtam a pl\u00e9b\u00e1nosunkat. Csak ut\u00e1na gondoltam bele, hogy biztos nem v\u00e9letlen, hogy \u00e9pp egy szlov\u00e1k szerzetesn\u0151v\u00e9rbe botlottunk. D\u00e9lut\u00e1n v\u00e9gign\u00e9zt\u00fck (vagy ink\u00e1bb v\u00e9gigfutottuk?) a k\u00f6zelben l\u00e9v\u0151 nevezetes templomokat, \u00e9p\u00fcleteket. Egyik legnagyobb \u00e9lm\u00e9nyem az volt, mikor a h\u00e1rom b\u0151si fi\u00fa felvitt minket: Andit, Moncsit \u00e9s engem a Spanyol l\u00e9pcs\u0151n. Persze nem ak\u00e1rhogy, hanem a nyakukban. Bement\u00fcnk a Pantheonba, v\u00e9gigs\u00e9t\u00e1ltunk a Piazza Navon\u00e1n, megn\u00e9zt\u00fck a Trevi-kutat, amelyet \u00e9pp renov\u00e1lnak. S\u00f6t\u00e9ted\u00e9skor \u00e9rt\u00fcnk el a Piazza Del Popol\u00f3hoz, ahonnan l\u00e1thattuk messzir\u0151l kivil\u00e1g\u00edtva a Szent P\u00e9ter teret. Visszafel\u00e9 pedig az Angyalv\u00e1r mellett haladtunk el. Este mindenki holtf\u00e1radtan esett az \u00e1gy\u00e1ba.<\/p>\n<p>Szerd\u00e1n audienci\u00e1n vett\u00fcnk r\u00e9szt, s l\u00e1thattuk Ferenc p\u00e1p\u00e1t, aki kb. 5 m\u00e9terre haladt el mellett\u00fcnk. Hihetetlen \u00e9lm\u00e9ny volt. Nem hittem volna, hogy valaha ilyen k\u00f6zel lehetek majd a katolikus egyh\u00e1z fej\u00e9hez.<\/p>\n<p>Pali aty\u00e1nak egy szlov\u00e1k szerzetes k\u00f6zrem\u0171k\u00f6d\u00e9s\u00e9vel siker\u00fclt elint\u00e9znie, hogy bejuthassunk a Vatik\u00e1ni Kertekbe. Nem tudtuk hova kapni a fej\u00fcnket, annyi sz\u00e9pet l\u00e1ttunk. Sz\u00f6k\u0151kutak, szobrok, n\u00f6v\u00e9nyek az eg\u00e9sz vil\u00e1gb\u00f3l, \u00e9s a h\u00e1tt\u00e9rben v\u00e9gig ott volt a Szent P\u00e9ter-bazilika kupol\u00e1ja. Elmondhatjuk magunkr\u00f3l, hogy olyan helyen voltunk, ahova nem juthat el mindenki.<\/p>\n<p>A nap tov\u00e1bbi r\u00e9sz\u00e9ben egy kisebb \u201emaratont\u201d tett\u00fcnk meg. Gyors temp\u00f3ban elgyalogoltunk a later\u00e1ni bazilik\u00e1hoz, amely egy\u00e1ltal\u00e1n nincs k\u00f6zel. M\u00e1r alig b\u00edrtunk menni, el sem tudtuk k\u00e9pzelni, hogy Pali aty\u00e1nak honnan van ennyi energi\u00e1ja. T\u00e9rden \u00e1llva felment\u00fcnk a Szent L\u00e9pcs\u0151k\u00f6n is. \u00c1tszelt\u00fck a legnagyobb melegben a Circus Maximust, \u00e9s v\u00e9gre eljutottunk a Colosseumhoz. Sajnos be m\u00e1r nem jutottunk, de az\u00e9rt \u00edgy is nagy \u00e9lm\u00e9ny volt megker\u00fclni ezt a sok mindent \u00e1t\u00e9lt \u00e9p\u00fcletet.<\/p>\n<p>A k\u00f6vetkez\u0151 nap m\u00e1r-m\u00e1r pihentet\u0151 volt az el\u0151z\u0151ekhez k\u00e9pest, hisz metr\u00f3val utaztunk. Eljutottunk a Szent P\u00e1l-bazilik\u00e1hoz, ahol volt id\u0151nk im\u00e1dkozni. Ut\u00e1na v\u00e1laszthattunk, ki hov\u00e1 szeretne menni. Marek atya a katakomb\u00e1kat szerette volna megn\u00e9zni, Pali atya pedig a tengert. \u00cdgy h\u00e1t n\u00e9gyen elmentek a katakomb\u00e1khoz, mi, t\u00f6bbiek pedig a tenger fel\u00e9 vett\u00fck az ir\u00e1nyt. Olyan j\u00f3 volt megm\u00e1rt\u00f3zni a h\u0171s tengerben az eg\u00e9sz napos h\u0151s\u00e9g ut\u00e1n! P\u00e1rszor \u00e1tcsaptak a hull\u00e1mok a fej\u00fcnk felett, de ez nem szegte kedv\u00fcnket. El\u00e9rkezett az utols\u00f3 vacsora ideje R\u00f3m\u00e1ban. Ekkor m\u00e1r term\u00e9szetesnek vett\u00fck, hogy a Szent P\u00e9ter t\u00e9ren s\u00e9t\u00e1lunk, vagy hogy az Angyalv\u00e1rat l\u00e1tjuk este kivil\u00e1g\u00edtva. A Piazza Navona mellett tal\u00e1ltunk egy \u00e9ttermet, ahova be\u00fclt\u00fcnk mind a tizen\u00f6ten. Sokan pizz\u00e1t rendeltek, valaki spagettit, \u00e9n szem\u00e9ly szerint igazi olasz lasagn\u00e1t. Nagyon finom volt.<\/p>\n<p>Az utols\u00f3 napon elb\u00facs\u00faztunk a kuchy\u0148aiakt\u00f3l, mivel \u0151k m\u00e1s \u00faton indultak hazafel\u00e9. B\u00facs\u00fat intett\u00fcnk R\u00f3m\u00e1nak, ennek a r\u00e9gi, kult\u00far\u00e1ban gazdag v\u00e1rosnak, ahol sok \u00e9lm\u00e9nnyel gazdagodtunk. \u00daton hazafel\u00e9 meg\u00e1lltunk m\u00e9g San Marin\u00f3ban. Ez a kis v\u00e1ros\u00e1llam magasan fekszik, \u00edgy csod\u00e1latos kil\u00e1t\u00e1s ny\u00edlt a v\u00e1rost k\u00f6r\u00fclvev\u0151 falakr\u00f3l. S\u00e9t\u00e1ltunk egyet, majd besz\u00e1lltunk az aut\u00f3kba, \u00e9s ism\u00e9t hossz\u00fa \u00fat v\u00e1rt r\u00e1nk haz\u00e1ig. Az est\u00e9t az olasz\u2013osztr\u00e1k hat\u00e1rn\u00e1l elter\u00fcl\u0151 W\u00f6rthersee mellett t\u00f6lt\u00f6tt\u00fck. Szombaton \u00e9bred\u00e9s ut\u00e1n m\u00e9g \u00f6t\u00f3r\u00e1nyi \u00fat v\u00e1rt r\u00e1nk haz\u00e1ig.<\/p>\n<p>Elmondhatom, hogy egy feledhetetlen zar\u00e1ndoklat \u00e9s egyben kir\u00e1ndul\u00e1s is volt ez. A f\u00e1radts\u00e1got k\u00e1rp\u00f3tolja a rengeteg \u00e9lm\u00e9ny \u00e9s az \u00faj bar\u00e1tok. K\u00f6sz\u00f6nj\u00fck Pali aty\u00e1nak, hogy elvitt minket ide!<\/p>\n<p><i>Gujber Gabriella<\/i>\t\t\t\t<\/p>\n","protected":false},"excerpt":{"rendered":"<p>V auguste sa na\u0161i skautsk\u00fd ved\u00faci a\u00a0skautsk\u00fd ved\u00faci z\u00a0Gab\u010d\u00edkova spolu s\u00a0mlad\u00fdmi z\u00a0farnosti Kuchy\u0148a z\u00fa\u010dastnili na p\u00fati v\u00a0R\u00edme. Okrem ve\u010dn\u00e9ho mesta nav\u0161t\u00edvili aj Ben\u00e1tky, Assisi \u2013 mesto sv. Franti\u0161ka a\u00a0sv. Kl\u00e1ry a\u00a0San Marino.<\/p>\n","protected":false},"author":1,"featured_media":1854,"comment_status":"closed","ping_status":"closed","sticky":false,"template":"","format":"standard","meta":{"footnotes":""},"categories":[6],"tags":[24],"class_list":{"0":"entry","1":"post","2":"publish","3":"author-marian-jasenoveceltras-sk","4":"has-excerpt","5":"has-more-link","6":"post-1853","8":"format-standard","9":"has-post-thumbnail","10":"category-aktuality-sk","11":"post_tag-aktuality"},"_links":{"self":[{"href":"https:\/\/www.farakostolna.sk\/index.php?rest_route=\/wp\/v2\/posts\/1853","targetHints":{"allow":["GET"]}}],"collection":[{"href":"https:\/\/www.farakostolna.sk\/index.php?rest_route=\/wp\/v2\/posts"}],"about":[{"href":"https:\/\/www.farakostolna.sk\/index.php?rest_route=\/wp\/v2\/types\/post"}],"author":[{"embeddable":true,"href":"https:\/\/www.farakostolna.sk\/index.php?rest_route=\/wp\/v2\/users\/1"}],"replies":[{"embeddable":true,"href":"https:\/\/www.farakostolna.sk\/index.php?rest_route=%2Fwp%2Fv2%2Fcomments&post=1853"}],"version-history":[{"count":0,"href":"https:\/\/www.farakostolna.sk\/index.php?rest_route=\/wp\/v2\/posts\/1853\/revisions"}],"wp:featuredmedia":[{"embeddable":true,"href":"https:\/\/www.farakostolna.sk\/index.php?rest_route=\/"}],"wp:attachment":[{"href":"https:\/\/www.farakostolna.sk\/index.php?rest_route=%2Fwp%2Fv2%2Fmedia&parent=1853"}],"wp:term":[{"taxonomy":"category","embeddable":true,"href":"https:\/\/www.farakostolna.sk\/index.php?rest_route=%2Fwp%2Fv2%2Fcategories&post=1853"},{"taxonomy":"post_tag","embeddable":true,"href":"https:\/\/www.farakostolna.sk\/index.php?rest_route=%2Fwp%2Fv2%2Ftags&post=1853"}],"curies":[{"name":"wp","href":"https:\/\/api.w.org\/{rel}","templated":true}]}}