{"id":1849,"date":"2014-09-06T21:25:39","date_gmt":"2014-09-06T21:25:39","guid":{"rendered":"http:\/\/kostolna.fara.sk\/?p=1849"},"modified":"2014-09-06T21:25:39","modified_gmt":"2014-09-06T21:25:39","slug":"put-v-baci-bucsu-bacsfa-szentantalon","status":"publish","type":"post","link":"https:\/\/www.farakostolna.sk\/?p=1849","title":{"rendered":"P\u00fa\u0165 v B\u00e1\u010di \/ B\u00facs\u00fa Bacsfa-Szentantalon"},"content":{"rendered":"<p>\t\t\t\t<a href=\"http:\/\/kostolna.fara.sk\/wp-content\/uploads\/2014\/09\/P1080229.jpg\"><img loading=\"lazy\" decoding=\"async\" class=\"size-thumbnail wp-image-1850 alignleft\" alt=\"P1080229\" src=\"http:\/\/kostolna.fara.sk\/wp-content\/uploads\/2014\/09\/P1080229-150x150.jpg\" width=\"150\" height=\"150\" \/><\/a>V\u00a0B\u00e1\u010di pri pr\u00edle\u017eitosti sviatku Narodenia Panny M\u00e1rie sl\u00e1vili sv\u00e4t\u00fa om\u0161u, ktorej hlavn\u00fdm celebrantom bol Gyula M\u00e1rfi, arcibiskup z\u00a0Veszpr\u00e9mu (Ma\u010farsko). <!--more-->Po sv\u00e4tej om\u0161i nasledovala procesia ulicami obce, cel\u00fa sl\u00e1vnos\u0165 ukon\u010dili po\u017eehnan\u00edm a\u00a0ucten\u00edm relikvi\u00ed. Na p\u00fati sa z\u00fa\u010dastnili aj \u010dlenovia na\u0161ej farnosti.<\/p>\n<p><a title=\"Bac\" href=\"https:\/\/plus.google.com\/u\/0\/photos\/113195793245664134546\/albums\/6056783455773892369\" target=\"_blank\" rel=\"noopener noreferrer\">Fotky \/ F\u00e9nyk\u00e9pek:<\/a><\/p>\n<p>\u2014\u2014\u2014\u2014\u2014\u2014\u2014\u2014\u2014\u2014\u2014\u2014\u2014\u2014\u2014\u2014\u2014\u2014\u2014\u2014\u2014\u2014\u2014\u2014\u2014\u2014\u2014\u2014\u2014\u2014\u2014\u2014\u2014\u2014\u2014\u2014\u2014\u2014\u2014\u2014\u2013<\/p>\n<p>Kisboldogasszony \u00fcnnepe alkalm\u00e1b\u00f3l, szeptember 6-\u00e1n szabadt\u00e9ri szentmis\u00e9t szolg\u00e1ltak Bacsfa-Szentantalon, amelynek f\u0151celebr\u00e1nsa M\u00e1rfi Gyula, veszpr\u00e9mi \u00e9rsek volt. A szentmis\u00e9t k\u00f6vet\u0151en szents\u00e9gi k\u00f6rmeneten vettek r\u00e9szt az \u00f6sszegy\u0171lt h\u00edvek. Az \u00fcnnep, amelyen pl\u00e9b\u00e1niak\u00f6zs\u00e9g\u00fcnk tagjai is r\u00e9szt vettek, szents\u00e9gi \u00e1ld\u00e1ssal \u00e9s ereklyetisztelettel z\u00e1rult a templomban. <i>Duray Rezs\u0151 \u00a0<\/i>\t\t\t\t<\/p>\n","protected":false},"excerpt":{"rendered":"<p>V\u00a0B\u00e1\u010di pri pr\u00edle\u017eitosti sviatku Narodenia Panny M\u00e1rie sl\u00e1vili sv\u00e4t\u00fa om\u0161u, ktorej hlavn\u00fdm celebrantom bol Gyula M\u00e1rfi, arcibiskup z\u00a0Veszpr\u00e9mu (Ma\u010farsko).<\/p>\n","protected":false},"author":1,"featured_media":1850,"comment_status":"closed","ping_status":"closed","sticky":false,"template":"","format":"standard","meta":{"footnotes":""},"categories":[6],"tags":[24],"class_list":{"0":"entry","1":"post","2":"publish","3":"author-marian-jasenoveceltras-sk","4":"has-excerpt","5":"has-more-link","6":"post-1849","8":"format-standard","9":"has-post-thumbnail","10":"category-aktuality-sk","11":"post_tag-aktuality"},"_links":{"self":[{"href":"https:\/\/www.farakostolna.sk\/index.php?rest_route=\/wp\/v2\/posts\/1849","targetHints":{"allow":["GET"]}}],"collection":[{"href":"https:\/\/www.farakostolna.sk\/index.php?rest_route=\/wp\/v2\/posts"}],"about":[{"href":"https:\/\/www.farakostolna.sk\/index.php?rest_route=\/wp\/v2\/types\/post"}],"author":[{"embeddable":true,"href":"https:\/\/www.farakostolna.sk\/index.php?rest_route=\/wp\/v2\/users\/1"}],"replies":[{"embeddable":true,"href":"https:\/\/www.farakostolna.sk\/index.php?rest_route=%2Fwp%2Fv2%2Fcomments&post=1849"}],"version-history":[{"count":0,"href":"https:\/\/www.farakostolna.sk\/index.php?rest_route=\/wp\/v2\/posts\/1849\/revisions"}],"wp:featuredmedia":[{"embeddable":true,"href":"https:\/\/www.farakostolna.sk\/index.php?rest_route=\/"}],"wp:attachment":[{"href":"https:\/\/www.farakostolna.sk\/index.php?rest_route=%2Fwp%2Fv2%2Fmedia&parent=1849"}],"wp:term":[{"taxonomy":"category","embeddable":true,"href":"https:\/\/www.farakostolna.sk\/index.php?rest_route=%2Fwp%2Fv2%2Fcategories&post=1849"},{"taxonomy":"post_tag","embeddable":true,"href":"https:\/\/www.farakostolna.sk\/index.php?rest_route=%2Fwp%2Fv2%2Ftags&post=1849"}],"curies":[{"name":"wp","href":"https:\/\/api.w.org\/{rel}","templated":true}]}}