{"id":1821,"date":"2014-08-10T23:06:33","date_gmt":"2014-08-10T23:06:33","guid":{"rendered":"http:\/\/kostolna.fara.sk\/?p=1821"},"modified":"2014-08-10T23:06:33","modified_gmt":"2014-08-10T23:06:33","slug":"splav-maleho-dunaja","status":"publish","type":"post","link":"https:\/\/www.farakostolna.sk\/?p=1821","title":{"rendered":"Splav Mal\u00e9ho Dunaja"},"content":{"rendered":"<p>\t\t\t\t<a href=\"http:\/\/kostolna.fara.sk\/wp-content\/uploads\/2014\/08\/DSCN2045.jpg\"><img loading=\"lazy\" decoding=\"async\" class=\"size-thumbnail wp-image-1822 alignleft\" alt=\"DSCN2045\" src=\"http:\/\/kostolna.fara.sk\/wp-content\/uploads\/2014\/08\/DSCN2045-150x150.jpg\" width=\"150\" height=\"150\" \/><\/a>Ani tento rok na\u0161u farnos\u0165 neminul dal\u0161\u00ed ro\u010dn\u00edk splavu Mal\u00e9ho Dunaja s trasou za\u010d\u00ednaj\u00facou vo Vlkoch a kon\u010diacou v Jelke pri Mlyne. <!--more-->V\u0161etci sme sa zi\u0161li vo Vlkoch a ako nedo\u010dkav\u00ed morsk\u00ed vlci sme sa pripravili na nieko\u013eko hodinov\u00fd splav kde bolo c\u00edti\u0165 atmosf\u00e9ru nad\u0161enia a vzru\u0161enia z dobrodru\u017enej cesty. Po n\u00e1vrate \u0161of\u00e9rov, ktor\u00ed odviezli aut\u00e1 do Jelky pre jednoduch\u0161iu prepravu sp\u00e4\u0165 sme zah\u00e1jili splav spolo\u010dnou fotkou, modlitbou a nalo\u010fovan\u00edm na rieku. Cesta trvaj\u00faca cca 5 hod\u00edn n\u00e1s obohatila o nov\u00fdch priate\u013eov, z\u00e1\u017eitky, op\u00e1lenia \ud83d\ude42 a vn\u00fatorn\u00fd oddych. Po vyloden\u00ed v Jelke pri Mlyne sme hladn\u00ed docupitali k ohnisku, kde sme sa te\u0161ili z romantickej atmosf\u00e9ry po\u010das opekania r\u00f4znych gurm\u00e1nskych k\u00faskov jed\u00e1l \ud83d\ude42 a chyt\u013eavej hudby hranej na gitare v podan\u00ed n\u00e1\u0161ho p\u00e1na far\u00e1ra Paliho Gajdo\u0161a. Mysl\u00edm si, \u017ee ka\u017ed\u00fd si tu pri\u0161iel na svoje &#8211; rodi\u010dia, deti (aj tie najmen\u0161ie), d\u00f4chodcovia, \u0161kol\u00e1ci&#8230;vedenie splavu malo absol\u00fatne \u0161pi\u010dkov\u00fa organiz\u00e1ciu a vytvorilo priate\u013esk\u00fa n\u00e1ladu.<br \/>\n\u200b<\/p>\n<p><a title=\"Splav 2014\" href=\"https:\/\/plus.google.com\/u\/0\/photos\/113195793245664134546\/albums\/6053867430337450945\" target=\"_blank\" rel=\"noopener noreferrer\">Fotky \/ F\u00e9nyk\u00e9pek:<\/a><\/p>\n<p>\u2014\u2014\u2014\u2014\u2014\u2014\u2014\u2014\u2014\u2014\u2014\u2014\u2014\u2014\u2014\u2014\u2014\u2014\u2014\u2014\u2014\u2014\u2014\u2014\u2014\u2014\u2014\u2014\u2014\u2014\u2014\u2014\u2014\u2014\u2014\u2014\u2014\u2014\u2014\u2014\u2013<\/p>\n<p>&nbsp;<\/p>\n<p>Az id\u00e9n sem maradt ki pl\u00e9b\u00e1niak\u00f6zs\u00e9g\u00fcnk \u00e9let\u00e9b\u0151l a V\u0151k\u00f6n kezd\u0151d\u0151 \u00e9s a j\u00f3kai malomn\u00e1l v\u00e9get \u00e9r\u0151 cs\u00f3nakt\u00fara. Mindannyian V\u0151k\u00f6n tal\u00e1lkoztunk, s t\u00fcrelmetlen\u00fcl k\u00e9sz\u00fclt\u00fcnk a t\u00f6bb\u00f3r\u00e1s cs\u00f3nak\u00e1z\u00e1sra, mik\u00f6zben \u00e9rezhet\u0151v\u00e9 v\u00e1lt a kalandos \u00fat okozta lelkesed\u00e9s \u00e9s izgatott hangulat. Miut\u00e1n a sof\u0151r\u00f6k meg\u00e9rkeztek \u2013 J\u00f3k\u00e1ra vitt\u00e9k ugyanis az aut\u00f3kat, hogy egyszer\u0171bben hazajuthassunk \u2013, egy k\u00f6z\u00f6s f\u00e9nyk\u00e9ppel, im\u00e1val \u00e9s v\u00edzre sz\u00e1ll\u00e1ssal el is kezd\u0151dhetett a cs\u00f3nakt\u00fara. Az \u00f6t\u00f3r\u00e1s \u00fat sor\u00e1n \u00fajabb bar\u00e1tokkal, \u00e9lm\u00e9nyekkel, le\u00e9g\u00e9ssel gazdagodtunk J, s l\u00e9lekben megpihent\u00fcnk. Miut\u00e1n J\u00f3k\u00e1n partot \u00e9rt\u00fcnk, k\u00fcl\u00f6nf\u00e9le \u00ednyencfalatok\u00a0 s\u00fct\u00f6get\u00e9se J\u00e9s Gajdo\u0161 Pali atya git\u00e1rj\u00e1t\u00e9ka mellett \u00e9lvezt\u00fck a t\u0171z melletti romantikus hangulatot. \u00dagy gondolom, hogy a cs\u00f3nakt\u00far\u00e1n mindenki tal\u00e1lt kedv\u00e9re val\u00f3t: sz\u00fcl\u0151k, gyerekek (a legkisebbek is), nyugd\u00edjasok, iskol\u00e1sok egyar\u00e1nt. A szervez\u00e9s t\u00f6k\u00e9letes volt, \u00e9s siker\u00fcl nyitott, bar\u00e1ts\u00e1gos hangulatot teremteni.<\/p>\n<p>&nbsp;\t\t\t\t<\/p>\n","protected":false},"excerpt":{"rendered":"<p>Ani tento rok na\u0161u farnos\u0165 neminul dal\u0161\u00ed ro\u010dn\u00edk splavu Mal\u00e9ho Dunaja s trasou za\u010d\u00ednaj\u00facou vo Vlkoch a kon\u010diacou v Jelke pri Mlyne.<\/p>\n","protected":false},"author":1,"featured_media":1823,"comment_status":"closed","ping_status":"closed","sticky":false,"template":"","format":"standard","meta":{"footnotes":""},"categories":[6],"tags":[24],"class_list":{"0":"entry","1":"post","2":"publish","3":"author-marian-jasenoveceltras-sk","4":"has-excerpt","5":"has-more-link","6":"post-1821","8":"format-standard","9":"has-post-thumbnail","10":"category-aktuality-sk","11":"post_tag-aktuality"},"_links":{"self":[{"href":"https:\/\/www.farakostolna.sk\/index.php?rest_route=\/wp\/v2\/posts\/1821","targetHints":{"allow":["GET"]}}],"collection":[{"href":"https:\/\/www.farakostolna.sk\/index.php?rest_route=\/wp\/v2\/posts"}],"about":[{"href":"https:\/\/www.farakostolna.sk\/index.php?rest_route=\/wp\/v2\/types\/post"}],"author":[{"embeddable":true,"href":"https:\/\/www.farakostolna.sk\/index.php?rest_route=\/wp\/v2\/users\/1"}],"replies":[{"embeddable":true,"href":"https:\/\/www.farakostolna.sk\/index.php?rest_route=%2Fwp%2Fv2%2Fcomments&post=1821"}],"version-history":[{"count":0,"href":"https:\/\/www.farakostolna.sk\/index.php?rest_route=\/wp\/v2\/posts\/1821\/revisions"}],"wp:featuredmedia":[{"embeddable":true,"href":"https:\/\/www.farakostolna.sk\/index.php?rest_route=\/"}],"wp:attachment":[{"href":"https:\/\/www.farakostolna.sk\/index.php?rest_route=%2Fwp%2Fv2%2Fmedia&parent=1821"}],"wp:term":[{"taxonomy":"category","embeddable":true,"href":"https:\/\/www.farakostolna.sk\/index.php?rest_route=%2Fwp%2Fv2%2Fcategories&post=1821"},{"taxonomy":"post_tag","embeddable":true,"href":"https:\/\/www.farakostolna.sk\/index.php?rest_route=%2Fwp%2Fv2%2Ftags&post=1821"}],"curies":[{"name":"wp","href":"https:\/\/api.w.org\/{rel}","templated":true}]}}