{"id":1798,"date":"2014-06-28T20:35:22","date_gmt":"2014-06-28T20:35:22","guid":{"rendered":"http:\/\/kostolna.fara.sk\/?p=1798"},"modified":"2014-06-28T20:35:22","modified_gmt":"2014-06-28T20:35:22","slug":"modlitbove-trojdnie-jun-2014","status":"publish","type":"post","link":"https:\/\/www.farakostolna.sk\/?p=1798","title":{"rendered":"Modlitbov\u00e9 trojdnie J\u00fan 2014"},"content":{"rendered":"<p>\t\t\t\t<a href=\"http:\/\/kostolna.fara.sk\/wp-content\/uploads\/2014\/08\/140628-019.jpg\"><img loading=\"lazy\" decoding=\"async\" class=\"size-thumbnail wp-image-1812 alignleft\" alt=\"140628 019\" src=\"http:\/\/kostolna.fara.sk\/wp-content\/uploads\/2014\/08\/140628-019-150x150.jpg\" width=\"150\" height=\"150\" \/><\/a>Ke\u010f som po rodi\u010dovskej dovolenke nast\u00fapila do pr\u00e1ce, de\u0148 pred som za\u017eila panick\u00fd z\u00e1chvat ako z u\u010debnice. Tento n\u00e1val \u00fazkosti z odl\u00fa\u010denia od m\u00f4jho die\u0165a\u0165a sa opakoval, ke\u010f som videla matky s de\u0165mi cez obed\u0148aj\u0161iu prest\u00e1vku. <!--more-->Pomohlo mi opakova\u0165 si, \u017ee anjeli str\u00e1\u017eni s\u00fa st\u00e1le s n\u00edm a P\u00e1n Boh ho ochr\u00e1ni a \u017ee \u010di sme spolu, alebo nie, aj tak sme v\u0161etci v Bo\u017e\u00edch ruk\u00e1ch.<\/p>\n<p>Bl\u00edzkos\u0165 m\u00f4jho pracoviska k Bo\u017eiemu chr\u00e1mu mi tie\u017e pom\u00e1ha. M\u00f4\u017eem sa v \u0148om zastavi\u0165 r\u00e1no, alebo cez obed, po\u010fakova\u0165 Bohu a prosi\u0165 o ochranu, pomoc a pokoj. Tie\u017e je dobr\u00e9 prehodi\u0165 p\u00e1r slov s kolegy\u0148ami matkami a podpori\u0165 sa v spolo\u010dn\u00fdch radostiach a starostiach.<\/p>\n<p>Modlitbov\u00e9 trojdnie bolo iste vymyslen\u00e9 pre \u00fazkostliv\u00e9 matky ako ja, ktor\u00e9 potrebuj\u00fa podporu in\u00fdch matiek, po\u010du\u0165 ich pr\u00edbehy a vyznania, aby si pripomenuli, \u017ee sme v\u0161etci v Bo\u017e\u00edch ruk\u00e1ch, \u017ee P\u00e1n miluje na\u0161e deti viac ako my a \u017ee ich vie chr\u00e1ni\u0165 viac ako my. V spolo\u010dn\u00fdch pies\u0148ach nach\u00e1dzam svoje my\u0161lienky a city, ktor\u00e9 \u010dasto neviem da\u0165 do slov a takto m\u00f4\u017eem vyspieva\u0165 starosti a t\u00fa\u017eby du\u0161e.<\/p>\n<p>V\u010faka, \u017ee m\u00f4\u017eeme by\u0165 spolu mil\u00e9 matky a\u00a0\u017ee na\u0161e deti m\u00f4\u017eu tento \u010das vyu\u017ei\u0165 rovnako s nami. Je<br \/>\npovzn\u00e1\u0161aj\u00face spolu \u010fakova\u0165 a prosi\u0165, je dobr\u00e9 si pripomen\u00fa\u0165, \u017ee Boh miluje na\u0161e deti viac ako my.<br \/>\nDeti maj\u00fa radi piesne, hudobn\u00e9 n\u00e1stroje a aktivity spojen\u00e9 s modlitbami. Vesel\u00e9 a mil\u00e9 bolo napr\u00edklad spolo\u010dn\u00e9 ma\u013eovanie srdie\u010dka. Ke\u010f m\u00f4j syn i\u0161iel doma\u013eova\u0165 srdie\u010dko s ostatn\u00fdmi de\u0165mi,<br \/>\npri\u0161iel mi poveda\u0165: \u201eJe tro\u0161ku \u0161kared\u00e9, ale je pekn\u00e9.\u201c Som si pomyslela: Tak ako my \u2013 niekedy sme \u201e\u0161kared\u00ed\u201c, ale pre P\u00e1na sme st\u00e1le pekn\u00ed:)<\/p>\n<p>Mal\u00e9 agap\u00e9 je mil\u00e9. M\u00f4j syn sa ve\u013emi te\u0161il, \u017ee kol\u00e1\u010diky, ktor\u00e9 sme spolu piekli, a aj takto sa pripravovali a hovorili o modlen\u00ed a modlitebnom trojdn\u00ed, v\u0161etk\u00fdm chutili.<\/p>\n<p>Aj r\u00e1no cestou do pr\u00e1ce sa \u013eah\u0161ie kr\u00e1\u010da, ke\u010f si spievam pesni\u010dku z modlitebn\u00e9ho trojdnia: \u201e&#8230;lebo Ty si P\u00e1n, ve\u013ek\u00e9 veci rob\u00ed\u0161 n\u00e1m, nikto nie je ako Ty&#8230;\u201c<\/p>\n<p>\u010eakujeme Pane za dar modlitby.<\/p>\n<p><a title=\"MM 2014 Jun\" href=\"https:\/\/plus.google.com\/u\/0\/photos\/113195793245664134546\/albums\/6031833758840464577\" target=\"_blank\" rel=\"noopener noreferrer\">Fotky<\/a>\t\t\t\t<\/p>\n","protected":false},"excerpt":{"rendered":"<p>Ke\u010f som po rodi\u010dovskej dovolenke nast\u00fapila do pr\u00e1ce, de\u0148 pred som za\u017eila panick\u00fd z\u00e1chvat ako z u\u010debnice. Tento n\u00e1val \u00fazkosti z odl\u00fa\u010denia od m\u00f4jho die\u0165a\u0165a sa opakoval, ke\u010f som videla matky s de\u0165mi cez obed\u0148aj\u0161iu prest\u00e1vku.<\/p>\n","protected":false},"author":1,"featured_media":1809,"comment_status":"closed","ping_status":"closed","sticky":false,"template":"","format":"standard","meta":{"footnotes":""},"categories":[5],"tags":[24],"class_list":{"0":"entry","1":"post","2":"publish","3":"author-marian-jasenoveceltras-sk","4":"has-excerpt","5":"has-more-link","6":"post-1798","8":"format-standard","9":"has-post-thumbnail","10":"category-aktuality","11":"post_tag-aktuality"},"_links":{"self":[{"href":"https:\/\/www.farakostolna.sk\/index.php?rest_route=\/wp\/v2\/posts\/1798","targetHints":{"allow":["GET"]}}],"collection":[{"href":"https:\/\/www.farakostolna.sk\/index.php?rest_route=\/wp\/v2\/posts"}],"about":[{"href":"https:\/\/www.farakostolna.sk\/index.php?rest_route=\/wp\/v2\/types\/post"}],"author":[{"embeddable":true,"href":"https:\/\/www.farakostolna.sk\/index.php?rest_route=\/wp\/v2\/users\/1"}],"replies":[{"embeddable":true,"href":"https:\/\/www.farakostolna.sk\/index.php?rest_route=%2Fwp%2Fv2%2Fcomments&post=1798"}],"version-history":[{"count":0,"href":"https:\/\/www.farakostolna.sk\/index.php?rest_route=\/wp\/v2\/posts\/1798\/revisions"}],"wp:featuredmedia":[{"embeddable":true,"href":"https:\/\/www.farakostolna.sk\/index.php?rest_route=\/"}],"wp:attachment":[{"href":"https:\/\/www.farakostolna.sk\/index.php?rest_route=%2Fwp%2Fv2%2Fmedia&parent=1798"}],"wp:term":[{"taxonomy":"category","embeddable":true,"href":"https:\/\/www.farakostolna.sk\/index.php?rest_route=%2Fwp%2Fv2%2Fcategories&post=1798"},{"taxonomy":"post_tag","embeddable":true,"href":"https:\/\/www.farakostolna.sk\/index.php?rest_route=%2Fwp%2Fv2%2Ftags&post=1798"}],"curies":[{"name":"wp","href":"https:\/\/api.w.org\/{rel}","templated":true}]}}