{"id":1770,"date":"2014-06-30T04:30:06","date_gmt":"2014-06-30T04:30:06","guid":{"rendered":"http:\/\/kostolna.fara.sk\/?p=1770"},"modified":"2014-06-30T04:30:06","modified_gmt":"2014-06-30T04:30:06","slug":"urnapi-kormenet-v-procesii-sme-sprevadzali-oltarnu-sviatost","status":"publish","type":"post","link":"https:\/\/www.farakostolna.sk\/?p=1770","title":{"rendered":"V procesii sme sprev\u00e1dzali Olt\u00e1rnu sviatos\u0165 \/ \u00darnapi k\u00f6rmenet"},"content":{"rendered":"<p>\t\t\t\t<a href=\"http:\/\/kostolna.fara.sk\/wp-content\/uploads\/2014\/06\/140619-008.jpg\"><img loading=\"lazy\" decoding=\"async\" class=\"size-thumbnail wp-image-1781 alignleft\" alt=\"140619 008\" src=\"http:\/\/kostolna.fara.sk\/wp-content\/uploads\/2014\/06\/140619-008-150x150.jpg\" width=\"150\" height=\"150\" \/><\/a>Aj tento rok sme sa vybrali do ul\u00edc na\u0161ej farnosti, aby sme v\u00a0sl\u00e1vnostnej procesii sprev\u00e1dzali n\u00e1\u0161ho P\u00e1na pr\u00edtomn\u00e9ho medzi nami pod sp\u00f4sobom chleba.<\/p>\n<p><!--more--><\/p>\n<p>19. j\u00fana 2014\u00a0v Hrubom \u0160\u00fare sme sa u\u017e siedmykr\u00e1t mohli z\u00fa\u010dastni\u0165 na eucharistickej procesii pri pr\u00edle\u017eitosti Najsv\u00e4tej\u0161ieho Kristovho tela a\u00a0krvi. Po\u010das sv\u00e4tej om\u0161i, ktor\u00e1 predch\u00e1dzala procesii, p\u00e1n far\u00e1r Pavol Gajdo\u0161 zd\u00f4raznil, \u017ee dnes, ke\u010f sa to\u013eko zaober\u00e1me zdravou v\u00fd\u017eivou a\u00a0sledujeme zlo\u017eenie potrav\u00edn, aby sme si pred\u013a\u017eili n\u00e1\u0161 pozemsk\u00fd \u017eivot o\u00a0p\u00e1r rokov, nesmieme zab\u00fada\u0165 na\u00a0pokrm, ktor\u00fd n\u00e1m zabezpe\u010duje ve\u010dn\u00fd \u017eivot. Potom spomenul na sv. Tarz\u00edcia, ktor\u00fd polo\u017eil svoj mlad\u00fd \u017eivot za Eucharistiu, ke\u010f chr\u00e1nil sv\u00e4t\u00fa Hostiu vlastn\u00fdm telom.<\/p>\n<p>22. j\u00fana sa uskuto\u010dnila sl\u00e1vnostn\u00e1 procesia aj po sv\u00e4tej om\u0161i vo farskom kostole v\u00a0Kostolnej pri Dunaji, na ktorej sa z\u00fa\u010dastnili veriaci z\u00a0celej farnosti. Na z\u00e1ver procesie zaznel\u00a0<i>Te Deum<\/i>, ktor\u00fdm sme chv\u00e1lili n\u00e1\u0161ho P\u00e1na Boha. \u010eakujeme mu za kr\u00e1sne po\u010dasie, ktor\u00fdm n\u00e1s obdaril v\u00a0oboch obciach. Ve\u013ek\u00e1 v\u010faka patr\u00ed v\u0161etk\u00fdm organiz\u00e1torom a\u00a0pomocn\u00edkom.<\/p>\n<p><a title=\"Stavanie stankov HS\" href=\"https:\/\/plus.google.com\/u\/0\/photos\/113195793245664134546\/albums\/6031934750494749969\" target=\"_blank\" rel=\"noopener noreferrer\">Stavanie stankov H\u0160<\/a><\/p>\n<p><a title=\"Procesia Foto Hruby Sur\" href=\"https:\/\/plus.google.com\/u\/0\/photos\/113195793245664134546\/albums\/6031840159239597681\" target=\"_blank\" rel=\"noopener noreferrer\">Procesia Foto Hrub\u00fd \u0160ur<\/a><\/p>\n<p><a title=\"Foto Procesia KpD\" href=\"https:\/\/plus.google.com\/u\/0\/photos\/113195793245664134546\/albums\/6031926940320892049\" target=\"_blank\" rel=\"noopener noreferrer\">Procesia Foto Kostolna\/p Dunaji<\/a><\/p>\n<p>\u00darnapi k\u00f6rmenet keret\u00e9ben id\u00e9n is elk\u00eds\u00e9rt\u00fck az Olt\u00e1riszents\u00e9gben jelen l\u00e9v\u0151 \u00dar J\u00e9zust a falu utc\u00e1ira, hogy tan\u00fas\u00e1got tegy\u00fcnk a keny\u00e9r sz\u00edne alatt lakoz\u00f3 Isten\u00fcnkr\u0151l.<\/p>\n<p>Hegys\u00faron imm\u00e1r hetedik alkalommal vehett\u00fcnk r\u00e9szt k\u00f6rmeneten j\u00fanius 19-\u00e9n a cs\u00fct\u00f6rt\u00f6ki \u00farnapi szentmise ut\u00e1n. Pr\u00e9dik\u00e1ci\u00f3j\u00e1ban a Gajdo\u0161 P\u00e1l atya az \u00f6r\u00f6k \u00e9letet ad\u00f3 t\u00e1pl\u00e1l\u00e9kra h\u00edvta fel a figyelm\u00fcnket. Napjainkban, mikor akkora jelent\u0151s\u00e9get tulajdon\u00edtunk az eg\u00e9szs\u00e9ges t\u00e1pl\u00e1lkoz\u00e1snak, \u00e1ttanulm\u00e1nyozzuk az \u00e9lelmiszerek \u00f6sszetev\u0151it, hogy p\u00e1r \u00e9vvel meghosszabb\u00edtsuk f\u00f6ldi \u00e9let\u00fcnket, nem szabad megfeledkezn\u00fcnk az \u00f6r\u00f6k \u00e9letet ad\u00f3 Keny\u00e9rr\u0151l. Majd a pl\u00e9b\u00e1nos atya Szent Tarz\u00edciusz t\u00f6rt\u00e9net\u00e9t id\u00e9zte f\u00f6l, aki fiatal kora ellen\u00e9re \u00e9let\u00e9t adta, mik\u00f6zben test\u00e9vel a Szentosty\u00e1t v\u00e9delmezte.<\/p>\n<p>A j\u00f3 Isten gy\u00f6ny\u00f6r\u0171 id\u0151vel aj\u00e1nd\u00e9kozta meg a k\u00f6rmeneten sz\u00e9p sz\u00e1mban \u00f6sszegy\u0171lt h\u00edveket, szervez\u0151ket, szolg\u00e1latot teljes\u00edt\u0151ket \u00e9s a sz\u00e9pen feld\u00edsz\u00edtett olt\u00e1rok \u00fcgyes kez\u0171 k\u00e9sz\u00edt\u0151it.<\/p>\n<p>J\u00fanius 22-\u00e9n, vas\u00e1rnap Egyh\u00e1zf\u00e1n, a pl\u00e9b\u00e1niatemplomban bemutatott szentmise ut\u00e1n is sor ker\u00fclt \u00farnapi k\u00f6rmenetre, melyen az eg\u00e9sz pl\u00e9b\u00e1niak\u00f6zs\u00e9g h\u00edvei r\u00e9szt vettek. A templomba visszat\u00e9rve a felcsend\u00fcl\u0151\u00a0<i>Te Deum<\/i>mal dics\u0151\u00edtett\u00fck az Istent. H\u00e1l\u00e1t adunk Neki, hogy pl\u00e9b\u00e1niak\u00f6zs\u00e9g\u00fcnkben k\u00e9t k\u00f6rmenetet is tarthattunk az Eucharisztia tisztelet\u00e9re.\t\t\t\t<\/p>\n","protected":false},"excerpt":{"rendered":"<p>Aj tento rok sme sa vybrali do ul\u00edc na\u0161ej farnosti, aby sme v\u00a0sl\u00e1vnostnej procesii sprev\u00e1dzali n\u00e1\u0161ho P\u00e1na pr\u00edtomn\u00e9ho medzi nami pod sp\u00f4sobom chleba.<\/p>\n","protected":false},"author":1,"featured_media":1781,"comment_status":"closed","ping_status":"closed","sticky":false,"template":"","format":"standard","meta":{"footnotes":""},"categories":[6],"tags":[24],"class_list":{"0":"entry","1":"post","2":"publish","3":"author-marian-jasenoveceltras-sk","4":"has-excerpt","5":"has-more-link","6":"post-1770","8":"format-standard","9":"has-post-thumbnail","10":"category-aktuality-sk","11":"post_tag-aktuality"},"_links":{"self":[{"href":"https:\/\/www.farakostolna.sk\/index.php?rest_route=\/wp\/v2\/posts\/1770","targetHints":{"allow":["GET"]}}],"collection":[{"href":"https:\/\/www.farakostolna.sk\/index.php?rest_route=\/wp\/v2\/posts"}],"about":[{"href":"https:\/\/www.farakostolna.sk\/index.php?rest_route=\/wp\/v2\/types\/post"}],"author":[{"embeddable":true,"href":"https:\/\/www.farakostolna.sk\/index.php?rest_route=\/wp\/v2\/users\/1"}],"replies":[{"embeddable":true,"href":"https:\/\/www.farakostolna.sk\/index.php?rest_route=%2Fwp%2Fv2%2Fcomments&post=1770"}],"version-history":[{"count":0,"href":"https:\/\/www.farakostolna.sk\/index.php?rest_route=\/wp\/v2\/posts\/1770\/revisions"}],"wp:featuredmedia":[{"embeddable":true,"href":"https:\/\/www.farakostolna.sk\/index.php?rest_route=\/"}],"wp:attachment":[{"href":"https:\/\/www.farakostolna.sk\/index.php?rest_route=%2Fwp%2Fv2%2Fmedia&parent=1770"}],"wp:term":[{"taxonomy":"category","embeddable":true,"href":"https:\/\/www.farakostolna.sk\/index.php?rest_route=%2Fwp%2Fv2%2Fcategories&post=1770"},{"taxonomy":"post_tag","embeddable":true,"href":"https:\/\/www.farakostolna.sk\/index.php?rest_route=%2Fwp%2Fv2%2Ftags&post=1770"}],"curies":[{"name":"wp","href":"https:\/\/api.w.org\/{rel}","templated":true}]}}