{"id":1746,"date":"2014-06-06T20:23:03","date_gmt":"2014-06-06T20:23:03","guid":{"rendered":"http:\/\/kostolna.fara.sk\/?p=1746"},"modified":"2014-06-06T20:23:03","modified_gmt":"2014-06-06T20:23:03","slug":"put-do-medjugorje-2014","status":"publish","type":"post","link":"https:\/\/www.farakostolna.sk\/?p=1746","title":{"rendered":"P\u00fa\u0165 do Medjugorje 2014"},"content":{"rendered":"<p>\t\t\t\t<a href=\"http:\/\/kostolna.fara.sk\/wp-content\/uploads\/2014\/06\/DSCN7360.jpg\"><img loading=\"lazy\" decoding=\"async\" class=\"size-thumbnail wp-image-1748 alignleft\" alt=\"DSCN7360\" src=\"http:\/\/kostolna.fara.sk\/wp-content\/uploads\/2014\/06\/DSCN7360-150x150.jpg\" width=\"150\" height=\"150\"><\/a>V&nbsp;\u010dase od 26. \u2013 31. 5. 2014 sa vybrali p\u00fatnici na p\u00fa\u0165 do Med\u017eugoria. O&nbsp;prepravu sa postarala<\/p>\n<p>Cestovn\u00e1 kancel\u00e1ria Kri\u0161tof&nbsp; Tour. V\u00fdborne naladen\u00ed \u013eudia pln\u00ed o\u010dak\u00e1vania z&nbsp;r\u00f4znych k\u00fatov Slovenska.<\/p>\n<p><!--more-->Sprievodcu n\u00e1m robil p\u00e1n far\u00e1r Mgr. Pavol Gajdo\u0161&nbsp; z&nbsp;Kostolnej pri Dunaji. Cesta ubiehala v\u00fdborne, bez probl\u00e9mov. Po\u010das cesty sa modlilo, spievalo, meditovalo, rozpr\u00e1valo, posp\u00e1valo. Nad r\u00e1nom, okolo piatej hodiny sme spozorovali ligotav\u00fd Jadran \u2013 Makarsk\u00e1 rivi\u00e9ra \u2013 prv\u00e1 ve\u013ek\u00e1 prest\u00e1vka bola pr\u00e1ve tu a&nbsp;zasl\u00fa\u017een\u00e1. Po ra\u0148aj\u0161ej hygiene nasledovala sv. om\u0161a&nbsp; v&nbsp;jaskyni . Po ra\u0148ajk\u00e1ch z&nbsp;vlastn\u00fdch z\u00e1sob&nbsp; a&nbsp;po kr\u00e1tkom oddychu cesta na pl\u00e1\u017e bli\u017e\u0161ie k&nbsp;moru. Tu sme pobudli do poobed\u0148aj\u0161\u00edch hod\u00edn. Samozrejme sme sa k\u00fapali v&nbsp;mori, opa\u013eovali sa, poprech\u00e1dzali sa &nbsp;po pobre\u017e\u00ed, obedovali v\u00fdborn\u00e9 morsk\u00e9 \u0161peciality.<\/p>\n<p>Potom nasledovala cesta na ubytovanie, ktor\u00e9 bolo v strede Med\u017eugoria. S&nbsp; ubytovan\u00edm sme boli spokojn\u00ed. Izby po dvoch, po \u0161tyroch. Po ubytovan\u00ed ve\u010dern\u00e1 sv\u00e4t\u00e1 om\u0161a, prv\u00e9 zozn\u00e1menie s&nbsp;okol\u00edm a&nbsp;po\u010fakovanie za \u0161\u0165astn\u00fd pr\u00edchod.<\/p>\n<p>Druh\u00fd de\u0148 v&nbsp;skor\u00fdch rann\u00fdch hodin\u00e1ch sme putovali &nbsp;za Vickou, ktor\u00e1&nbsp; podala svedectvo&nbsp; o &nbsp;Panne M\u00e1rii.<\/p>\n<p>Posolstv\u00e1 z&nbsp;Med\u017eugoria:&nbsp; 1. Modlitba ru\u017eenca \u2013 modlitba srdcom, 2. Eucharistia, 3. Sv\u00e4t\u00e9 p\u00edsmo, 4. p\u00f4st , 5. mesa\u010dn\u00e1 spove\u010f.<\/p>\n<p>Vizion\u00e1ri sa p\u00fdtali panny M\u00e1rie, pre\u010do sa m\u00e1me to\u013eko modli\u0165 a&nbsp;posti\u0165: Panna M\u00e1ria odpoved\u00e1, \u017ee sa m\u00e1me pozrie\u0165 na svet okolo seba a&nbsp;\u017ee si uvedom\u00edme, ko\u013eko tento svet potrebuje modlitby. Tie\u017e hovor\u00ed, \u017ee modlitba a&nbsp;p\u00f4st, m\u00f4\u017eu odvr\u00e1ti\u0165 mnoh\u00e9 pr\u00edrodn\u00e9 katastrofy a&nbsp;vojny , ktor\u00e9 maj\u00fa pr\u00eds\u0165 na tento svet.<\/p>\n<p>Potom nasledovala kr\u00ed\u017eov\u00e1 cesta na Podbrdo a&nbsp;Kri\u017eevac. Stretli&nbsp; sme sa&nbsp; tu p\u00fatnici z&nbsp;r\u00f4znych k\u00fatov sveta. Pekn\u00e9 na tom bolo to, \u017ee ka\u017ed\u00fd sa modlil modlitby vo svojej re\u010di a&nbsp;niektor\u00e9 &nbsp;piesne sa&nbsp; spievali spolo\u010dne. Kla\u0148ali sme sa Ukri\u017eovan\u00e9mu a&nbsp;prosili Nebesk\u00fa Pannu,&nbsp; ka\u017ed\u00fd pod\u013ea svojho uv\u00e1\u017eenia.<\/p>\n<p>Nav\u0161t\u00edvili sme komunitu Cenacolo, absolvovali sme sv\u00e4t\u00e9 om\u0161e pod hol\u00fdm nebom \u2013 sviatok Nanebovst\u00fapenie P\u00e1na, slovensk\u00fa sv. om\u0161u&nbsp; v&nbsp;miestnej kaplnke. Med\u017eugorie je spovednicou sveta. Po\u010das sv\u00e4tej om\u0161e tam&nbsp; p\u00e4\u0165sto k\u0148azov sl\u00fa\u017ei sv\u00e4t\u00fa om\u0161u a&nbsp;\u010fal\u0161\u00edch vy\u0161e sto spoved\u00e1. K\u0148azi zd\u00f4raz\u0148ovali, aby s&nbsp;Med\u017eugoria nikto neodch\u00e1dzal bez sv\u00e4tej spovede.<\/p>\n<p>Plni\u0165 posolstv\u00e1 Panny M\u00e1rie m\u00f4\u017ee by\u0165 pre n\u00e1s v&nbsp;\u017eivote n\u00e1ro\u010dn\u00e9, mali by sme sa ich usilova\u0165 v\u017edy plni\u0165 zo srdca.<\/p>\n<p>Nastal \u010das rozl\u00fa\u010dky, balenie, posledn\u00e1 sv. om\u0161a, cesta na Makarsk\u00fa rivi\u00e9ru, k\u00fapanie v&nbsp;mori, opa\u013eovanie. V no\u010dn\u00fdch hodin\u00e1ch sme cestovali domov. Pln\u00fd z\u00e1\u017eitkov, dojmov, nov\u00fdch priate\u013estiev. Mierne unaven\u00ed sme v&nbsp;rann\u00fdch hodin\u00e1ch dorazili do Kostolnej pri Dunaji. Odtia\u013e v\u0161etci do svojich domovov.<\/p>\n<p>Ver\u00edm, \u017ee sa mi e\u0161te niekedy podar\u00ed t\u00fato p\u00fa\u0165 absolvova\u0165.<\/p>\n<p>&nbsp;<\/p>\n<p>Nech vymizne v\u0161etka nen\u00e1vis\u0165<\/p>\n<p>medzi \u013eu\u010fmi.<\/p>\n<p>Prejav n\u00e1m svoju l\u00e1sku!<\/p>\n<p>V\u0161etci \u0165a milujeme a&nbsp;t\u00fa\u017eime po tom,<\/p>\n<p>aby si n\u00e1s svoj\u00edm Srdcom pastiera<\/p>\n<p>ochra\u0148oval pred hriechom.<\/p>\n<p><a title=\"Fotky\" href=\"https:\/\/plus.google.com\/u\/0\/photos\/113195793245664134546\/albums\/6021720366491103057\" target=\"_blank\" rel=\"noopener noreferrer\">Fotky<\/a><\/p>\n<p>&nbsp;<\/p>\n<p>&nbsp;\t\t\t\t<\/p>\n","protected":false},"excerpt":{"rendered":"<p>V&nbsp;\u010dase od 26. \u2013 31. 5. 2014 sa vybrali p\u00fatnici na p\u00fa\u0165 do Med\u017eugoria. O&nbsp;prepravu sa postarala Cestovn\u00e1 kancel\u00e1ria Kri\u0161tof&nbsp; Tour. V\u00fdborne naladen\u00ed \u013eudia pln\u00ed o\u010dak\u00e1vania z&nbsp;r\u00f4znych k\u00fatov Slovenska.<\/p>\n","protected":false},"author":1,"featured_media":1748,"comment_status":"closed","ping_status":"closed","sticky":false,"template":"","format":"standard","meta":{"footnotes":""},"categories":[5],"tags":[24],"class_list":{"0":"entry","1":"post","2":"publish","3":"author-marian-jasenoveceltras-sk","4":"has-excerpt","5":"has-more-link","6":"post-1746","8":"format-standard","9":"has-post-thumbnail","10":"category-aktuality","11":"post_tag-aktuality"},"_links":{"self":[{"href":"https:\/\/www.farakostolna.sk\/index.php?rest_route=\/wp\/v2\/posts\/1746","targetHints":{"allow":["GET"]}}],"collection":[{"href":"https:\/\/www.farakostolna.sk\/index.php?rest_route=\/wp\/v2\/posts"}],"about":[{"href":"https:\/\/www.farakostolna.sk\/index.php?rest_route=\/wp\/v2\/types\/post"}],"author":[{"embeddable":true,"href":"https:\/\/www.farakostolna.sk\/index.php?rest_route=\/wp\/v2\/users\/1"}],"replies":[{"embeddable":true,"href":"https:\/\/www.farakostolna.sk\/index.php?rest_route=%2Fwp%2Fv2%2Fcomments&post=1746"}],"version-history":[{"count":0,"href":"https:\/\/www.farakostolna.sk\/index.php?rest_route=\/wp\/v2\/posts\/1746\/revisions"}],"wp:featuredmedia":[{"embeddable":true,"href":"https:\/\/www.farakostolna.sk\/index.php?rest_route=\/"}],"wp:attachment":[{"href":"https:\/\/www.farakostolna.sk\/index.php?rest_route=%2Fwp%2Fv2%2Fmedia&parent=1746"}],"wp:term":[{"taxonomy":"category","embeddable":true,"href":"https:\/\/www.farakostolna.sk\/index.php?rest_route=%2Fwp%2Fv2%2Fcategories&post=1746"},{"taxonomy":"post_tag","embeddable":true,"href":"https:\/\/www.farakostolna.sk\/index.php?rest_route=%2Fwp%2Fv2%2Ftags&post=1746"}],"curies":[{"name":"wp","href":"https:\/\/api.w.org\/{rel}","templated":true}]}}